{"id":82353,"date":"2023-04-14T21:04:12","date_gmt":"2023-04-15T00:04:12","guid":{"rendered":"https:\/\/www.centraldenoticias.com.ar\/?p=82353"},"modified":"2023-04-14T21:04:12","modified_gmt":"2023-04-15T00:04:12","slug":"el-partido-justicialista-de-olavarria-reinaugura-su-sede-y-lanza-una-campana-de-afiliacion-masiva","status":"publish","type":"post","link":"https:\/\/cdnoticias.com\/index.php\/2023\/04\/14\/el-partido-justicialista-de-olavarria-reinaugura-su-sede-y-lanza-una-campana-de-afiliacion-masiva\/","title":{"rendered":"El Partido Justicialista de Olavarr\u00eda reinaugura su sede y lanza una campa\u00f1a de afiliaci\u00f3n masiva"},"content":{"rendered":"<p>El acto ser\u00e1 el jueves 20 de abril a las 19 horas. La convocatoria es abierta a toda la comunidad. <!--more--><\/p>\n<hr \/>\n<p>El <strong>Partido Justicialista de Olavarr\u00eda<\/strong> presidido por<strong> Federico Aguilera<\/strong> invita a participar del <strong>acto de reinauguraci\u00f3n de su sede<\/strong> ubicada en <strong>Coronel Su\u00e1rez 2423.<\/strong><\/p>\n<p>&nbsp;<\/p>\n<p>El acto abierto a toda la comunidad tendr\u00e1 lugar el j<strong>ueves 20 de abril a las 19 horas.<\/strong><\/p>\n<p>&nbsp;<\/p>\n<p>Durante la jornada, adem\u00e1s de la reapertura del local, el PJ Olavarr\u00eda <strong>lanzar\u00e1 una campa\u00f1a de afiliaci\u00f3n masiva<\/strong> en l\u00ednea con la iniciativa emprendida por el PJ a nivel provincial.<\/p>\n","protected":false},"excerpt":{"rendered":"<p>El acto ser\u00e1 el jueves 20 de abril a las 19 horas. La convocatoria es abierta a toda la comunidad.<\/p>\n","protected":false},"author":6,"featured_media":82354,"comment_status":"closed","ping_status":"closed","sticky":false,"template":"","format":"standard","meta":{"_jetpack_memberships_contains_paid_content":false,"footnotes":""},"categories":[4,1],"tags":[],"class_list":["post-82353","post","type-post","status-publish","format-standard","has-post-thumbnail","hentry","category-politica","category-portada"],"jetpack_featured_media_url":"https:\/\/i0.wp.com\/cdnoticias.com\/wp-content\/uploads\/2023\/04\/WhatsApp-Image-2023-04-14-at-13.30.50.jpeg?fit=1600%2C1600&ssl=1","jetpack_sharing_enabled":true,"_links":{"self":[{"href":"https:\/\/cdnoticias.com\/index.php\/wp-json\/wp\/v2\/posts\/82353","targetHints":{"allow":["GET"]}}],"collection":[{"href":"https:\/\/cdnoticias.com\/index.php\/wp-json\/wp\/v2\/posts"}],"about":[{"href":"https:\/\/cdnoticias.com\/index.php\/wp-json\/wp\/v2\/types\/post"}],"author":[{"embeddable":true,"href":"https:\/\/cdnoticias.com\/index.php\/wp-json\/wp\/v2\/users\/6"}],"replies":[{"embeddable":true,"href":"https:\/\/cdnoticias.com\/index.php\/wp-json\/wp\/v2\/comments?post=82353"}],"version-history":[{"count":0,"href":"https:\/\/cdnoticias.com\/index.php\/wp-json\/wp\/v2\/posts\/82353\/revisions"}],"wp:featuredmedia":[{"embeddable":true,"href":"https:\/\/cdnoticias.com\/index.php\/wp-json\/wp\/v2\/media\/82354"}],"wp:attachment":[{"href":"https:\/\/cdnoticias.com\/index.php\/wp-json\/wp\/v2\/media?parent=82353"}],"wp:term":[{"taxonomy":"category","embeddable":true,"href":"https:\/\/cdnoticias.com\/index.php\/wp-json\/wp\/v2\/categories?post=82353"},{"taxonomy":"post_tag","embeddable":true,"href":"https:\/\/cdnoticias.com\/index.php\/wp-json\/wp\/v2\/tags?post=82353"}],"curies":[{"name":"wp","href":"https:\/\/api.w.org\/{rel}","templated":true}]}}