{"id":82309,"date":"2023-04-14T12:05:39","date_gmt":"2023-04-14T15:05:39","guid":{"rendered":"https:\/\/www.centraldenoticias.com.ar\/?p=82309"},"modified":"2023-04-14T12:05:39","modified_gmt":"2023-04-14T15:05:39","slug":"cecilia-moreau-la-ley-lucio-es-un-paso-importantisimo-para-nuestro-pais","status":"publish","type":"post","link":"https:\/\/cdnoticias.com\/index.php\/2023\/04\/14\/cecilia-moreau-la-ley-lucio-es-un-paso-importantisimo-para-nuestro-pais\/","title":{"rendered":"Cecilia Moreau: \u201cla ley Lucio es un paso important\u00edsimo para nuestro pa\u00eds\u201d"},"content":{"rendered":"<p>La titular de la C\u00e1mara baja celebr\u00f3 la aprobaci\u00f3n de la ley que busca capacitar a la ciudadan\u00eda contra la violencia a ni\u00f1os y adolescentes.<!--more--><\/p>\n<hr \/>\n<p>La <strong>Presidenta de la C\u00e1mara de Diputados, Cecilia Moreau<\/strong>, celebr\u00f3 la aprobaci\u00f3n de la ley Lucio y se\u00f1al\u00f3 que \u201ces un paso important\u00edsimo para cuidar las infancias\u201d y agreg\u00f3 que <strong>\u201ctiene un fuerte componente en la lucha incansable que mantuvieron los abuelos de Lucio Dupuy\u201d.<\/strong><\/p>\n<p>&nbsp;<\/p>\n<p>En ese sentido, dijo adem\u00e1s que \u201choy fue un d\u00eda muy importante para el pa\u00eds porque <strong>el Senado logr\u00f3 convertir en ley temas vitales para la sociedad, que antes trabajamos en Diputados,<\/strong> tales como Alcohol Cero, fortalecimiento de la Justicia Federal en Santa Fe, Lenguaje de Se\u00f1as, entre otros, hay que trabajar en esos temas desde el lugar que nos toca\u201d.<\/p>\n<p>&nbsp;<\/p>\n<p>Consultada sobre el trabajo parlamentario en la C\u00e1mara baja, Moreau sostuvo que \u201cse est\u00e1 dialogando con todos los bloques los temas para convocar una sesi\u00f3n. <strong>Pubertad precoz, diagnostico humanizado y Universidades son temas que nos demanda la gente,<\/strong> muchos tambi\u00e9n son proyectos de dirigentes de la oposici\u00f3n que con consenso trabajamos juntos porque el camino es el di\u00e1logo\u201d.<\/p>\n<p>&nbsp;<\/p>\n<blockquote><p>Asimismo, indic\u00f3 que \u201caquellos que dicen \u2018no me siento a dialogar con el otro porque piensa distinto\u2019 deber\u00edan tener un llamado de atenci\u00f3n de toda la sociedad porque los dirigentes pol\u00edticos tenemos que ser responsables en lo que decimos y c\u00f3mo lo hacemos\u201d.<\/p><\/blockquote>\n<p>&nbsp;<\/p>\n<p>La titular de la C\u00e1mara baja expres\u00f3 tambi\u00e9n que \u201cnos tiene que concentrar <strong>c\u00f3mo resolvemos los problemas de la gente y no lo discursos de odio<\/strong> que se est\u00e1n generando porque se crea un clima de violencia que no ayuda a impulsar a la Argentina\u201d.<\/p>\n<p>&nbsp;<\/p>\n","protected":false},"excerpt":{"rendered":"<p>La titular de la C\u00e1mara baja celebr\u00f3 la aprobaci\u00f3n de la ley que busca capacitar a la ciudadan\u00eda contra la<\/p>\n","protected":false},"author":5,"featured_media":82310,"comment_status":"closed","ping_status":"closed","sticky":false,"template":"","format":"standard","meta":{"_jetpack_memberships_contains_paid_content":false,"footnotes":""},"categories":[6,1],"tags":[],"class_list":["post-82309","post","type-post","status-publish","format-standard","has-post-thumbnail","hentry","category-nacionales","category-portada"],"jetpack_featured_media_url":"https:\/\/i0.wp.com\/cdnoticias.com\/wp-content\/uploads\/2023\/04\/cecilia-moreau.jpg?fit=1600%2C890&ssl=1","jetpack_sharing_enabled":true,"_links":{"self":[{"href":"https:\/\/cdnoticias.com\/index.php\/wp-json\/wp\/v2\/posts\/82309","targetHints":{"allow":["GET"]}}],"collection":[{"href":"https:\/\/cdnoticias.com\/index.php\/wp-json\/wp\/v2\/posts"}],"about":[{"href":"https:\/\/cdnoticias.com\/index.php\/wp-json\/wp\/v2\/types\/post"}],"author":[{"embeddable":true,"href":"https:\/\/cdnoticias.com\/index.php\/wp-json\/wp\/v2\/users\/5"}],"replies":[{"embeddable":true,"href":"https:\/\/cdnoticias.com\/index.php\/wp-json\/wp\/v2\/comments?post=82309"}],"version-history":[{"count":0,"href":"https:\/\/cdnoticias.com\/index.php\/wp-json\/wp\/v2\/posts\/82309\/revisions"}],"wp:featuredmedia":[{"embeddable":true,"href":"https:\/\/cdnoticias.com\/index.php\/wp-json\/wp\/v2\/media\/82310"}],"wp:attachment":[{"href":"https:\/\/cdnoticias.com\/index.php\/wp-json\/wp\/v2\/media?parent=82309"}],"wp:term":[{"taxonomy":"category","embeddable":true,"href":"https:\/\/cdnoticias.com\/index.php\/wp-json\/wp\/v2\/categories?post=82309"},{"taxonomy":"post_tag","embeddable":true,"href":"https:\/\/cdnoticias.com\/index.php\/wp-json\/wp\/v2\/tags?post=82309"}],"curies":[{"name":"wp","href":"https:\/\/api.w.org\/{rel}","templated":true}]}}