{"id":82301,"date":"2023-04-14T09:26:27","date_gmt":"2023-04-14T12:26:27","guid":{"rendered":"https:\/\/www.centraldenoticias.com.ar\/?p=82301"},"modified":"2023-04-14T11:57:04","modified_gmt":"2023-04-14T14:57:04","slug":"protesta-de-los-trabajadores-de-camuzzi-no-hay-atencion-en-las-oficinas","status":"publish","type":"post","link":"https:\/\/cdnoticias.com\/index.php\/2023\/04\/14\/protesta-de-los-trabajadores-de-camuzzi-no-hay-atencion-en-las-oficinas\/","title":{"rendered":"Protesta de los trabajadores de Camuzzi: no hay atenci\u00f3n en las oficinas"},"content":{"rendered":"<p>Los afiliados a Stigas participan este viernes de una manifestaci\u00f3n en CABA por la cobertura de salud: \u201cla empresa discrimina a los trabajadores convencionados\u201d sostuvieron.<\/p>\n<p><!--more--><\/p>\n<hr \/>\n<p>Los integrantes del <strong>Sindicato de Trabajadores de la Industria del Gas, Derivados y Afines (Stigas) de la seccional Bah\u00eda Blanca<\/strong>, que incluye a Olavarr\u00eda, definieron una medida de protesta que<strong> dej\u00f3 sin atenci\u00f3n a las oficinas de Camuzzi en la ma\u00f1ana de este viernes<\/strong>.<\/p>\n<p>&nbsp;<\/p>\n<p>Se adelant\u00f3 que los empleados <strong>participan de una manifestaci\u00f3n en CABA<\/strong> en reclamo por el <strong>servicio de salud<\/strong> al que acceden. Cabe recordar que <strong>el mes pasado hubo una protesta en Olavarr\u00eda por este mismo reclamo<\/strong>. <a href=\"https:\/\/cdnoticias.com\/index.php\/2023\/03\/06\/sorpresiva-e-importante-manifestacion-de-trabajadores-de-stigas-en-la-prepaga-galeno\/\" target=\"_blank\" rel=\"noopener\">Tuvo lugar frente a las puertas de la prepaga Galeno, en Alsina y San Mart\u00edn<\/a>.<\/p>\n<p>&nbsp;<\/p>\n<blockquote><p>\u201cLos compa\u00f1eros afiliados al Sindicato de los Trabajadores de la Industria del Gas de Bah\u00eda Blanca, La Pampa y Rio Negro, pertenecientes a la empresa Camuzzi han decidido en asamblea ir a una medida de fuerza el d\u00eda 14 de abril, en todo el \u00e1mbito de la representaci\u00f3n del sindicato para dicha empresa\u201d se inform\u00f3 a trav\u00e9s de un comunicado de Stigas.<\/p><\/blockquote>\n<p>&nbsp;<\/p>\n<p>Se explic\u00f3 que \u201cla medida en primer lugar es consecuencia de la <strong>negativa de la empresa en solucionar la situaci\u00f3n del servicio de salud de los trabajadores<\/strong>, donde se han registrado cortes en la atenci\u00f3n y prestaciones m\u00e9dicas, que han puesto y siguen poniendo en peligro la vida de las compa\u00f1eras y compa\u00f1eros\u201d.<\/p>\n<p>&nbsp;<\/p>\n<p>\u201cEsta situaci\u00f3n a\u00fan es m\u00e1s grave cuando vemos que <strong>la empresa discrimina a los trabajadores convencionados<\/strong> de los jer\u00e1rquicos o fuera de convenio, que les dan un servicio de salud superador y sin inconvenientes\u201d se ampli\u00f3 sobre el reclamo de Stigas.<\/p>\n<p>&nbsp;<\/p>\n<p>El panorama para los trabajadores de Stigas suma adem\u00e1s varios puntos de reclamo. <strong>\u201cNos encontramos con una paritaria frenada y la negativa constante de la empresa en avanzar en puntos convencionales<\/strong>, que llevan a\u00f1os de tratamiento sin resultados positivos, lo que impide lograr condiciones justas de trabajo adem\u00e1s de ser una alternativa de recomponer los salarios de los trabajadores, que solo por conveniencia de la empresa, somos declarados esenciales solo para su propio beneficio\u201d agregaron.<\/p>\n<p>&nbsp;<\/p>\n<blockquote class=\"instagram-media\" style=\"background: #FFF; border: 0; border-radius: 3px; box-shadow: 0 0 1px 0 rgba(0,0,0,0.5),0 1px 10px 0 rgba(0,0,0,0.15); margin: 1px; max-width: 540px; min-width: 326px; padding: 0; width: calc(100% - 2px);\" data-instgrm-captioned=\"\" data-instgrm-permalink=\"https:\/\/www.instagram.com\/reel\/CrBI45iAW9_\/?utm_source=ig_embed&amp;utm_campaign=loading\" data-instgrm-version=\"14\">\n<div style=\"padding: 16px;\">\n<p>&nbsp;<\/p>\n<div style=\"display: flex; flex-direction: row; align-items: center;\">\n<div style=\"background-color: #f4f4f4; border-radius: 50%; flex-grow: 0; height: 40px; margin-right: 14px; width: 40px;\"><\/div>\n<div style=\"display: flex; flex-direction: column; flex-grow: 1; justify-content: center;\">\n<div style=\"background-color: #f4f4f4; border-radius: 4px; flex-grow: 0; height: 14px; margin-bottom: 6px; width: 100px;\"><\/div>\n<div style=\"background-color: #f4f4f4; border-radius: 4px; flex-grow: 0; height: 14px; width: 60px;\"><\/div>\n<\/div>\n<\/div>\n<div style=\"padding: 19% 0;\"><\/div>\n<div style=\"display: block; height: 50px; margin: 0 auto 12px; width: 50px;\"><\/div>\n<div style=\"padding-top: 8px;\">\n<div style=\"color: #3897f0; font-family: Arial,sans-serif; font-size: 14px; font-style: normal; font-weight: 550; line-height: 18px;\">Ver esta publicaci\u00f3n en Instagram<\/div>\n<\/div>\n<div style=\"padding: 12.5% 0;\"><\/div>\n<div style=\"display: flex; flex-direction: row; margin-bottom: 14px; align-items: center;\">\n<div>\n<div style=\"background-color: #f4f4f4; border-radius: 50%; height: 12.5px; width: 12.5px; transform: translateX(0px) translateY(7px);\"><\/div>\n<div style=\"background-color: #f4f4f4; height: 12.5px; transform: rotate(-45deg) translateX(3px) translateY(1px); width: 12.5px; flex-grow: 0; margin-right: 14px; margin-left: 2px;\"><\/div>\n<div style=\"background-color: #f4f4f4; border-radius: 50%; height: 12.5px; width: 12.5px; transform: translateX(9px) translateY(-18px);\"><\/div>\n<\/div>\n<div style=\"margin-left: 8px;\">\n<div style=\"background-color: #f4f4f4; border-radius: 50%; flex-grow: 0; height: 20px; width: 20px;\"><\/div>\n<div style=\"width: 0; height: 0; border-top: 2px solid transparent; border-left: 6px solid #f4f4f4; border-bottom: 2px solid transparent; transform: translateX(16px) translateY(-4px) rotate(30deg);\"><\/div>\n<\/div>\n<div style=\"margin-left: auto;\">\n<div style=\"width: 0px; border-top: 8px solid #F4F4F4; border-right: 8px solid transparent; transform: translateY(16px);\"><\/div>\n<div style=\"background-color: #f4f4f4; flex-grow: 0; height: 12px; width: 16px; transform: translateY(-4px);\"><\/div>\n<div style=\"width: 0; height: 0; border-top: 8px solid #F4F4F4; border-left: 8px solid transparent; transform: translateY(-4px) translateX(8px);\"><\/div>\n<\/div>\n<\/div>\n<div style=\"display: flex; flex-direction: column; flex-grow: 1; justify-content: center; margin-bottom: 24px;\">\n<div style=\"background-color: #f4f4f4; border-radius: 4px; flex-grow: 0; height: 14px; margin-bottom: 6px; width: 224px;\"><\/div>\n<div style=\"background-color: #f4f4f4; border-radius: 4px; flex-grow: 0; height: 14px; width: 144px;\"><\/div>\n<\/div>\n<p>&nbsp;<\/p>\n<p style=\"color: #c9c8cd; font-family: Arial,sans-serif; font-size: 14px; line-height: 17px; margin-bottom: 0; margin-top: 8px; overflow: hidden; padding: 8px 0 7px; text-align: center; text-overflow: ellipsis; white-space: nowrap;\"><a style=\"color: #c9c8cd; font-family: Arial,sans-serif; font-size: 14px; font-style: normal; font-weight: normal; line-height: 17px; text-decoration: none;\" href=\"https:\/\/www.instagram.com\/reel\/CrBI45iAW9_\/?utm_source=ig_embed&amp;utm_campaign=loading\" target=\"_blank\" rel=\"noopener\">Una publicaci\u00f3n compartida por Central de Noticias Olavarr\u00eda (@cdnolavarria)<\/a><\/p>\n<\/div>\n<\/blockquote>\n<p><script async src=\"\/\/www.instagram.com\/embed.js\"><\/script><\/p>\n<p>&nbsp;<\/p>\n","protected":false},"excerpt":{"rendered":"<p>Los afiliados a Stigas participan este viernes de una manifestaci\u00f3n en CABA por la cobertura de salud: \u201cla empresa discrimina<\/p>\n","protected":false},"author":4,"featured_media":78715,"comment_status":"closed","ping_status":"closed","sticky":false,"template":"","format":"standard","meta":{"_jetpack_memberships_contains_paid_content":false,"footnotes":""},"categories":[5,1],"tags":[],"class_list":["post-82301","post","type-post","status-publish","format-standard","has-post-thumbnail","hentry","category-informacion-general","category-portada"],"jetpack_featured_media_url":"https:\/\/i0.wp.com\/cdnoticias.com\/wp-content\/uploads\/2023\/03\/WhatsApp-Image-2023-03-06-at-15.48.48.jpeg?fit=1599%2C1066&ssl=1","jetpack_sharing_enabled":true,"_links":{"self":[{"href":"https:\/\/cdnoticias.com\/index.php\/wp-json\/wp\/v2\/posts\/82301","targetHints":{"allow":["GET"]}}],"collection":[{"href":"https:\/\/cdnoticias.com\/index.php\/wp-json\/wp\/v2\/posts"}],"about":[{"href":"https:\/\/cdnoticias.com\/index.php\/wp-json\/wp\/v2\/types\/post"}],"author":[{"embeddable":true,"href":"https:\/\/cdnoticias.com\/index.php\/wp-json\/wp\/v2\/users\/4"}],"replies":[{"embeddable":true,"href":"https:\/\/cdnoticias.com\/index.php\/wp-json\/wp\/v2\/comments?post=82301"}],"version-history":[{"count":0,"href":"https:\/\/cdnoticias.com\/index.php\/wp-json\/wp\/v2\/posts\/82301\/revisions"}],"wp:featuredmedia":[{"embeddable":true,"href":"https:\/\/cdnoticias.com\/index.php\/wp-json\/wp\/v2\/media\/78715"}],"wp:attachment":[{"href":"https:\/\/cdnoticias.com\/index.php\/wp-json\/wp\/v2\/media?parent=82301"}],"wp:term":[{"taxonomy":"category","embeddable":true,"href":"https:\/\/cdnoticias.com\/index.php\/wp-json\/wp\/v2\/categories?post=82301"},{"taxonomy":"post_tag","embeddable":true,"href":"https:\/\/cdnoticias.com\/index.php\/wp-json\/wp\/v2\/tags?post=82301"}],"curies":[{"name":"wp","href":"https:\/\/api.w.org\/{rel}","templated":true}]}}