{"id":82277,"date":"2023-04-17T08:10:21","date_gmt":"2023-04-17T11:10:21","guid":{"rendered":"https:\/\/www.centraldenoticias.com.ar\/?p=82277"},"modified":"2023-04-17T08:10:21","modified_gmt":"2023-04-17T11:10:21","slug":"el-centro-de-jubilados-y-pensionados-cambia-su-horario-de-atencion","status":"publish","type":"post","link":"https:\/\/cdnoticias.com\/index.php\/2023\/04\/17\/el-centro-de-jubilados-y-pensionados-cambia-su-horario-de-atencion\/","title":{"rendered":"El Centro de Jubilados y Pensionados cambia su horario de atenci\u00f3n"},"content":{"rendered":"<p>Ser\u00e1 a partir del martes 18 de abril. La sede est\u00e1 ubicada en la calle Rivadavia 1935.<!--more--><\/p>\n<hr \/>\n<p>El <strong>Centro de Jubilados y Pensionados Municipales de Olavarr\u00eda<\/strong> comunica a sus asociados y a la comunidad en general que a partir de la pr\u00f3xima semana<strong> cambiar\u00e1 su horario de atenci\u00f3n.<\/strong><\/p>\n<p>&nbsp;<\/p>\n<p>Desde el <strong>martes 18<\/strong> de abril, la sede ubicada en calle<strong> Rivadavia 1935<\/strong> tendr\u00e1 sus puertas abiertas los d\u00edas<strong> martes y jueves en el horario de 10 a 12:30.<\/strong><\/p>\n<p>&nbsp;<\/p>\n<p>Adem\u00e1s, se agreg\u00f3 que el Centro desarrolla una intensa actividad: Taller de folclore en marcha, viajes en carpeta, tertulias, encuentros, descuentos en comercios, importantes beneficios en el \u00e1rea de salud para sus asociados, adem\u00e1s de otros proyectos en carpeta que se dar\u00e1n a conocer pr\u00f3ximamente.<\/p>\n<p>&nbsp;<\/p>\n<p>Los jubilados y pensionados municipales que deseen asociarse podr\u00e1n acercarse en los d\u00edas y horarios mencionados.<\/p>\n<p>&nbsp;<\/p>\n","protected":false},"excerpt":{"rendered":"<p>Ser\u00e1 a partir del martes 18 de abril. La sede est\u00e1 ubicada en la calle Rivadavia 1935.<\/p>\n","protected":false},"author":6,"featured_media":53702,"comment_status":"closed","ping_status":"closed","sticky":false,"template":"","format":"standard","meta":{"_jetpack_memberships_contains_paid_content":false,"footnotes":""},"categories":[5,1],"tags":[],"class_list":["post-82277","post","type-post","status-publish","format-standard","has-post-thumbnail","hentry","category-informacion-general","category-portada"],"jetpack_featured_media_url":"https:\/\/i0.wp.com\/cdnoticias.com\/wp-content\/uploads\/2022\/05\/stmo1.jpg?fit=1997%2C991&ssl=1","jetpack_sharing_enabled":true,"_links":{"self":[{"href":"https:\/\/cdnoticias.com\/index.php\/wp-json\/wp\/v2\/posts\/82277","targetHints":{"allow":["GET"]}}],"collection":[{"href":"https:\/\/cdnoticias.com\/index.php\/wp-json\/wp\/v2\/posts"}],"about":[{"href":"https:\/\/cdnoticias.com\/index.php\/wp-json\/wp\/v2\/types\/post"}],"author":[{"embeddable":true,"href":"https:\/\/cdnoticias.com\/index.php\/wp-json\/wp\/v2\/users\/6"}],"replies":[{"embeddable":true,"href":"https:\/\/cdnoticias.com\/index.php\/wp-json\/wp\/v2\/comments?post=82277"}],"version-history":[{"count":0,"href":"https:\/\/cdnoticias.com\/index.php\/wp-json\/wp\/v2\/posts\/82277\/revisions"}],"wp:featuredmedia":[{"embeddable":true,"href":"https:\/\/cdnoticias.com\/index.php\/wp-json\/wp\/v2\/media\/53702"}],"wp:attachment":[{"href":"https:\/\/cdnoticias.com\/index.php\/wp-json\/wp\/v2\/media?parent=82277"}],"wp:term":[{"taxonomy":"category","embeddable":true,"href":"https:\/\/cdnoticias.com\/index.php\/wp-json\/wp\/v2\/categories?post=82277"},{"taxonomy":"post_tag","embeddable":true,"href":"https:\/\/cdnoticias.com\/index.php\/wp-json\/wp\/v2\/tags?post=82277"}],"curies":[{"name":"wp","href":"https:\/\/api.w.org\/{rel}","templated":true}]}}