{"id":82258,"date":"2023-04-13T14:00:46","date_gmt":"2023-04-13T17:00:46","guid":{"rendered":"https:\/\/www.centraldenoticias.com.ar\/?p=82258"},"modified":"2023-04-13T14:00:46","modified_gmt":"2023-04-13T17:00:46","slug":"sesion-especial-sobre-las-irregularidades-en-desarrollo-social-que-se-voto","status":"publish","type":"post","link":"https:\/\/cdnoticias.com\/index.php\/2023\/04\/13\/sesion-especial-sobre-las-irregularidades-en-desarrollo-social-que-se-voto\/","title":{"rendered":"Sesi\u00f3n especial sobre las irregularidades en Desarrollo Social: \u00bfQu\u00e9 se vot\u00f3?"},"content":{"rendered":"<p>Hubo cruces y duros cuestionamientos a la gesti\u00f3n municipal y al uso de herramientas que deber\u00edan beneficiar al sector m\u00e1s vulnerable de la poblaci\u00f3n. Los proyectos votados y los rechazados.<!--more--><\/p>\n<hr \/>\n<p>Este jueves y ante un importante marco de p\u00fablico, se llev\u00f3 adelante una sesi\u00f3n especial del Concejo Deliberante luego de que se detectaran <strong>irregularidades en el \u00e1rea de Desarrollo Social municipal<\/strong> en el manejo de la Tarjeta Alimentar, la entrega de vales de comida y el uso de pasajes.<\/p>\n<p>&nbsp;<\/p>\n<p>El interbloque del<strong> Frente de Todos<\/strong> present\u00f3 <strong>cinco proyectos<\/strong> en el marco del debate y su presidenta, <a href=\"https:\/\/cdnoticias.com\/index.php\/2023\/04\/13\/landivar-y-las-irregularidades-en-desarrollo-social-con-la-comida-no-se-jode\/\" target=\"_blank\" rel=\"noopener\">Mercedes Land\u00edvar cuestion\u00f3 la demora del oficialismo<\/a> en convocar a la sesi\u00f3n especial, \u201cuna herramienta con la que cuenta el cuerpo legislativo para tratar temas urgentes\u201d y que <strong>\u201cfue llamada por el oficialismo 23 d\u00edas despu\u00e9s de ser solicitada y en la previa de una sesi\u00f3n ordinaria\u201d.<\/strong><\/p>\n<p>&nbsp;<\/p>\n<p>Los proyectos consistieron en una resoluci\u00f3n sobre sumarios administrativos en el \u00e1rea de Desarrollo Social, otra resoluci\u00f3n solicitando al Departamento Ejecutivo Municipal que requiera al Tribunal de Cuentas de la provincia de Buenos Aires una auditor\u00eda general a la Secretar\u00eda de Desarrollo Humano y Calidad de Vida, un proyecto de decreto sobre concurrencia del Secretario de Desarrollo Humano y Calidad de vida al HCD, un pedido de informes sobre programas sociales de la subsecretar\u00eda de Desarrollo Social y otro pedido de informes sobre la secretar\u00eda de Desarrollo Humano y Calidad de Vida y la subsecretar\u00eda de Desarrollo Social.<\/p>\n<p>&nbsp;<\/p>\n<p><img data-recalc-dims=\"1\" loading=\"lazy\" decoding=\"async\" class=\"aligncenter size-full wp-image-82249\" src=\"https:\/\/i0.wp.com\/cdnoticias.com\/wp-content\/uploads\/2023\/04\/HCD-bloque-juntos.jpg?resize=800%2C445&#038;ssl=1\" alt=\"\" width=\"800\" height=\"445\" srcset=\"https:\/\/i0.wp.com\/cdnoticias.com\/wp-content\/uploads\/2023\/04\/HCD-bloque-juntos.jpg?w=800&amp;ssl=1 800w, https:\/\/i0.wp.com\/cdnoticias.com\/wp-content\/uploads\/2023\/04\/HCD-bloque-juntos.jpg?resize=300%2C167&amp;ssl=1 300w, https:\/\/i0.wp.com\/cdnoticias.com\/wp-content\/uploads\/2023\/04\/HCD-bloque-juntos.jpg?resize=768%2C427&amp;ssl=1 768w\" sizes=\"auto, (max-width: 800px) 100vw, 800px\" \/><\/p>\n<p>&nbsp;<\/p>\n<p>Durante la sesi\u00f3n tomaron parte del debate, adem\u00e1s de la concejala Land\u00edvar, <strong><a href=\"https:\/\/cdnoticias.com\/index.php\/2023\/04\/13\/no-hemos-escuchado-explicaciones-convincentes-del-area-de-desarrollo-social\/\" target=\"_blank\" rel=\"noopener\">In\u00e9s Creimer<\/a>, Natalia \u00c1lvarez, Juan S\u00e1nchez, <a href=\"https:\/\/cdnoticias.com\/index.php\/2023\/04\/13\/endere-aca-nadie-niega-la-existencia-de-posibles-irregularidades\/\" target=\"_blank\" rel=\"noopener\">Mart\u00edn Endere, Guillermina Amespil,<\/a> <a href=\"https:\/\/cdnoticias.com\/index.php\/2023\/04\/13\/le-pido-al-intendente-que-le-pida-la-renuncia-al-senor-diego-daniel-robbiani\/\" target=\"_blank\" rel=\"noopener\">Celeste Arouxet.<\/a><\/strong> Tras las exposiciones realizaron sus r\u00e9plicas los concejales <strong>S\u00e1nchez y Land\u00edvar.<\/strong><\/p>\n<p>&nbsp;<\/p>\n<p>La participaci\u00f3n del p\u00fablico fue tambi\u00e9n importante con reacciones ante las distintas intervenciones. Entre los presentes estuvieron integrantes del Movimiento <strong>Nuestra Am\u00e9rica, MTE, Partido Obrero<\/strong>, entre otros, quienes tambi\u00e9n se manifestaron tras la sesi\u00f3n y <a href=\"https:\/\/cdnoticias.com\/index.php\/2023\/04\/13\/la-realidad-es-que-jugaron-con-el-plato-de-comida-de-la-gente\/\" target=\"_blank\" rel=\"noopener\">pidieron la renuncia del secretario Diego Robbiani.\u00a0<\/a><\/p>\n<p>&nbsp;<\/p>\n<blockquote class=\"wp-embedded-content\" data-secret=\"Ybpl4aRmw7\"><p><a href=\"https:\/\/cdnoticias.com\/index.php\/2023\/04\/13\/la-realidad-es-que-jugaron-con-el-plato-de-comida-de-la-gente\/\">\u201cLa realidad es que jugaron con el plato de comida de la gente\u201d<\/a><\/p><\/blockquote>\n<p><iframe loading=\"lazy\" class=\"wp-embedded-content\" sandbox=\"allow-scripts\" security=\"restricted\" style=\"position: absolute; clip: rect(1px, 1px, 1px, 1px);\" title=\"&#8220;\u201cLa realidad es que jugaron con el plato de comida de la gente\u201d&#8221; &#8212; Central de Noticias | Olavarr\u00eda\" src=\"https:\/\/cdnoticias.com\/index.php\/2023\/04\/13\/la-realidad-es-que-jugaron-con-el-plato-de-comida-de-la-gente\/embed\/#?secret=8XfHqFQ2Qo#?secret=Ybpl4aRmw7\" data-secret=\"Ybpl4aRmw7\" width=\"600\" height=\"338\" frameborder=\"0\" marginwidth=\"0\" marginheight=\"0\" scrolling=\"no\"><\/iframe><\/p>\n<p>&nbsp;<\/p>\n<p><strong>El resultado de la votaci\u00f3n <\/strong><\/p>\n<p><strong>\u00a0<\/strong><\/p>\n<p><strong>-Resoluci\u00f3n sobre sumarios administrativos en el \u00e1rea de Desarrollo Social.<\/strong> Aprobado por mayor\u00eda con los votos del Frente de Todos, Foro Olavarr\u00eda, Ahora Olavarr\u00eda y UCR Juntos y se convirti\u00f3 en Resoluci\u00f3n 019\/23.<\/p>\n<p>&nbsp;<\/p>\n<p>-Resoluci\u00f3n solicitando al Departamento Ejecutivo Municipal que requiera al Tribunal de Cuentas de la provincia de Buenos Aires una <strong>auditor\u00eda general a la Secretar\u00eda de Desarrollo Humano y Calidad de Vida.<\/strong> Rechazado por mayor\u00eda con los votos de los bloques \u201cUCR-Juntos\u201d y Juntos.<\/p>\n<p>&nbsp;<\/p>\n<p><strong>-Proyecto de decreto sobre concurrencia del Secretario de Desarrollo Humano y Calidad de vida al HCD.<\/strong> Por una moci\u00f3n de la concejala Bel\u00e9n Vergel (UCR) el expediente 092\/23 pas\u00f3 a la comisi\u00f3n de Hacienda. Esto fue rechazado por los bloques del Frente de Todos, Foro Olavarr\u00eda y Ahora Olavarr\u00eda, pero aprobado con los votos de la UCR Juntos y Juntos.<\/p>\n<p>&nbsp;<\/p>\n<p>-P<strong>edido de informes sobre programas sociales<\/strong> <strong>de la subsecretar\u00eda de Desarrollo Social.<\/strong> Aprobado por unanimidad. Es el Pedido de Informes 003\/23.<\/p>\n<p>&nbsp;<\/p>\n<p><strong>-Pedido de informes sobre la secretar\u00eda de Desarrollo Humano y Calidad de Vida y la subsecretar\u00eda de Desarrollo Social.<\/strong> Aprobado por unanimidad. Es el Pedido de Informes 004\/23.<\/p>\n<p>&nbsp;<\/p>\n<p>Al finalizar la votaci\u00f3n, la concejala <strong>Mercedes Land\u00edvar arremeti\u00f3 contra el bloque UCR Juntos:<\/strong> &#8220;El bloque UCR que siempre dicen que tiene decisi\u00f3n propia, hoy una vez m\u00e1s ratifica que son lo mismo y son c\u00f3mplices de lo que est\u00e1 sucediendo. <strong>Le cubrieron la espalda al doctor Robbiani<\/strong>&#8220;.<\/p>\n","protected":false},"excerpt":{"rendered":"<p>Hubo cruces y duros cuestionamientos a la gesti\u00f3n municipal y al uso de herramientas que deber\u00edan beneficiar al sector m\u00e1s<\/p>\n","protected":false},"author":5,"featured_media":82260,"comment_status":"closed","ping_status":"closed","sticky":false,"template":"","format":"standard","meta":{"_jetpack_memberships_contains_paid_content":false,"footnotes":""},"categories":[4,1],"tags":[],"class_list":["post-82258","post","type-post","status-publish","format-standard","has-post-thumbnail","hentry","category-politica","category-portada"],"jetpack_featured_media_url":"https:\/\/i0.wp.com\/cdnoticias.com\/wp-content\/uploads\/2023\/04\/HCD-2023-04-13.jpg?fit=1428%2C794&ssl=1","jetpack_sharing_enabled":true,"_links":{"self":[{"href":"https:\/\/cdnoticias.com\/index.php\/wp-json\/wp\/v2\/posts\/82258","targetHints":{"allow":["GET"]}}],"collection":[{"href":"https:\/\/cdnoticias.com\/index.php\/wp-json\/wp\/v2\/posts"}],"about":[{"href":"https:\/\/cdnoticias.com\/index.php\/wp-json\/wp\/v2\/types\/post"}],"author":[{"embeddable":true,"href":"https:\/\/cdnoticias.com\/index.php\/wp-json\/wp\/v2\/users\/5"}],"replies":[{"embeddable":true,"href":"https:\/\/cdnoticias.com\/index.php\/wp-json\/wp\/v2\/comments?post=82258"}],"version-history":[{"count":0,"href":"https:\/\/cdnoticias.com\/index.php\/wp-json\/wp\/v2\/posts\/82258\/revisions"}],"wp:featuredmedia":[{"embeddable":true,"href":"https:\/\/cdnoticias.com\/index.php\/wp-json\/wp\/v2\/media\/82260"}],"wp:attachment":[{"href":"https:\/\/cdnoticias.com\/index.php\/wp-json\/wp\/v2\/media?parent=82258"}],"wp:term":[{"taxonomy":"category","embeddable":true,"href":"https:\/\/cdnoticias.com\/index.php\/wp-json\/wp\/v2\/categories?post=82258"},{"taxonomy":"post_tag","embeddable":true,"href":"https:\/\/cdnoticias.com\/index.php\/wp-json\/wp\/v2\/tags?post=82258"}],"curies":[{"name":"wp","href":"https:\/\/api.w.org\/{rel}","templated":true}]}}