{"id":82254,"date":"2023-04-13T13:08:24","date_gmt":"2023-04-13T16:08:24","guid":{"rendered":"https:\/\/www.centraldenoticias.com.ar\/?p=82254"},"modified":"2023-04-13T13:08:24","modified_gmt":"2023-04-13T16:08:24","slug":"le-pido-al-intendente-que-le-pida-la-renuncia-al-senor-diego-daniel-robbiani","status":"publish","type":"post","link":"https:\/\/cdnoticias.com\/index.php\/2023\/04\/13\/le-pido-al-intendente-que-le-pida-la-renuncia-al-senor-diego-daniel-robbiani\/","title":{"rendered":"\u201cLe pido al Intendente que le pida la renuncia al se\u00f1or Diego Daniel Robbiani\u201d"},"content":{"rendered":"<p>As\u00ed lo solicit\u00f3 la concejala de Ahora Olavarr\u00eda, Celeste Arouxet. Critic\u00f3 la gesti\u00f3n del secretario de Desarrollo Humano y habl\u00f3 de las irregularidades en el \u00e1rea de Desarrollo Social.<!--more--><\/p>\n<hr \/>\n<p>La concejala de <strong>Ahora Olavarr\u00eda, Celeste Arouxet,<\/strong> tambi\u00e9n se refiri\u00f3 a las irregularidades en el \u00e1rea de Desarrollo Social en el marco de la sesi\u00f3n especial del HCD que se realiz\u00f3 durante la ma\u00f1ana de este jueves.<\/p>\n<p>&nbsp;<\/p>\n<p>\u201cHoy cuesta expresarse\u201d, se\u00f1al\u00f3 y le contest\u00f3 a la concejala Guillemina Amespil respecto a los tiempos de actuaci\u00f3n del Municipio:<strong> \u201cEl hambre y la pobreza no saben de d\u00edas h\u00e1biles. Eso hay que tenerlo bien en claro a la hora de hablar por los dem\u00e1s\u201d.<\/strong><\/p>\n<p>&nbsp;<\/p>\n<blockquote><p>&#8220;Me da dolor, me da impotencia, me da asco, me da repugnacia porque se metieron con el que menos tiene, se metieron con el que m\u00e1s lo necesita. Se\u00f1ores se pasaron, ya no tienen de d\u00f3nde sacar&#8221;.<\/p><\/blockquote>\n<p>&nbsp;<\/p>\n<p>\u201cNo nos olvidemos que <strong>la secretar\u00eda del se\u00f1or Diego Daniel Robbiani tiene el 25% del presupuesto de Olavarr\u00eda<\/strong>\u201d, destac\u00f3 e insisti\u00f3 en la<strong> falta de control<\/strong>: \u201cno hay control de nada, no hay un dato, en la pandemia ve\u00edamos los cajones de papas tirados en el piso y no sabemos cu\u00e1ntos kilos de papas se repartieron, porque hab\u00eda pilas de fideos rotos cuando hab\u00eda gente que no ten\u00eda un plato de fideos\u201d.<\/p>\n<p>&nbsp;<\/p>\n<blockquote><p>\u201cRobbiani no va a poder hacer ninguna auditoria porque no tiene ning\u00fan dato real. Hablan de populismo, est\u00e1n haciendo m\u00e1s populismo que cualquier otro gobierno, es el peor gobierno de la historia del municipio de Olavarr\u00eda\u201d, agreg\u00f3.<\/p><\/blockquote>\n<p>&nbsp;<\/p>\n<p><img data-recalc-dims=\"1\" loading=\"lazy\" decoding=\"async\" class=\"aligncenter size-full wp-image-82245\" src=\"https:\/\/i0.wp.com\/cdnoticias.com\/wp-content\/uploads\/2023\/04\/hcd-sesion-desarrollo-social-2.jpg?resize=800%2C445&#038;ssl=1\" alt=\"\" width=\"800\" height=\"445\" srcset=\"https:\/\/i0.wp.com\/cdnoticias.com\/wp-content\/uploads\/2023\/04\/hcd-sesion-desarrollo-social-2.jpg?w=800&amp;ssl=1 800w, https:\/\/i0.wp.com\/cdnoticias.com\/wp-content\/uploads\/2023\/04\/hcd-sesion-desarrollo-social-2.jpg?resize=300%2C167&amp;ssl=1 300w, https:\/\/i0.wp.com\/cdnoticias.com\/wp-content\/uploads\/2023\/04\/hcd-sesion-desarrollo-social-2.jpg?resize=768%2C427&amp;ssl=1 768w\" sizes=\"auto, (max-width: 800px) 100vw, 800px\" \/><\/p>\n<p>&nbsp;<\/p>\n<p>\u201cYa salt\u00f3 lo de los terrenos, ya salt\u00f3 lo de Rosales y dec\u00eds \u2018van a hacerse cargo\u2019. Pon\u00e9s la radio y sale Robbiani a victimizarse, a decir que necesita irse un fin de semana a descansar, a mentirte en la cara. \u00a0<strong>Si te da la nafta para cobrar casi 600 mil pesos por mes, que te de la nafta para controlar las cuatro subsecretar\u00edas, sino correte<\/strong>\u201d, sostuvo Arouxet.<\/p>\n<p>&nbsp;<\/p>\n<p><strong>\u201cLe pido al se\u00f1or Intendente que ya le pida al se\u00f1or Diego Daniel Robbiani la renuncia al cargo de Secretario\u201d<\/strong>, finaliz\u00f3 la referente de Ahora Olavarr\u00eda.<\/p>\n","protected":false},"excerpt":{"rendered":"<p>As\u00ed lo solicit\u00f3 la concejala de Ahora Olavarr\u00eda, Celeste Arouxet. Critic\u00f3 la gesti\u00f3n del secretario de Desarrollo Humano y habl\u00f3<\/p>\n","protected":false},"author":5,"featured_media":82250,"comment_status":"closed","ping_status":"closed","sticky":false,"template":"","format":"standard","meta":{"_jetpack_memberships_contains_paid_content":false,"footnotes":""},"categories":[4,1],"tags":[],"class_list":["post-82254","post","type-post","status-publish","format-standard","has-post-thumbnail","hentry","category-politica","category-portada"],"jetpack_featured_media_url":"https:\/\/i0.wp.com\/cdnoticias.com\/wp-content\/uploads\/2023\/04\/HCD-celeste-arouxet.jpg?fit=800%2C445&ssl=1","jetpack_sharing_enabled":true,"_links":{"self":[{"href":"https:\/\/cdnoticias.com\/index.php\/wp-json\/wp\/v2\/posts\/82254","targetHints":{"allow":["GET"]}}],"collection":[{"href":"https:\/\/cdnoticias.com\/index.php\/wp-json\/wp\/v2\/posts"}],"about":[{"href":"https:\/\/cdnoticias.com\/index.php\/wp-json\/wp\/v2\/types\/post"}],"author":[{"embeddable":true,"href":"https:\/\/cdnoticias.com\/index.php\/wp-json\/wp\/v2\/users\/5"}],"replies":[{"embeddable":true,"href":"https:\/\/cdnoticias.com\/index.php\/wp-json\/wp\/v2\/comments?post=82254"}],"version-history":[{"count":0,"href":"https:\/\/cdnoticias.com\/index.php\/wp-json\/wp\/v2\/posts\/82254\/revisions"}],"wp:featuredmedia":[{"embeddable":true,"href":"https:\/\/cdnoticias.com\/index.php\/wp-json\/wp\/v2\/media\/82250"}],"wp:attachment":[{"href":"https:\/\/cdnoticias.com\/index.php\/wp-json\/wp\/v2\/media?parent=82254"}],"wp:term":[{"taxonomy":"category","embeddable":true,"href":"https:\/\/cdnoticias.com\/index.php\/wp-json\/wp\/v2\/categories?post=82254"},{"taxonomy":"post_tag","embeddable":true,"href":"https:\/\/cdnoticias.com\/index.php\/wp-json\/wp\/v2\/tags?post=82254"}],"curies":[{"name":"wp","href":"https:\/\/api.w.org\/{rel}","templated":true}]}}