{"id":82247,"date":"2023-04-13T12:36:46","date_gmt":"2023-04-13T15:36:46","guid":{"rendered":"https:\/\/www.centraldenoticias.com.ar\/?p=82247"},"modified":"2023-04-16T02:11:46","modified_gmt":"2023-04-16T05:11:46","slug":"endere-aca-nadie-niega-la-existencia-de-posibles-irregularidades","status":"publish","type":"post","link":"https:\/\/cdnoticias.com\/index.php\/2023\/04\/13\/endere-aca-nadie-niega-la-existencia-de-posibles-irregularidades\/","title":{"rendered":"Endere: \u201cAc\u00e1 nadie niega la existencia de posibles irregularidades\u201d"},"content":{"rendered":"<p>As\u00ed lo expres\u00f3 el presidente del bloque Juntos. Se refiri\u00f3 al sumario administrativo iniciado hasta llegar a la denuncia en la Justicia. Por su parte, la concejala Amespil habl\u00f3 de los tiempos en los que actu\u00f3 el Municipio.<!--more--><\/p>\n<hr \/>\n<p>En el marco de la sesi\u00f3n especial convocada por el HCD para la ma\u00f1ana de este jueves, el presidente del bloque de concejales de Juntos, <strong>Mart\u00edn Endere, se refiri\u00f3 a las irregularidades en el \u00e1rea de Desarrollo Social.<\/strong><\/p>\n<p>&nbsp;<\/p>\n<p>Sostuvo que <strong>\u201cno hay silencio del bloque\u201d<\/strong> y pas\u00f3 a detallar las acciones realizadas hasta el momento. Tambi\u00e9n se\u00f1al\u00f3 que<strong> \u201cson temas sensibles que golpean de lleno a la gesti\u00f3n municipal y los relatos de los empleados tambi\u00e9n nos revuelven el est\u00f3mago\u201d.<\/strong><\/p>\n<blockquote><p>&nbsp;<\/p>\n<p>\u201cAc\u00e1 nadie niega la existencia de posibles irregularidades\u201d, reconoci\u00f3 Enderte y solicit\u00f3 \u201cechar luz sobre las cuestiones objetivas que se llevaron adelante\u201d.<\/p><\/blockquote>\n<p>&nbsp;<\/p>\n<p>Puntualiz\u00f3 que \u201cel <strong>23 de marzo<\/strong> se decide el apartamiento de la funcionaria posiblemente involucrada del \u00e1rea en cuesti\u00f3n. El secretario de Desarrollo Humano le solicita al \u00e1rea de Legales que instruya el sumario administrativo correspondiente en virtud de lo que indica la Ley Org\u00e1nica de las Municipalidades (LOM) y la ley 14.456, eso se materializa a trav\u00e9s del decreto 15\/43\u201d.<\/p>\n<p>&nbsp;<\/p>\n<p>Es a partir de los primeros elementos que recoge el sumario administrativo es que \u201cla<strong> denuncia es realizada en persona por el secretario de Desarrollo Humano<\/strong> en la fiscal\u00eda de Delitos Complejos\u201d.<\/p>\n<p>&nbsp;<\/p>\n<p><img data-recalc-dims=\"1\" loading=\"lazy\" decoding=\"async\" class=\"aligncenter size-full wp-image-82251\" src=\"https:\/\/i0.wp.com\/cdnoticias.com\/wp-content\/uploads\/2023\/04\/HCD-guillermina-amespil.jpg?resize=800%2C445&#038;ssl=1\" alt=\"\" width=\"800\" height=\"445\" srcset=\"https:\/\/i0.wp.com\/cdnoticias.com\/wp-content\/uploads\/2023\/04\/HCD-guillermina-amespil.jpg?w=800&amp;ssl=1 800w, https:\/\/i0.wp.com\/cdnoticias.com\/wp-content\/uploads\/2023\/04\/HCD-guillermina-amespil.jpg?resize=300%2C167&amp;ssl=1 300w, https:\/\/i0.wp.com\/cdnoticias.com\/wp-content\/uploads\/2023\/04\/HCD-guillermina-amespil.jpg?resize=768%2C427&amp;ssl=1 768w\" sizes=\"auto, (max-width: 800px) 100vw, 800px\" \/><\/p>\n<p>&nbsp;<\/p>\n<p>En esta instancia, tambi\u00e9n tom\u00f3 la palabra la <strong>concejala Guillermina Amespil<\/strong> quien hizo hincapi\u00e9 en los tiempos en los que <strong>\u201cel trabajo se hizo, en apego a la ley\u201d. \u00a0<\/strong><\/p>\n<p>&nbsp;<\/p>\n<blockquote><p>\u201cFueron <strong>menos de 10 d\u00edas h\u00e1biles<\/strong> \u2013tengamos en cuenta el feriado del 24 de marzo y la Semana Santa para cuando dicen que pasaron 21 d\u00edas- entre el apartamiento de Silvana Rosales de la subsecretar\u00eda de Desarrollo Social hasta el pasado lunes 10 de abril que el secretario realiz\u00f3 la denuncia penal\u201d, describi\u00f3 Amespil.<\/p><\/blockquote>\n<p>&nbsp;<\/p>\n<p>Por \u00faltimo se\u00f1al\u00f3 que \u201cel <strong>Tribunal de Cuentas<\/strong> est\u00e1 haciendo su trabajo que es justamente auditar de forma externa a los 135 municipios de la provincia de Buenos Aires\u201d.<\/p>\n","protected":false},"excerpt":{"rendered":"<p>As\u00ed lo expres\u00f3 el presidente del bloque Juntos. Se refiri\u00f3 al sumario administrativo iniciado hasta llegar a la denuncia en<\/p>\n","protected":false},"author":5,"featured_media":82252,"comment_status":"closed","ping_status":"closed","sticky":false,"template":"","format":"standard","meta":{"_jetpack_memberships_contains_paid_content":false,"footnotes":""},"categories":[4,1],"tags":[],"class_list":["post-82247","post","type-post","status-publish","format-standard","has-post-thumbnail","hentry","category-politica","category-portada"],"jetpack_featured_media_url":"https:\/\/i0.wp.com\/cdnoticias.com\/wp-content\/uploads\/2023\/04\/HCD-martin-endere.jpg?fit=800%2C445&ssl=1","jetpack_sharing_enabled":true,"_links":{"self":[{"href":"https:\/\/cdnoticias.com\/index.php\/wp-json\/wp\/v2\/posts\/82247","targetHints":{"allow":["GET"]}}],"collection":[{"href":"https:\/\/cdnoticias.com\/index.php\/wp-json\/wp\/v2\/posts"}],"about":[{"href":"https:\/\/cdnoticias.com\/index.php\/wp-json\/wp\/v2\/types\/post"}],"author":[{"embeddable":true,"href":"https:\/\/cdnoticias.com\/index.php\/wp-json\/wp\/v2\/users\/5"}],"replies":[{"embeddable":true,"href":"https:\/\/cdnoticias.com\/index.php\/wp-json\/wp\/v2\/comments?post=82247"}],"version-history":[{"count":0,"href":"https:\/\/cdnoticias.com\/index.php\/wp-json\/wp\/v2\/posts\/82247\/revisions"}],"wp:featuredmedia":[{"embeddable":true,"href":"https:\/\/cdnoticias.com\/index.php\/wp-json\/wp\/v2\/media\/82252"}],"wp:attachment":[{"href":"https:\/\/cdnoticias.com\/index.php\/wp-json\/wp\/v2\/media?parent=82247"}],"wp:term":[{"taxonomy":"category","embeddable":true,"href":"https:\/\/cdnoticias.com\/index.php\/wp-json\/wp\/v2\/categories?post=82247"},{"taxonomy":"post_tag","embeddable":true,"href":"https:\/\/cdnoticias.com\/index.php\/wp-json\/wp\/v2\/tags?post=82247"}],"curies":[{"name":"wp","href":"https:\/\/api.w.org\/{rel}","templated":true}]}}