{"id":82241,"date":"2023-04-13T13:27:44","date_gmt":"2023-04-13T16:27:44","guid":{"rendered":"https:\/\/www.centraldenoticias.com.ar\/?p=82241"},"modified":"2023-04-13T14:10:03","modified_gmt":"2023-04-13T17:10:03","slug":"la-realidad-es-que-jugaron-con-el-plato-de-comida-de-la-gente","status":"publish","type":"post","link":"https:\/\/cdnoticias.com\/index.php\/2023\/04\/13\/la-realidad-es-que-jugaron-con-el-plato-de-comida-de-la-gente\/","title":{"rendered":"\u201cLa realidad es que jugaron con el plato de comida de la gente\u201d"},"content":{"rendered":"<p>Daiana y Jos\u00e9, integrantes de Nuestra Am\u00e9rica hablaron con Central de Noticias luego de la sesi\u00f3n especial que trat\u00f3 las irregularidades en Desarrollo Social.<!--more--><\/p>\n<hr \/>\n<p>Tras la sesi\u00f3n especial del HCD convocada para tratar las irregularidades en la Secretar\u00eda de Desarrollo Social sobre las Tarjetas Alimentarias Municipales, dos <strong>integrantes del Movimiento Nuestra Am\u00e9rica<\/strong> que estuvieron presentes entre el numeroso p\u00fablico que presenci\u00f3 el debate, hablaron con Central de Noticias.<\/p>\n<p>&nbsp;<\/p>\n<p><strong>Jos\u00e9<\/strong> destac\u00f3 que \u201cla sesi\u00f3n fue buena y se protest\u00f3 por las Tarjetas. <strong>Tenemos que reclamarlas s\u00ed o s\u00ed<\/strong> porque las cosas se tienen que hacer bien\u201d. Adem\u00e1s, valor\u00f3 que \u201cla votaci\u00f3n fue muy clara y se tiene que hacer justicia\u201d.<\/p>\n<p>&nbsp;<\/p>\n<p>Por su parte, <strong>Daiana<\/strong> resalt\u00f3 que \u201ces una situaci\u00f3n que afecta a muchos de los ciudadanos que estamos como silenciados y ocultos de todo el sistema porque para ellos nosotros somos solamente un n\u00famero. <strong>A ellos no les preocupa el hambre de la gente, en sus casas tienen un plato de comida<\/strong>\u201d.<\/p>\n<p>&nbsp;<\/p>\n<p><img data-recalc-dims=\"1\" loading=\"lazy\" decoding=\"async\" class=\"aligncenter size-full wp-image-82244\" src=\"https:\/\/i0.wp.com\/cdnoticias.com\/wp-content\/uploads\/2023\/04\/hcd-sesion-desarrollo-social-1.jpg?resize=800%2C445&#038;ssl=1\" alt=\"\" width=\"800\" height=\"445\" srcset=\"https:\/\/i0.wp.com\/cdnoticias.com\/wp-content\/uploads\/2023\/04\/hcd-sesion-desarrollo-social-1.jpg?w=800&amp;ssl=1 800w, https:\/\/i0.wp.com\/cdnoticias.com\/wp-content\/uploads\/2023\/04\/hcd-sesion-desarrollo-social-1.jpg?resize=300%2C167&amp;ssl=1 300w, https:\/\/i0.wp.com\/cdnoticias.com\/wp-content\/uploads\/2023\/04\/hcd-sesion-desarrollo-social-1.jpg?resize=768%2C427&amp;ssl=1 768w\" sizes=\"auto, (max-width: 800px) 100vw, 800px\" \/><\/p>\n<p>&nbsp;<\/p>\n<blockquote><p>A Daiana le pareci\u00f3 \u201cuna sesi\u00f3n injusta\u201d y <strong>reclam\u00f3 la presencia del secretario de Desarrollo Humano y Calidad de Vida, Diego Robbiani:<\/strong> \u201cel que tendr\u00eda que dar la cara no la dio y lo \u00fanico que hicieron fue taparle el culo y cubrirlo y seguir con esta farsa de las preocupaciones y de que est\u00e1n mal. Si ellos estuvieran mal har\u00edan que el responsable o los responsables sean detenidos. <strong>Yo que soy una persona cualquiera si me robo una tarjeta y me la gasto, yo si voy detenida<\/strong>\u201d.<\/p><\/blockquote>\n<p>&nbsp;<\/p>\n<p>\u201cCreo que<strong> se escuchan excusas nefastas sobre art\u00edculos y n\u00fameros.<\/strong> Ac\u00e1 la realidad es otra, ac\u00e1 la realidad es el hambre, la realidad es que jugaron con el plato de comida de la gente que no tiene, que de verdad tiene hambre, que pasa d\u00edas sin comer o que se tiene que conformar con comer todos los d\u00edas un fideo hervido mientras ellos est\u00e1n comiendo asado o tom\u00e1ndose un vinito\u201d, agreg\u00f3.<\/p>\n<p>&nbsp;<\/p>\n<p><img data-recalc-dims=\"1\" loading=\"lazy\" decoding=\"async\" class=\"aligncenter size-full wp-image-82243\" src=\"https:\/\/i0.wp.com\/cdnoticias.com\/wp-content\/uploads\/2023\/04\/hcd-sesion-desarrollo-social-0.jpg?resize=800%2C445&#038;ssl=1\" alt=\"\" width=\"800\" height=\"445\" srcset=\"https:\/\/i0.wp.com\/cdnoticias.com\/wp-content\/uploads\/2023\/04\/hcd-sesion-desarrollo-social-0.jpg?w=800&amp;ssl=1 800w, https:\/\/i0.wp.com\/cdnoticias.com\/wp-content\/uploads\/2023\/04\/hcd-sesion-desarrollo-social-0.jpg?resize=300%2C167&amp;ssl=1 300w, https:\/\/i0.wp.com\/cdnoticias.com\/wp-content\/uploads\/2023\/04\/hcd-sesion-desarrollo-social-0.jpg?resize=768%2C427&amp;ssl=1 768w\" sizes=\"auto, (max-width: 800px) 100vw, 800px\" \/><\/p>\n<p><img data-recalc-dims=\"1\" loading=\"lazy\" decoding=\"async\" class=\"aligncenter size-full wp-image-82245\" src=\"https:\/\/i0.wp.com\/cdnoticias.com\/wp-content\/uploads\/2023\/04\/hcd-sesion-desarrollo-social-2.jpg?resize=800%2C445&#038;ssl=1\" alt=\"\" width=\"800\" height=\"445\" srcset=\"https:\/\/i0.wp.com\/cdnoticias.com\/wp-content\/uploads\/2023\/04\/hcd-sesion-desarrollo-social-2.jpg?w=800&amp;ssl=1 800w, https:\/\/i0.wp.com\/cdnoticias.com\/wp-content\/uploads\/2023\/04\/hcd-sesion-desarrollo-social-2.jpg?resize=300%2C167&amp;ssl=1 300w, https:\/\/i0.wp.com\/cdnoticias.com\/wp-content\/uploads\/2023\/04\/hcd-sesion-desarrollo-social-2.jpg?resize=768%2C427&amp;ssl=1 768w\" sizes=\"auto, (max-width: 800px) 100vw, 800px\" \/><\/p>\n<p>&nbsp;<\/p>\n<p>Adem\u00e1s, pidi\u00f3 que se piense en la situaci\u00f3n que atraviesan las infancias: \u201cyo soy mam\u00e1, tengo tres hijos, a m\u00ed me sacan el plato de comida y se lo sacan a mis hijos. A d\u00f3nde est\u00e1 el derecho del ni\u00f1o, a d\u00f3nde est\u00e1 el derecho a la salud, porque no comer es una falta a la salud\u201d.<\/p>\n<p>&nbsp;<\/p>\n<p>Por \u00faltimo, fue contundente y pidi\u00f3 que Robbiani \u201c<strong>renuncie y que vaya preso porque por m\u00e1s que tenga poder es un delincuente.<\/strong> El robo es robo, tiene que renunciar y tiene que ir detenido como si yo me robara algo y fuera presa\u201d.<\/p>\n<p>&nbsp;<\/p>\n<p>&nbsp;<\/p>\n","protected":false},"excerpt":{"rendered":"<p>Daiana y Jos\u00e9, integrantes de Nuestra Am\u00e9rica hablaron con Central de Noticias luego de la sesi\u00f3n especial que trat\u00f3 las<\/p>\n","protected":false},"author":5,"featured_media":82242,"comment_status":"closed","ping_status":"closed","sticky":false,"template":"","format":"standard","meta":{"_jetpack_memberships_contains_paid_content":false,"footnotes":""},"categories":[4,1],"tags":[],"class_list":["post-82241","post","type-post","status-publish","format-standard","has-post-thumbnail","hentry","category-politica","category-portada"],"jetpack_featured_media_url":"https:\/\/i0.wp.com\/cdnoticias.com\/wp-content\/uploads\/2023\/04\/hcd-daiana-y-jose-nuestramerica.jpg?fit=800%2C445&ssl=1","jetpack_sharing_enabled":true,"_links":{"self":[{"href":"https:\/\/cdnoticias.com\/index.php\/wp-json\/wp\/v2\/posts\/82241","targetHints":{"allow":["GET"]}}],"collection":[{"href":"https:\/\/cdnoticias.com\/index.php\/wp-json\/wp\/v2\/posts"}],"about":[{"href":"https:\/\/cdnoticias.com\/index.php\/wp-json\/wp\/v2\/types\/post"}],"author":[{"embeddable":true,"href":"https:\/\/cdnoticias.com\/index.php\/wp-json\/wp\/v2\/users\/5"}],"replies":[{"embeddable":true,"href":"https:\/\/cdnoticias.com\/index.php\/wp-json\/wp\/v2\/comments?post=82241"}],"version-history":[{"count":0,"href":"https:\/\/cdnoticias.com\/index.php\/wp-json\/wp\/v2\/posts\/82241\/revisions"}],"wp:featuredmedia":[{"embeddable":true,"href":"https:\/\/cdnoticias.com\/index.php\/wp-json\/wp\/v2\/media\/82242"}],"wp:attachment":[{"href":"https:\/\/cdnoticias.com\/index.php\/wp-json\/wp\/v2\/media?parent=82241"}],"wp:term":[{"taxonomy":"category","embeddable":true,"href":"https:\/\/cdnoticias.com\/index.php\/wp-json\/wp\/v2\/categories?post=82241"},{"taxonomy":"post_tag","embeddable":true,"href":"https:\/\/cdnoticias.com\/index.php\/wp-json\/wp\/v2\/tags?post=82241"}],"curies":[{"name":"wp","href":"https:\/\/api.w.org\/{rel}","templated":true}]}}