{"id":82238,"date":"2023-04-13T11:27:13","date_gmt":"2023-04-13T14:27:13","guid":{"rendered":"https:\/\/www.centraldenoticias.com.ar\/?p=82238"},"modified":"2023-04-13T11:27:13","modified_gmt":"2023-04-13T14:27:13","slug":"no-hemos-escuchado-explicaciones-convincentes-del-area-de-desarrollo-social","status":"publish","type":"post","link":"https:\/\/cdnoticias.com\/index.php\/2023\/04\/13\/no-hemos-escuchado-explicaciones-convincentes-del-area-de-desarrollo-social\/","title":{"rendered":"&#8220;No hemos escuchado explicaciones convincentes del \u00e1rea de Desarrollo Social&#8221;"},"content":{"rendered":"<p>As\u00ed se expres\u00f3 In\u00e9s Creimer, concejala del bloque Foro Olavarr\u00eda &#8211; Frente Renovador en el Frente de Todos sobre las irregularidades en el \u00e1rea de Desarrollo Social.<!--more--><\/p>\n<hr \/>\n<p>Este jueves sesion\u00f3 el Concejo Deliberante donde uno de los principales temas discutidos fueron las <strong>irregularidades en la Secretar\u00eda de Desarrollo Social sobre las Tarjetas Alimentarias Municipales.<\/strong><\/p>\n<p>&nbsp;<\/p>\n<p>\u201cUna vez m\u00e1s nos convoca un tema muy preocupante que tiene que ver con las irregularidades detectadas en la administraci\u00f3n Municipal\u201d, inici\u00f3 la concejala. \u201cEstas irregularidades se suman a otras ya expresadas y discutidas en este recinto y dan cuenta de que<strong> la bandera de transparencia, tan levantada por el Municipio, dista mucho de ser real<\/strong>\u201d, agreg\u00f3.<\/p>\n<p>&nbsp;<\/p>\n<p>\u201cEsta vez, el \u00e1rea de Desarrollo Social es el escenario y hasta ahora una sola protagonista en escena\u201d, destac\u00f3 Creimer haciendo menci\u00f3n a la ex funcionaria del \u00e1rea Silvana Rosales. <strong>\u201cNo hemos escuchado su voz, no dio una sola explicaci\u00f3n de los hechos de los que se la acusa y tampoco dijo si renunci\u00f3 por voluntad propia\u201d<\/strong>, indic\u00f3.<\/p>\n<p>&nbsp;<\/p>\n<p>Para la edil, \u201ca\u00fan <strong>no hemos escuchado explicaciones convincentes del \u00e1rea de Desarrollo Social<\/strong> que lleven tranquilidad o expliquen a los vecinos de a pie, y sobre todo a quienes fueron enormemente perjudicados por ser a quienes est\u00e1n dirigidas estas pol\u00edticas p\u00fablicas, c\u00f3mo fueron los hechos sucedidos\u201d.<\/p>\n<p>&nbsp;<\/p>\n<p>A su vez, Creimer record\u00f3 otros temas pol\u00e9micos de la actual gesti\u00f3n municipal:<strong> \u201cesta situaci\u00f3n se suma a la venta ilegal de terrenos y a lo acontecido con las viviendas TUVI\u201d.<\/strong><\/p>\n<p>&nbsp;<\/p>\n<p>\u201cNo se puede tapar el sol con las manos\u201d, manifest\u00f3 Creimer haciendo alusi\u00f3n a la implementaci\u00f3n por parte del Municipio de <strong>\u201cjueves de datos con LUPI\u201d<\/strong>, un personaje virtual con forma de lupa encargado de presentar datos de nuestro Partido. \u201cNo alcanza con intentar hacer creer que todo se puede ver en esta gesti\u00f3n porque no es cierto\u201d, agreg\u00f3.<\/p>\n<p>&nbsp;<\/p>\n<p>Tambi\u00e9n mencion\u00f3 que \u201cla transparencia no se muestra anunciando lo bien ubicada que est\u00e1 la gesti\u00f3n de la ciudad en un ranking de dudosa procedencia, se muestra con hechos, con orden, con responsabilidad frente a las decisiones que se toman, haci\u00e9ndose cargo de cada una de las personas que se eligen como funcionarios\u201d.<\/p>\n<p>&nbsp;<\/p>\n<blockquote><p>Creimer compar\u00f3 la irregularidad del \u00e1rea de Desarrollo Social con la venta ilegal de terrenos donde \u201cse apart\u00f3 a uno de los presuntos responsables, pero se lo sostuvo cobrando por otro lado. Todo para que luego anuncie que finalmente renunci\u00f3 y, casualmente, coincidente esta renuncia con el conocimiento de esta nueva irregularidad en Desarrollo Social<\/p><\/blockquote>\n<p>&nbsp;<\/p>\n<p>La concejala explic\u00f3 que, luego de las recorridas en barrios y de que fueran p\u00fablicas las irregularidades denunciadas, \u201clos vecinos expresaron el<strong> criterio discrecional e irregular<\/strong> que hab\u00eda en la distribuci\u00f3n de las tarjetas de los barrios m\u00e1s necesitados de la ciudad\u201d.<\/p>\n<p>&nbsp;<\/p>\n<p>\u201cEsto muestra la <strong>falta de empat\u00eda y sensibilidad<\/strong> de quien estaba a cargo del \u00e1rea, pero tambi\u00e9n muestra la <strong>falta de articulaci\u00f3n y conocimiento<\/strong> por parte de sus superiores y tambi\u00e9n la falta de una l\u00ednea de abordaje de estas realidades lo suficientemente clara para que se cumpliera con los objetivos que a nuestro entender tiene que tener un \u00e1rea de esas caracter\u00edsticas\u201d, sum\u00f3.<\/p>\n<p>&nbsp;<\/p>\n<blockquote class=\"wp-embedded-content\" data-secret=\"kEEVw0dxU5\"><p><a href=\"https:\/\/cdnoticias.com\/index.php\/2023\/04\/13\/landivar-y-las-irregularidades-en-desarrollo-social-con-la-comida-no-se-jode\/\">Land\u00edvar y las irregularidades en Desarrollo Social: \u201ccon la comida no se jode\u201d<\/a><\/p><\/blockquote>\n<p><iframe loading=\"lazy\" class=\"wp-embedded-content\" sandbox=\"allow-scripts\" security=\"restricted\" style=\"position: absolute; clip: rect(1px, 1px, 1px, 1px);\" title=\"&#8220;Land\u00edvar y las irregularidades en Desarrollo Social: \u201ccon la comida no se jode\u201d&#8221; &#8212; Central de Noticias | Olavarr\u00eda\" src=\"https:\/\/cdnoticias.com\/index.php\/2023\/04\/13\/landivar-y-las-irregularidades-en-desarrollo-social-con-la-comida-no-se-jode\/embed\/#?secret=9xG3LWD0Sw#?secret=kEEVw0dxU5\" data-secret=\"kEEVw0dxU5\" width=\"600\" height=\"338\" frameborder=\"0\" marginwidth=\"0\" marginheight=\"0\" scrolling=\"no\"><\/iframe><\/p>\n","protected":false},"excerpt":{"rendered":"<p>As\u00ed se expres\u00f3 In\u00e9s Creimer, concejala del bloque Foro Olavarr\u00eda &#8211; Frente Renovador en el Frente de Todos sobre las<\/p>\n","protected":false},"author":5,"featured_media":82239,"comment_status":"closed","ping_status":"closed","sticky":false,"template":"","format":"standard","meta":{"_jetpack_memberships_contains_paid_content":false,"footnotes":""},"categories":[4,1],"tags":[],"class_list":["post-82238","post","type-post","status-publish","format-standard","has-post-thumbnail","hentry","category-politica","category-portada"],"jetpack_featured_media_url":"https:\/\/i0.wp.com\/cdnoticias.com\/wp-content\/uploads\/2023\/04\/creimer-ines-HCD-13-4-23.jpg?fit=1334%2C742&ssl=1","jetpack_sharing_enabled":true,"_links":{"self":[{"href":"https:\/\/cdnoticias.com\/index.php\/wp-json\/wp\/v2\/posts\/82238","targetHints":{"allow":["GET"]}}],"collection":[{"href":"https:\/\/cdnoticias.com\/index.php\/wp-json\/wp\/v2\/posts"}],"about":[{"href":"https:\/\/cdnoticias.com\/index.php\/wp-json\/wp\/v2\/types\/post"}],"author":[{"embeddable":true,"href":"https:\/\/cdnoticias.com\/index.php\/wp-json\/wp\/v2\/users\/5"}],"replies":[{"embeddable":true,"href":"https:\/\/cdnoticias.com\/index.php\/wp-json\/wp\/v2\/comments?post=82238"}],"version-history":[{"count":0,"href":"https:\/\/cdnoticias.com\/index.php\/wp-json\/wp\/v2\/posts\/82238\/revisions"}],"wp:featuredmedia":[{"embeddable":true,"href":"https:\/\/cdnoticias.com\/index.php\/wp-json\/wp\/v2\/media\/82239"}],"wp:attachment":[{"href":"https:\/\/cdnoticias.com\/index.php\/wp-json\/wp\/v2\/media?parent=82238"}],"wp:term":[{"taxonomy":"category","embeddable":true,"href":"https:\/\/cdnoticias.com\/index.php\/wp-json\/wp\/v2\/categories?post=82238"},{"taxonomy":"post_tag","embeddable":true,"href":"https:\/\/cdnoticias.com\/index.php\/wp-json\/wp\/v2\/tags?post=82238"}],"curies":[{"name":"wp","href":"https:\/\/api.w.org\/{rel}","templated":true}]}}