{"id":82233,"date":"2023-04-13T11:04:57","date_gmt":"2023-04-13T14:04:57","guid":{"rendered":"https:\/\/www.centraldenoticias.com.ar\/?p=82233"},"modified":"2023-04-14T07:55:27","modified_gmt":"2023-04-14T10:55:27","slug":"landivar-y-las-irregularidades-en-desarrollo-social-con-la-comida-no-se-jode","status":"publish","type":"post","link":"https:\/\/cdnoticias.com\/index.php\/2023\/04\/13\/landivar-y-las-irregularidades-en-desarrollo-social-con-la-comida-no-se-jode\/","title":{"rendered":"Land\u00edvar y las irregularidades en Desarrollo Social: \u201ccon la comida no se jode\u201d"},"content":{"rendered":"<p>La presidenta del interbloque Frente de Todos realiz\u00f3 un an\u00e1lisis del funcionamiento de las herramientas cuestionadas: tarjeta Cabal, vales de alimentos y pasajes. Pidi\u00f3 que el Intendente o el Secretario Robbiani se presente en el HCD a dar explicaciones.<!--more--><\/p>\n<hr \/>\n<p>La presidenta del interbloque Frente de Todos, Mercedes Landivar fue la encargada de referirse al pedido de sesi\u00f3n especial ante las <strong>irregularidades detectadas en el \u00e1rea de Desarrollo Social.<\/strong><\/p>\n<p>&nbsp;<\/p>\n<p>Tuvo duro conceptos respecto al rol del secretario de Desarrollo Humano y Calidad de Vida, Diego Robbiani y en ese sentido pidi\u00f3 que el intendente Ezequiel Galli o el propio Robbiani<strong> se presenten en el HCD a dar explicaciones.<\/strong><\/p>\n<p>&nbsp;<\/p>\n<p>\u201cEstamos advirtiendo que estamos frente a la posible comisi\u00f3n de varios delitos penales. Y estamos advirtiendo tambi\u00e9n las irregularidades a la hora de aplicar estas herramientas en una de las \u00e1reas m\u00e1s sensibles del municipio\u201d, asegur\u00f3 la concejala.<\/p>\n<p>&nbsp;<\/p>\n<p>Land\u00edvar realiz\u00f3 una reconstrucci\u00f3n detallada de los hechos respecto al <strong>funcionamiento de la tarjeta Cabal y otras herramientas y programas<\/strong> destinadas a personas que atraviesan situaciones de vulnerabilidad.<\/p>\n<p>&nbsp;<\/p>\n<p>\u201cHay tarjetas que no se entregaron por diferentes cuestiones y<strong> se iban acumulando.<\/strong> Estas tarjetas tienen beneficiarios, una persona atr\u00e1s que la necesita, estamos hablando de ingresos de 3000, 3500\u2026\u201d, explic\u00f3 la concejala. Y continu\u00f3: \u201ccomo nadie las entregaba, <strong>esta pilita de tarjetas se guardaba en la oficina de la subsecretaria<\/strong>\u201d.<\/p>\n<p>&nbsp;<\/p>\n<blockquote><p>\u201cAtr\u00e1s de cada una de estas tarjetas hay una historia, una necesidad y hay un derecho. \u00bfUstedes se imaginan tener tarjetas de personas que las est\u00e1n necesitando, guardadas en el escritorio? \u00bfPara qu\u00e9? \u00bfPara comprarse cosas para beneficio personal? Hay que investigar\u201d.<\/p><\/blockquote>\n<p>&nbsp;<\/p>\n<p>\u201cMentira que se termin\u00f3 con el \u2018nefasto asistencialismo\u2019\u201d afirm\u00f3 Land\u00edvar y se\u00f1al\u00f3 que<strong> tanto los montos, como la decisi\u00f3n de la baja o el alta del beneficio era tomada de manera discrecional.<\/strong> \u201cEsto no lo deciden las trabajadoras sociales, ellas hacen su trabajo como corresponde\u201d, resalt\u00f3.<\/p>\n<p>&nbsp;<\/p>\n<p>Por otra parte, describi\u00f3 que \u201cantes de llegar a fin del mes de marzo, se tom\u00f3 la decisi\u00f3n de \u2018cerear\u2019 las tarjetas\u201d por lo tanto \u201cpersonas que ten\u00edan saldo en las tarjetas de repente se encontraron con que ese saldo no estaba m\u00e1s. <strong>\u00bfC\u00f3mo vas a sacarle la plata a las personas de la cuenta?<\/strong>\u201d.<\/p>\n<p>&nbsp;<\/p>\n<p><img data-recalc-dims=\"1\" loading=\"lazy\" decoding=\"async\" class=\"aligncenter size-full wp-image-82227\" src=\"https:\/\/i0.wp.com\/cdnoticias.com\/wp-content\/uploads\/2023\/04\/HCD-13-4-23-01.jpg?resize=800%2C445&#038;ssl=1\" alt=\"\" width=\"800\" height=\"445\" srcset=\"https:\/\/i0.wp.com\/cdnoticias.com\/wp-content\/uploads\/2023\/04\/HCD-13-4-23-01.jpg?w=1600&amp;ssl=1 1600w, https:\/\/i0.wp.com\/cdnoticias.com\/wp-content\/uploads\/2023\/04\/HCD-13-4-23-01.jpg?resize=300%2C167&amp;ssl=1 300w, https:\/\/i0.wp.com\/cdnoticias.com\/wp-content\/uploads\/2023\/04\/HCD-13-4-23-01.jpg?resize=1024%2C570&amp;ssl=1 1024w, https:\/\/i0.wp.com\/cdnoticias.com\/wp-content\/uploads\/2023\/04\/HCD-13-4-23-01.jpg?resize=768%2C427&amp;ssl=1 768w, https:\/\/i0.wp.com\/cdnoticias.com\/wp-content\/uploads\/2023\/04\/HCD-13-4-23-01.jpg?resize=1536%2C854&amp;ssl=1 1536w, https:\/\/i0.wp.com\/cdnoticias.com\/wp-content\/uploads\/2023\/04\/HCD-13-4-23-01.jpg?resize=800%2C445&amp;ssl=1 800w\" sizes=\"auto, (max-width: 800px) 100vw, 800px\" \/><\/p>\n<p>&nbsp;<\/p>\n<p><strong>Vales de alimento, pasajes y becas del programa Callejeadas <\/strong><\/p>\n<p>&nbsp;<\/p>\n<p>La concejala hizo referencia a otra de las herramientas apuntadas: los<strong> vales de alimentos frescos<\/strong> que se entregan a personas que tengan alguna necesidad espec\u00edfica de alimentaci\u00f3n y a instituciones.<\/p>\n<p>&nbsp;<\/p>\n<blockquote><p>\u201cVayan a los proveedores y pregunt\u00e9nle qu\u00e9 retiraban. Ojal\u00e1 los vecinos y las vecinas puedan retirar palta, r\u00facula, espinaca, peceto, lomo\u201d, resalt\u00f3 y agreg\u00f3: \u201clo mismo sucedi\u00f3 con los pasajes que se entregan generalmente para trasladarse por una cuesti\u00f3n de salud\u201d.<\/p><\/blockquote>\n<p>&nbsp;<\/p>\n<p>Respecto al <strong>programa comunitario \u201cCallejeadas\u201d<\/strong>, Land\u00edvar detall\u00f3 que \u201cotorga becas que se pagan en efectivo en el \u00e1rea de Desarrollo Social\u201d y lanz\u00f3: \u201caverig\u00fcemos qu\u00e9 pas\u00f3 con el total de esas becas, <strong>hay una parte de esas becas que no se entregaron<\/strong>\u201d.<\/p>\n<p>&nbsp;<\/p>\n<p><img data-recalc-dims=\"1\" loading=\"lazy\" decoding=\"async\" class=\"aligncenter size-full wp-image-82234\" src=\"https:\/\/i0.wp.com\/cdnoticias.com\/wp-content\/uploads\/2023\/04\/hcd-carteles-reclamo-tarjeta-alimentaria.jpg?resize=800%2C445&#038;ssl=1\" alt=\"\" width=\"800\" height=\"445\" srcset=\"https:\/\/i0.wp.com\/cdnoticias.com\/wp-content\/uploads\/2023\/04\/hcd-carteles-reclamo-tarjeta-alimentaria.jpg?w=1390&amp;ssl=1 1390w, https:\/\/i0.wp.com\/cdnoticias.com\/wp-content\/uploads\/2023\/04\/hcd-carteles-reclamo-tarjeta-alimentaria.jpg?resize=300%2C167&amp;ssl=1 300w, https:\/\/i0.wp.com\/cdnoticias.com\/wp-content\/uploads\/2023\/04\/hcd-carteles-reclamo-tarjeta-alimentaria.jpg?resize=1024%2C570&amp;ssl=1 1024w, https:\/\/i0.wp.com\/cdnoticias.com\/wp-content\/uploads\/2023\/04\/hcd-carteles-reclamo-tarjeta-alimentaria.jpg?resize=768%2C428&amp;ssl=1 768w, https:\/\/i0.wp.com\/cdnoticias.com\/wp-content\/uploads\/2023\/04\/hcd-carteles-reclamo-tarjeta-alimentaria.jpg?resize=800%2C445&amp;ssl=1 800w\" sizes=\"auto, (max-width: 800px) 100vw, 800px\" \/><\/p>\n<p>&nbsp;<\/p>\n<p><strong>El rol de los trabajadores<\/strong><\/p>\n<p>&nbsp;<\/p>\n<p>Land\u00edvar tambi\u00e9n dedic\u00f3 varios minutos para hablar de la situaci\u00f3n que atraviesan los<strong> empleados y empleadas del \u00e1rea<\/strong> ante una situaci\u00f3n que como m\u00ednimo \u201cse pudo saber que hace m\u00e1s de un a\u00f1o que pasaba\u201d.<\/p>\n<p>&nbsp;<\/p>\n<p>Destac\u00f3 el valor de las personas que se atrevieron a denunciar y se pregunt\u00f3 <strong>\u201cpor qu\u00e9 el empleado o la empleada no quiso contarle esto a Diego Robbiani, sino que decide cont\u00e1rselo a una funcionaria por fuera del \u00e1rea\u201d.<\/strong><\/p>\n<p>&nbsp;<\/p>\n<p>\u201cUstedes entienden lo que es para un trabajador tener que ver c\u00f3mo con total impunidad se manejaban los recursos de la administraci\u00f3n p\u00fablica, generando un entorno laboral dir\u00eda que macabro\u201d, indic\u00f3 Land\u00edvar.<\/p>\n<p>&nbsp;<\/p>\n<p><img data-recalc-dims=\"1\" loading=\"lazy\" decoding=\"async\" class=\"aligncenter size-full wp-image-82236\" src=\"https:\/\/i0.wp.com\/cdnoticias.com\/wp-content\/uploads\/2023\/04\/HCD-13-4-23-04.jpg?resize=800%2C445&#038;ssl=1\" alt=\"\" width=\"800\" height=\"445\" srcset=\"https:\/\/i0.wp.com\/cdnoticias.com\/wp-content\/uploads\/2023\/04\/HCD-13-4-23-04.jpg?w=1600&amp;ssl=1 1600w, https:\/\/i0.wp.com\/cdnoticias.com\/wp-content\/uploads\/2023\/04\/HCD-13-4-23-04.jpg?resize=300%2C167&amp;ssl=1 300w, https:\/\/i0.wp.com\/cdnoticias.com\/wp-content\/uploads\/2023\/04\/HCD-13-4-23-04.jpg?resize=1024%2C570&amp;ssl=1 1024w, https:\/\/i0.wp.com\/cdnoticias.com\/wp-content\/uploads\/2023\/04\/HCD-13-4-23-04.jpg?resize=768%2C427&amp;ssl=1 768w, https:\/\/i0.wp.com\/cdnoticias.com\/wp-content\/uploads\/2023\/04\/HCD-13-4-23-04.jpg?resize=1536%2C854&amp;ssl=1 1536w, https:\/\/i0.wp.com\/cdnoticias.com\/wp-content\/uploads\/2023\/04\/HCD-13-4-23-04.jpg?resize=800%2C445&amp;ssl=1 800w\" sizes=\"auto, (max-width: 800px) 100vw, 800px\" \/><\/p>\n<p>&nbsp;<\/p>\n<p>Afirm\u00f3 que los empleados \u201cest\u00e1n<strong> atemorizados, cansados, agobiados.<\/strong> Solicito que seamos cuidadosos, que se proteja a estos trabajadores. Hay empleados que dicen que no lo contaban porque era tan alevoso, tan impune que cre\u00edan que todos lo sab\u00edan\u201d.<\/p>\n<p>&nbsp;<\/p>\n<p>\u201cCon cada uno de los supuestos hechos de corrupci\u00f3n del municipio se aplica el mismo mecanismo: <strong>se los niega, silencio, se lo minimiza y cuando todo estalla la culpa siempre es de la pol\u00edtica.<\/strong> Me parece que es una situaci\u00f3n muy delicada, tener la humildad de mirar a cada vecino y vecina y hasta pedirle perd\u00f3n\u201d, indic\u00f3 Land\u00edvar.<\/p>\n<p>&nbsp;<\/p>\n<p>Por \u00faltimo y visiblemente emocionada expres\u00f3 que <strong>\u201ccon la comida no se jode. No demos explicaci\u00f3n a lo inexplicable. Y esto no es un circo, sino d\u00edganme cu\u00e1les son los payasos. Lo que veo es una situaci\u00f3n de mucha tristeza\u201d. \u00a0<\/strong><\/p>\n","protected":false},"excerpt":{"rendered":"<p>La presidenta del interbloque Frente de Todos realiz\u00f3 un an\u00e1lisis del funcionamiento de las herramientas cuestionadas: tarjeta Cabal, vales de<\/p>\n","protected":false},"author":5,"featured_media":82235,"comment_status":"closed","ping_status":"closed","sticky":false,"template":"","format":"standard","meta":{"_jetpack_memberships_contains_paid_content":false,"footnotes":""},"categories":[4,1],"tags":[],"class_list":["post-82233","post","type-post","status-publish","format-standard","has-post-thumbnail","hentry","category-politica","category-portada"],"jetpack_featured_media_url":"https:\/\/i0.wp.com\/cdnoticias.com\/wp-content\/uploads\/2023\/04\/landivar-mercedes-HCD-13-4-23.jpg?fit=1600%2C890&ssl=1","jetpack_sharing_enabled":true,"_links":{"self":[{"href":"https:\/\/cdnoticias.com\/index.php\/wp-json\/wp\/v2\/posts\/82233","targetHints":{"allow":["GET"]}}],"collection":[{"href":"https:\/\/cdnoticias.com\/index.php\/wp-json\/wp\/v2\/posts"}],"about":[{"href":"https:\/\/cdnoticias.com\/index.php\/wp-json\/wp\/v2\/types\/post"}],"author":[{"embeddable":true,"href":"https:\/\/cdnoticias.com\/index.php\/wp-json\/wp\/v2\/users\/5"}],"replies":[{"embeddable":true,"href":"https:\/\/cdnoticias.com\/index.php\/wp-json\/wp\/v2\/comments?post=82233"}],"version-history":[{"count":0,"href":"https:\/\/cdnoticias.com\/index.php\/wp-json\/wp\/v2\/posts\/82233\/revisions"}],"wp:featuredmedia":[{"embeddable":true,"href":"https:\/\/cdnoticias.com\/index.php\/wp-json\/wp\/v2\/media\/82235"}],"wp:attachment":[{"href":"https:\/\/cdnoticias.com\/index.php\/wp-json\/wp\/v2\/media?parent=82233"}],"wp:term":[{"taxonomy":"category","embeddable":true,"href":"https:\/\/cdnoticias.com\/index.php\/wp-json\/wp\/v2\/categories?post=82233"},{"taxonomy":"post_tag","embeddable":true,"href":"https:\/\/cdnoticias.com\/index.php\/wp-json\/wp\/v2\/tags?post=82233"}],"curies":[{"name":"wp","href":"https:\/\/api.w.org\/{rel}","templated":true}]}}