{"id":82218,"date":"2023-04-13T09:11:24","date_gmt":"2023-04-13T12:11:24","guid":{"rendered":"https:\/\/www.centraldenoticias.com.ar\/?p=82218"},"modified":"2023-04-13T11:05:13","modified_gmt":"2023-04-13T14:05:13","slug":"ya-sesiona-el-hcd-la-situacion-de-desarrollo-social-y-el-pedido-de-suba-del-agua","status":"publish","type":"post","link":"https:\/\/cdnoticias.com\/index.php\/2023\/04\/13\/ya-sesiona-el-hcd-la-situacion-de-desarrollo-social-y-el-pedido-de-suba-del-agua\/","title":{"rendered":"Ya sesiona el HCD: la situaci\u00f3n de Desarrollo Social y el pedido de suba del Agua"},"content":{"rendered":"<p>Desde las 9:00 en el recinto de la Sociedad Espa\u00f1ola se desarrolla una sesi\u00f3n especial y una nueva sesi\u00f3n ordinaria con temas que prometen mucho debate. Segu\u00ed en vivo la transmisi\u00f3n.<!--more--><\/p>\n<hr \/>\n<p>Desde las 9:00 los concejales se re\u00fanen en el recinto de la Sociedad Espa\u00f1ola para llevar a cabo dos sesiones: una especial y otra ordinaria. Los temas en debate ser\u00e1n las irregularidades en Desarrollo Social y dentro de la tercera sesi\u00f3n ordinaria del cuerpo, se destaca un pedido de aumento del Agua.<\/p>\n<p>&nbsp;<\/p>\n<p>Seguir la sesi\u00f3n en vivo <a href=\"https:\/\/www.youtube.com\/watch?v=ilVyGpMtRwo\" target=\"_blank\" rel=\"noopener\">aqu\u00ed.<\/a><\/p>\n<p>&nbsp;<\/p>\n<p><img data-recalc-dims=\"1\" loading=\"lazy\" decoding=\"async\" class=\"aligncenter size-full wp-image-82227\" src=\"https:\/\/i0.wp.com\/cdnoticias.com\/wp-content\/uploads\/2023\/04\/HCD-13-4-23-01.jpg?resize=800%2C445&#038;ssl=1\" alt=\"\" width=\"800\" height=\"445\" srcset=\"https:\/\/i0.wp.com\/cdnoticias.com\/wp-content\/uploads\/2023\/04\/HCD-13-4-23-01.jpg?w=1600&amp;ssl=1 1600w, https:\/\/i0.wp.com\/cdnoticias.com\/wp-content\/uploads\/2023\/04\/HCD-13-4-23-01.jpg?resize=300%2C167&amp;ssl=1 300w, https:\/\/i0.wp.com\/cdnoticias.com\/wp-content\/uploads\/2023\/04\/HCD-13-4-23-01.jpg?resize=1024%2C570&amp;ssl=1 1024w, https:\/\/i0.wp.com\/cdnoticias.com\/wp-content\/uploads\/2023\/04\/HCD-13-4-23-01.jpg?resize=768%2C427&amp;ssl=1 768w, https:\/\/i0.wp.com\/cdnoticias.com\/wp-content\/uploads\/2023\/04\/HCD-13-4-23-01.jpg?resize=1536%2C854&amp;ssl=1 1536w, https:\/\/i0.wp.com\/cdnoticias.com\/wp-content\/uploads\/2023\/04\/HCD-13-4-23-01.jpg?resize=800%2C445&amp;ssl=1 800w\" sizes=\"auto, (max-width: 800px) 100vw, 800px\" \/><\/p>\n<p>&nbsp;<\/p>\n<p><strong>Sesi\u00f3n Especial<\/strong><\/p>\n<p>&nbsp;<\/p>\n<p>La actividad parlamentaria iniciar\u00e1 con el desarrollo de la sesi\u00f3n especial convocada por Decreto 007\/23 tras una solicitud realizada por concejales del Frente de Todos.<\/p>\n<p>&nbsp;<\/p>\n<p>Se acord\u00f3 el tratamiento de los siguientes proyectos: una resoluci\u00f3n sobre sumarios administrativos en el \u00e1rea de Desarrollo Social, otra resoluci\u00f3n solicitando al Departamento Ejecutivo Municipal que requiera al Tribunal de Cuentas de la provincia de Buenos Aires una auditor\u00eda general a la Secretar\u00eda de Desarrollo Humano y Calidad de Vida, un proyecto de decreto sobre concurrencia del Secretario de Desarrollo Humano y Calidad de vida al HCD, Diego Robbiani, un pedido de informes sobre programas sociales de la subsecretar\u00eda de Desarrollo Social y otro pedido de informes sobre la secretar\u00eda de Desarrollo Humano y Calidad de Vida y la subsecretar\u00eda de Desarrollo Social.<\/p>\n<p>&nbsp;<\/p>\n<p><img data-recalc-dims=\"1\" loading=\"lazy\" decoding=\"async\" class=\"aligncenter size-full wp-image-82226\" src=\"https:\/\/i0.wp.com\/cdnoticias.com\/wp-content\/uploads\/2023\/04\/HCD-13-4-23-02.jpg?resize=800%2C445&#038;ssl=1\" alt=\"\" width=\"800\" height=\"445\" srcset=\"https:\/\/i0.wp.com\/cdnoticias.com\/wp-content\/uploads\/2023\/04\/HCD-13-4-23-02.jpg?w=1600&amp;ssl=1 1600w, https:\/\/i0.wp.com\/cdnoticias.com\/wp-content\/uploads\/2023\/04\/HCD-13-4-23-02.jpg?resize=300%2C167&amp;ssl=1 300w, https:\/\/i0.wp.com\/cdnoticias.com\/wp-content\/uploads\/2023\/04\/HCD-13-4-23-02.jpg?resize=1024%2C570&amp;ssl=1 1024w, https:\/\/i0.wp.com\/cdnoticias.com\/wp-content\/uploads\/2023\/04\/HCD-13-4-23-02.jpg?resize=768%2C427&amp;ssl=1 768w, https:\/\/i0.wp.com\/cdnoticias.com\/wp-content\/uploads\/2023\/04\/HCD-13-4-23-02.jpg?resize=1536%2C854&amp;ssl=1 1536w, https:\/\/i0.wp.com\/cdnoticias.com\/wp-content\/uploads\/2023\/04\/HCD-13-4-23-02.jpg?resize=800%2C445&amp;ssl=1 800w\" sizes=\"auto, (max-width: 800px) 100vw, 800px\" \/><\/p>\n<p>&nbsp;<\/p>\n<p><strong>\u00a03\u00b0 Sesi\u00f3n Ordinaria<\/strong><\/p>\n<p>&nbsp;<\/p>\n<p>Posteriormente, se desarrollar\u00e1 la tercera sesi\u00f3n ordinaria del periodo deliberativo 2023. En primera instancia se le dar\u00e1 ingreso y tomar\u00e1n estado parlamentario un total de 27 expedientes que ser\u00e1n girados a las distintas comisiones internas. Entre ellos se encuentra la Rendici\u00f3n de Cuentas 2022 presentada por el Departamento Ejecutivo Municipal que fue despachada a las comisiones de Hacienda y Legislaci\u00f3n, donde se iniciar\u00e1 su tratamiento.<\/p>\n<p>&nbsp;<\/p>\n<p>En la continuidad de la sesi\u00f3n, se avanzar\u00e1 en el tratamiento de 19 proyectos de Ordenanzas que fueron despachados por la comisi\u00f3n de Legislaci\u00f3n. Se trata de 10 donaciones de inmuebles, 7 convalidaciones y dos proyectos referidos a Coopelectric, entre los que se encuentra la actualizaci\u00f3n de las tarifas vigentes.<\/p>\n<p>&nbsp;<\/p>\n<p>Al final de la sesi\u00f3n, se considerar\u00e1n seis expedientes ingresados en t\u00e9rmino reglamentario por los distintos bloques pol\u00edticos: tres de \u201cJuntos\u201d, dos del interbloque Frente de Todos y uno de \u201cJuntos-UCR\u201d.<\/p>\n","protected":false},"excerpt":{"rendered":"<p>Desde las 9:00 en el recinto de la Sociedad Espa\u00f1ola se desarrolla una sesi\u00f3n especial y una nueva sesi\u00f3n ordinaria<\/p>\n","protected":false},"author":5,"featured_media":82230,"comment_status":"closed","ping_status":"closed","sticky":false,"template":"","format":"standard","meta":{"_jetpack_memberships_contains_paid_content":false,"footnotes":""},"categories":[4,1],"tags":[],"class_list":["post-82218","post","type-post","status-publish","format-standard","has-post-thumbnail","hentry","category-politica","category-portada"],"jetpack_featured_media_url":"https:\/\/i0.wp.com\/cdnoticias.com\/wp-content\/uploads\/2023\/04\/HCD-13-4-23-03.jpg?fit=1600%2C900&ssl=1","jetpack_sharing_enabled":true,"_links":{"self":[{"href":"https:\/\/cdnoticias.com\/index.php\/wp-json\/wp\/v2\/posts\/82218","targetHints":{"allow":["GET"]}}],"collection":[{"href":"https:\/\/cdnoticias.com\/index.php\/wp-json\/wp\/v2\/posts"}],"about":[{"href":"https:\/\/cdnoticias.com\/index.php\/wp-json\/wp\/v2\/types\/post"}],"author":[{"embeddable":true,"href":"https:\/\/cdnoticias.com\/index.php\/wp-json\/wp\/v2\/users\/5"}],"replies":[{"embeddable":true,"href":"https:\/\/cdnoticias.com\/index.php\/wp-json\/wp\/v2\/comments?post=82218"}],"version-history":[{"count":0,"href":"https:\/\/cdnoticias.com\/index.php\/wp-json\/wp\/v2\/posts\/82218\/revisions"}],"wp:featuredmedia":[{"embeddable":true,"href":"https:\/\/cdnoticias.com\/index.php\/wp-json\/wp\/v2\/media\/82230"}],"wp:attachment":[{"href":"https:\/\/cdnoticias.com\/index.php\/wp-json\/wp\/v2\/media?parent=82218"}],"wp:term":[{"taxonomy":"category","embeddable":true,"href":"https:\/\/cdnoticias.com\/index.php\/wp-json\/wp\/v2\/categories?post=82218"},{"taxonomy":"post_tag","embeddable":true,"href":"https:\/\/cdnoticias.com\/index.php\/wp-json\/wp\/v2\/tags?post=82218"}],"curies":[{"name":"wp","href":"https:\/\/api.w.org\/{rel}","templated":true}]}}