{"id":82216,"date":"2023-04-13T08:28:50","date_gmt":"2023-04-13T11:28:50","guid":{"rendered":"https:\/\/www.centraldenoticias.com.ar\/?p=82216"},"modified":"2023-04-13T08:28:50","modified_gmt":"2023-04-13T11:28:50","slug":"sesionan-para-investigar-el-robo-en-desarrollo-pero-terminan-robandonos-con-las-tarifas-de-agua","status":"publish","type":"post","link":"https:\/\/cdnoticias.com\/index.php\/2023\/04\/13\/sesionan-para-investigar-el-robo-en-desarrollo-pero-terminan-robandonos-con-las-tarifas-de-agua\/","title":{"rendered":"\u201cSesionan para investigar el robo en Desarrollo pero terminan rob\u00e1ndonos con las tarifas de agua\u201d"},"content":{"rendered":"<p>As\u00ed lo indic\u00f3 Agust\u00edn Mestralet, el precandidato a intendente por el Partido Obrero en el Frente de Izquierda antes de la sesi\u00f3n del HCD.<!--more--><\/p>\n<hr \/>\n<p><strong>Agust\u00edn Mestralet, precandidato a intendente por el Partido Obrero en el Frente de Izquierda<\/strong> se expres\u00f3 antes de la sesi\u00f3n especial del Concejo Deliberante que se concretar\u00e1 este jueves para debatir proyectos sobre las <strong>irregularidades en Desarrollo Social<\/strong> y en una nueva sesi\u00f3n ordinaria, se debatir\u00e1 un<strong> pedido de suba de la tarifa de Obras Sanitarias<\/strong> de Coopelectric.<\/p>\n<p>&nbsp;<\/p>\n<p>Respecto a la sesi\u00f3n especial Mestralet indic\u00f3 que \u201cel momento que supimos de la denuncia y expulsi\u00f3n de Silvana Rosales por el desfalco con las tarjetas \u2018Cabal\u2019 del Plan Alimentario Municipal dijimos que <strong>Diego Robbiani no pod\u00eda auto-auditarse y que era necesaria una comisi\u00f3n investigadora independiente integrada por referentes vecinales y de las organizaciones sociales<\/strong> que intervenimos en la cuesti\u00f3n en los barrios\u201d.<\/p>\n<p>&nbsp;<\/p>\n<p>\u201c<strong>Con el hambre de nuestro pueblo no se juega<\/strong>: las necesidades alimentarias de los sectores populares son crecientes y urgentes. Por eso no vemos que la investigaci\u00f3n judicial, que promueve Robbiani, o del Tribunal de Cuentas provincial, que promueve el peronismo, vayan a dar un resultado satisfactorio\u201d, agreg\u00f3 Mestralet.<\/p>\n<p>&nbsp;<\/p>\n<p>Tambi\u00e9n, el precandidato se refiri\u00f3 al tema central que se abordar\u00e1 en la tercera sesi\u00f3n ordinaria: el <a href=\"https:\/\/cdnoticias.com\/index.php\/2023\/04\/12\/pedido-de-aumento-de-agua-el-municipio-avalara-una-suba-de-246\/\" target=\"_blank\" rel=\"noopener\">pedido de aumento del 246%<\/a> de la tarifa del agua que cuenta con el aval del gobierno municipal. \u201cEs escandaloso que despu\u00e9s de sesionar para investigar el robo en Desarrollo Social lo hagan para robarnos con las tarifas de agua\u201d, expres\u00f3.<\/p>\n<p>&nbsp;<\/p>\n<p>\u201cAs\u00ed como el gobierno de Ezequiel Galli nos castiga con aumentos de tasas a caballo de una inflaci\u00f3n del 100%, quiere garantizarle el mismo negocio a sus socios pol\u00edticos de la administraci\u00f3n de Coopelectric.<strong> El Pro, el curismo y la UCR (es decir Juntos por el Cambio) son responsables de las deficiencias del servicio<\/strong>: baja presi\u00f3n, cortes de suministro durante el verano y falta de cloacas en much\u00edsimas zonas. Sin embargo no est\u00e1n claros los n\u00fameros de los costos del servicio y, principalmente, de sus ganancias. Es una virtual caja negra que luego financia las campa\u00f1as pol\u00edticas de unos y otros\u201d, continu\u00f3.<\/p>\n<p>&nbsp;<\/p>\n<p>Por \u00faltimo, Mestralet cuestion\u00f3: \u201cel aumento avalado por el municipio es recontra-excesivo: \u00bfa qu\u00e9 trabajador le reconocen un aumento salarial de esta proporci\u00f3n? A ninguno, empezando por los municipales. Por todo esto<strong> reclamamos que la empresa abra sus libros y que sean p\u00fablicos tanto sus gastos como sus ingresos<\/strong>\u201d.<\/p>\n<p>&nbsp;<\/p>\n<blockquote class=\"wp-embedded-content\" data-secret=\"7LMbFbL5lg\"><p><a href=\"https:\/\/cdnoticias.com\/index.php\/2023\/04\/12\/con-la-situacion-de-desarrollo-social-y-un-pedido-de-suba-del-agua-sesiona-el-hcd\/\">Con la situaci\u00f3n de Desarrollo Social y un pedido de suba del Agua, sesiona el HCD<\/a><\/p><\/blockquote>\n<p><iframe loading=\"lazy\" class=\"wp-embedded-content\" sandbox=\"allow-scripts\" security=\"restricted\" style=\"position: absolute; clip: rect(1px, 1px, 1px, 1px);\" title=\"&#8220;Con la situaci\u00f3n de Desarrollo Social y un pedido de suba del Agua, sesiona el HCD&#8221; &#8212; Central de Noticias | Olavarr\u00eda\" src=\"https:\/\/cdnoticias.com\/index.php\/2023\/04\/12\/con-la-situacion-de-desarrollo-social-y-un-pedido-de-suba-del-agua-sesiona-el-hcd\/embed\/#?secret=H9mkNz7DSv#?secret=7LMbFbL5lg\" data-secret=\"7LMbFbL5lg\" width=\"600\" height=\"338\" frameborder=\"0\" marginwidth=\"0\" marginheight=\"0\" scrolling=\"no\"><\/iframe><\/p>\n","protected":false},"excerpt":{"rendered":"<p>As\u00ed lo indic\u00f3 Agust\u00edn Mestralet, el precandidato a intendente por el Partido Obrero en el Frente de Izquierda antes de<\/p>\n","protected":false},"author":5,"featured_media":77116,"comment_status":"closed","ping_status":"closed","sticky":false,"template":"","format":"standard","meta":{"_jetpack_memberships_contains_paid_content":false,"footnotes":""},"categories":[4,1],"tags":[],"class_list":["post-82216","post","type-post","status-publish","format-standard","has-post-thumbnail","hentry","category-politica","category-portada"],"jetpack_featured_media_url":"https:\/\/i0.wp.com\/cdnoticias.com\/wp-content\/uploads\/2023\/02\/mestralet-polo-obrero-scaled.jpg?fit=2560%2C1424&ssl=1","jetpack_sharing_enabled":true,"_links":{"self":[{"href":"https:\/\/cdnoticias.com\/index.php\/wp-json\/wp\/v2\/posts\/82216","targetHints":{"allow":["GET"]}}],"collection":[{"href":"https:\/\/cdnoticias.com\/index.php\/wp-json\/wp\/v2\/posts"}],"about":[{"href":"https:\/\/cdnoticias.com\/index.php\/wp-json\/wp\/v2\/types\/post"}],"author":[{"embeddable":true,"href":"https:\/\/cdnoticias.com\/index.php\/wp-json\/wp\/v2\/users\/5"}],"replies":[{"embeddable":true,"href":"https:\/\/cdnoticias.com\/index.php\/wp-json\/wp\/v2\/comments?post=82216"}],"version-history":[{"count":0,"href":"https:\/\/cdnoticias.com\/index.php\/wp-json\/wp\/v2\/posts\/82216\/revisions"}],"wp:featuredmedia":[{"embeddable":true,"href":"https:\/\/cdnoticias.com\/index.php\/wp-json\/wp\/v2\/media\/77116"}],"wp:attachment":[{"href":"https:\/\/cdnoticias.com\/index.php\/wp-json\/wp\/v2\/media?parent=82216"}],"wp:term":[{"taxonomy":"category","embeddable":true,"href":"https:\/\/cdnoticias.com\/index.php\/wp-json\/wp\/v2\/categories?post=82216"},{"taxonomy":"post_tag","embeddable":true,"href":"https:\/\/cdnoticias.com\/index.php\/wp-json\/wp\/v2\/tags?post=82216"}],"curies":[{"name":"wp","href":"https:\/\/api.w.org\/{rel}","templated":true}]}}