{"id":82205,"date":"2023-04-12T20:39:02","date_gmt":"2023-04-12T23:39:02","guid":{"rendered":"https:\/\/www.centraldenoticias.com.ar\/?p=82205"},"modified":"2023-04-13T09:11:36","modified_gmt":"2023-04-13T12:11:36","slug":"un-medico-platense-radicado-en-olavarria-murio-en-un-gravisimo-accidente-en-ruta-65","status":"publish","type":"post","link":"https:\/\/cdnoticias.com\/index.php\/2023\/04\/12\/un-medico-platense-radicado-en-olavarria-murio-en-un-gravisimo-accidente-en-ruta-65\/","title":{"rendered":"Un m\u00e9dico platense radicado en Olavarr\u00eda muri\u00f3 en un grav\u00edsimo accidente en ruta 65"},"content":{"rendered":"<p>Fue en la jornada de este mi\u00e9rcoles, entre Urdampilleta y Pirovano. El auto que conduc\u00eda impact\u00f3 contra un cami\u00f3n Scania. <!--more--><\/p>\n<hr \/>\n<p>En la jornada de este mi\u00e9rcoles, <strong>un m\u00e9dico platense radicado en Olavarr\u00eda muri\u00f3 tras un violent\u00edsimo accidente en ruta 65 tras impactar con su auto contra un cami\u00f3n Scania.<\/strong><\/p>\n<p>&nbsp;<\/p>\n<p>Seg\u00fan inform\u00f3<a href=\"https:\/\/www.diariolamanana.com.ar\/noticia\/medico-platense-fallecio-en-un-tragico-accidente-en-la-ruta-provincial-65\/?fbclid=IwAR2YClXF-dmIGqQyHgopbqKRHQ_b9jdyJoBNcx-IoH2i_56L7-frkBlcZfE\" target=\"_blank\" rel=\"noopener\"> el diario La Ma\u00f1ana de Bol\u00edvar<\/a>, el hecho se produjo cuando<strong> el veh\u00edculo que conduc\u00eda el m\u00e9dico, un Volkswagen Bora, se dirig\u00eda en direcci\u00f3n hacia Bol\u00edvar cuando impact\u00f3 contra un cami\u00f3n Scania que se trasladaba en sentido contrario.<\/strong><\/p>\n<p>&nbsp;<\/p>\n<p><img data-recalc-dims=\"1\" loading=\"lazy\" decoding=\"async\" class=\"alignnone size-full wp-image-82208\" src=\"https:\/\/i0.wp.com\/cdnoticias.com\/wp-content\/uploads\/2023\/04\/acci-65.jpeg?resize=418%2C248&#038;ssl=1\" alt=\"\" width=\"418\" height=\"248\" srcset=\"https:\/\/i0.wp.com\/cdnoticias.com\/wp-content\/uploads\/2023\/04\/acci-65.jpeg?w=418&amp;ssl=1 418w, https:\/\/i0.wp.com\/cdnoticias.com\/wp-content\/uploads\/2023\/04\/acci-65.jpeg?resize=300%2C178&amp;ssl=1 300w\" sizes=\"auto, (max-width: 418px) 100vw, 418px\" \/><\/p>\n<p>&nbsp;<\/p>\n<p>El auto en el que viajaba el m\u00e9dico platense despist\u00f3 hacia la banquina izquierda y se incendi\u00f3 ocasionando la muerte inmediata del <strong>pediatra Mat\u00edas Leandro Badia, de 44 a\u00f1os, quien resid\u00eda en Olavarr\u00eda y trabajaba tambi\u00e9n en la ciudad de Daireaux<\/strong>, lugar de donde regresaba cuando se produjo el accidente.<\/p>\n<p>&nbsp;<\/p>\n<p>Con respecto al chofer del cami\u00f3n Scania, que transportaba cajones de naranjas, volc\u00f3 y qued\u00f3 cruzado sobre la cinta asf\u00e1ltica. <strong>Su conductor, identificado como Gustavo Angel Moix, de 42 a\u00f1os oriundo de Entre R\u00edos, fue asistido en el lugar por personal del Hospital Juana G. de Miguens de Urdampilleta y fue trasladado hacia ese centro de salud.<\/strong><\/p>\n<p>&nbsp;<\/p>\n<p><img data-recalc-dims=\"1\" loading=\"lazy\" decoding=\"async\" class=\"alignnone size-full wp-image-82206\" src=\"https:\/\/i0.wp.com\/cdnoticias.com\/wp-content\/uploads\/2023\/04\/acci-65-3.jpeg?resize=519%2C411&#038;ssl=1\" alt=\"\" width=\"519\" height=\"411\" srcset=\"https:\/\/i0.wp.com\/cdnoticias.com\/wp-content\/uploads\/2023\/04\/acci-65-3.jpeg?w=519&amp;ssl=1 519w, https:\/\/i0.wp.com\/cdnoticias.com\/wp-content\/uploads\/2023\/04\/acci-65-3.jpeg?resize=300%2C238&amp;ssl=1 300w\" sizes=\"auto, (max-width: 519px) 100vw, 519px\" \/><\/p>\n<p>&nbsp;<\/p>\n<p><img data-recalc-dims=\"1\" loading=\"lazy\" decoding=\"async\" class=\"alignnone size-full wp-image-82207\" src=\"https:\/\/i0.wp.com\/cdnoticias.com\/wp-content\/uploads\/2023\/04\/acci-65-4-1024x602-1.jpeg?resize=800%2C470&#038;ssl=1\" alt=\"\" width=\"800\" height=\"470\" srcset=\"https:\/\/i0.wp.com\/cdnoticias.com\/wp-content\/uploads\/2023\/04\/acci-65-4-1024x602-1.jpeg?w=1024&amp;ssl=1 1024w, https:\/\/i0.wp.com\/cdnoticias.com\/wp-content\/uploads\/2023\/04\/acci-65-4-1024x602-1.jpeg?resize=300%2C176&amp;ssl=1 300w, https:\/\/i0.wp.com\/cdnoticias.com\/wp-content\/uploads\/2023\/04\/acci-65-4-1024x602-1.jpeg?resize=768%2C452&amp;ssl=1 768w\" sizes=\"auto, (max-width: 800px) 100vw, 800px\" \/><\/p>\n<p>&nbsp;<\/p>\n<p>All\u00ed trabajaron <strong>dos dotaciones de Bomberos Voluntarios de Urdampilleta y una dotaci\u00f3n de Pirovano quienes trabajaron para sofocar el incendio del autom\u00f3vil que qued\u00f3 totalmente quemado<\/strong> y, adem\u00e1s, asistieron al conductor del cami\u00f3n hasta la llegada de la ambulancia del Hospital de Urdampilleta.<\/p>\n<p>&nbsp;<\/p>\n<p>La ruta se encuentra cortada al tr\u00e1nsito desde los accesos a las localidades de Urdampilleta y Pirovano y trabajaron personal policial de la Sub Comisaria de Urdampilleta, agentes de Seguridad Vial y Defensa Civil que se encontraban al<strong> aguardo de la llegada de peritos de Polic\u00eda Cient\u00edfica de Olavarr\u00eda, quienes realizar\u00e1n los trabajos de peritaje correspondientes para determinar lo sucedido.<\/strong><\/p>\n<p>&nbsp;<\/p>\n","protected":false},"excerpt":{"rendered":"<p>Fue en la jornada de este mi\u00e9rcoles, entre Urdampilleta y Pirovano. El auto que conduc\u00eda impact\u00f3 contra un cami\u00f3n Scania.<\/p>\n","protected":false},"author":2,"featured_media":82209,"comment_status":"closed","ping_status":"closed","sticky":false,"template":"","format":"standard","meta":{"_jetpack_memberships_contains_paid_content":false,"footnotes":""},"categories":[14,1],"tags":[],"class_list":["post-82205","post","type-post","status-publish","format-standard","has-post-thumbnail","hentry","category-policiales","category-portada"],"jetpack_featured_media_url":"https:\/\/i0.wp.com\/cdnoticias.com\/wp-content\/uploads\/2023\/04\/acci-65-2.jpeg?fit=654%2C535&ssl=1","jetpack_sharing_enabled":true,"_links":{"self":[{"href":"https:\/\/cdnoticias.com\/index.php\/wp-json\/wp\/v2\/posts\/82205","targetHints":{"allow":["GET"]}}],"collection":[{"href":"https:\/\/cdnoticias.com\/index.php\/wp-json\/wp\/v2\/posts"}],"about":[{"href":"https:\/\/cdnoticias.com\/index.php\/wp-json\/wp\/v2\/types\/post"}],"author":[{"embeddable":true,"href":"https:\/\/cdnoticias.com\/index.php\/wp-json\/wp\/v2\/users\/2"}],"replies":[{"embeddable":true,"href":"https:\/\/cdnoticias.com\/index.php\/wp-json\/wp\/v2\/comments?post=82205"}],"version-history":[{"count":0,"href":"https:\/\/cdnoticias.com\/index.php\/wp-json\/wp\/v2\/posts\/82205\/revisions"}],"wp:featuredmedia":[{"embeddable":true,"href":"https:\/\/cdnoticias.com\/index.php\/wp-json\/wp\/v2\/media\/82209"}],"wp:attachment":[{"href":"https:\/\/cdnoticias.com\/index.php\/wp-json\/wp\/v2\/media?parent=82205"}],"wp:term":[{"taxonomy":"category","embeddable":true,"href":"https:\/\/cdnoticias.com\/index.php\/wp-json\/wp\/v2\/categories?post=82205"},{"taxonomy":"post_tag","embeddable":true,"href":"https:\/\/cdnoticias.com\/index.php\/wp-json\/wp\/v2\/tags?post=82205"}],"curies":[{"name":"wp","href":"https:\/\/api.w.org\/{rel}","templated":true}]}}