{"id":82192,"date":"2023-04-12T18:25:25","date_gmt":"2023-04-12T21:25:25","guid":{"rendered":"https:\/\/www.centraldenoticias.com.ar\/?p=82192"},"modified":"2023-04-12T18:25:25","modified_gmt":"2023-04-12T21:25:25","slug":"con-la-situacion-de-desarrollo-social-y-un-pedido-de-suba-del-agua-sesiona-el-hcd","status":"publish","type":"post","link":"https:\/\/cdnoticias.com\/index.php\/2023\/04\/12\/con-la-situacion-de-desarrollo-social-y-un-pedido-de-suba-del-agua-sesiona-el-hcd\/","title":{"rendered":"Con la situaci\u00f3n de Desarrollo Social y un pedido de suba del Agua, sesiona el HCD"},"content":{"rendered":"<p>Ser\u00e1 desde las 09:00 horas en el recinto de la Sociedad Espa\u00f1ola. Habr\u00e1 una sesi\u00f3n especial para debatir proyectos sobre las irregularidades en Desarrollo Social y en una nueva sesi\u00f3n ordinaria, se debatir\u00e1 un pedido de suba de la tarifa de Obras Sanitarias de Coopelectric.<!--more--><\/p>\n<hr \/>\n<p>Tras la reuni\u00f3n de Labor Parlamentaria de este mi\u00e9rcoles por la ma\u00f1ana<strong>, se definieron los temas que se discutir\u00e1n en la sesi\u00f3n especial convocada por las irregularidades en Desarrollo Social y la tercera sesi\u00f3n ordinaria del cuerpo.<\/strong><\/p>\n<p>&nbsp;<\/p>\n<blockquote><p>Todo se desarrollar\u00e1 desde las 09:00 horas en el recinto de la Sociedad Espa\u00f1ola y tendr\u00e1 transmisi\u00f3n en vivo.<\/p><\/blockquote>\n<p>&nbsp;<\/p>\n<p>Cabe se\u00f1alar que todo se defini\u00f3 en la reuni\u00f3n encabezada por la presidenta del Concejo Deliberante de Olavarr\u00eda, Cecilia Krivochen junto a Mart\u00edn Endere (Juntos), Mercedes Landivar (Frente de Todos), Celeste Arouxet (Ahora Olavarr\u00eda), Sebasti\u00e1n Matrella (UCR-Juntos) e In\u00e9s Creimer (Foro Olavarr\u00eda \u2013 FR en el Frente de Todos).<\/p>\n<p>&nbsp;<\/p>\n<p><img data-recalc-dims=\"1\" loading=\"lazy\" decoding=\"async\" class=\"alignnone size-large wp-image-82193\" src=\"https:\/\/i0.wp.com\/cdnoticias.com\/wp-content\/uploads\/2023\/04\/Labor-Parlamentaria-1.jpg?resize=800%2C534&#038;ssl=1\" alt=\"\" width=\"800\" height=\"534\" srcset=\"https:\/\/i0.wp.com\/cdnoticias.com\/wp-content\/uploads\/2023\/04\/Labor-Parlamentaria-1.jpg?resize=1024%2C683&amp;ssl=1 1024w, https:\/\/i0.wp.com\/cdnoticias.com\/wp-content\/uploads\/2023\/04\/Labor-Parlamentaria-1.jpg?resize=300%2C200&amp;ssl=1 300w, https:\/\/i0.wp.com\/cdnoticias.com\/wp-content\/uploads\/2023\/04\/Labor-Parlamentaria-1.jpg?resize=768%2C512&amp;ssl=1 768w, https:\/\/i0.wp.com\/cdnoticias.com\/wp-content\/uploads\/2023\/04\/Labor-Parlamentaria-1.jpg?resize=272%2C182&amp;ssl=1 272w, https:\/\/i0.wp.com\/cdnoticias.com\/wp-content\/uploads\/2023\/04\/Labor-Parlamentaria-1.jpg?w=1500&amp;ssl=1 1500w\" sizes=\"auto, (max-width: 800px) 100vw, 800px\" \/><\/p>\n<p>&nbsp;<\/p>\n<p><span style=\"text-decoration: underline;\"><strong>Sesi\u00f3n Especial<\/strong><\/span><\/p>\n<p>&nbsp;<\/p>\n<p>La actividad parlamentaria iniciar\u00e1 con el desarrollo de la<strong> sesi\u00f3n especial convocada por Decreto 007\/23 tras una solicitud realizada por concejales del Frente de Todos.<\/strong><\/p>\n<p>&nbsp;<\/p>\n<p><strong>Se acord\u00f3 el tratamiento de los siguientes proyectos<\/strong>: una resoluci\u00f3n sobre sumarios administrativos en el \u00e1rea de Desarrollo Social, otra resoluci\u00f3n solicitando al Departamento Ejecutivo Municipal que requiera al Tribunal de Cuentas de la provincia de Buenos Aires una auditor\u00eda general a la Secretar\u00eda de Desarrollo Humano y Calidad de Vida, un proyecto de decreto sobre concurrencia del Secretario de Desarrollo Humano y Calidad de vida al HCD, Diego Robbiani, un pedido de informes sobre programas sociales de la subsecretar\u00eda de Desarrollo Social y otro pedido de informes sobre la secretar\u00eda de Desarrollo Humano y Calidad de Vida y la subsecretar\u00eda de Desarrollo Social.<\/p>\n<p>&nbsp;<\/p>\n<p><span style=\"text-decoration: underline;\"><strong>3\u00b0 Sesi\u00f3n Ordinaria<\/strong><\/span><\/p>\n<p>&nbsp;<\/p>\n<p>Posteriormente, se desarrollar\u00e1 la tercera sesi\u00f3n ordinaria del periodo deliberativo 2023. En primera instancia se le dar\u00e1 ingreso y tomar\u00e1n estado parlamentario un total de 27 expedientes que ser\u00e1n girados a las distintas comisiones internas. <strong>Entre ellos se encuentra la Rendici\u00f3n de Cuentas 2022 presentada por el Departamento Ejecutivo Municipal que fue despachada a las comisiones de Hacienda y Legislaci\u00f3n, donde se iniciar\u00e1 su tratamiento.<\/strong><\/p>\n<p>&nbsp;<\/p>\n<p>En la continuidad de la sesi\u00f3n, se avanzar\u00e1 en el tratamiento de 19 proyectos de Ordenanzas que fueron despachados por la comisi\u00f3n de Legislaci\u00f3n. Se trata de 10 donaciones de inmuebles, 7 convalidaciones y <strong>dos proyectos referidos a Coopelectric, entre los que se encuentra la actualizaci\u00f3n de las tarifas vigentes.<\/strong><\/p>\n<p>&nbsp;<\/p>\n<p>Al final de la sesi\u00f3n, se considerar\u00e1n seis expedientes ingresados en t\u00e9rmino reglamentario por los distintos bloques pol\u00edticos: tres de \u201cJuntos\u201d, dos del interbloque Frente de Todos y uno de \u201cJuntos-UCR\u201d.<\/p>\n","protected":false},"excerpt":{"rendered":"<p>Ser\u00e1 desde las 09:00 horas en el recinto de la Sociedad Espa\u00f1ola. Habr\u00e1 una sesi\u00f3n especial para debatir proyectos sobre<\/p>\n","protected":false},"author":2,"featured_media":82194,"comment_status":"closed","ping_status":"closed","sticky":false,"template":"","format":"standard","meta":{"_jetpack_memberships_contains_paid_content":false,"footnotes":""},"categories":[4,1],"tags":[],"class_list":["post-82192","post","type-post","status-publish","format-standard","has-post-thumbnail","hentry","category-politica","category-portada"],"jetpack_featured_media_url":"https:\/\/i0.wp.com\/cdnoticias.com\/wp-content\/uploads\/2023\/04\/Labor-Parlamentaria-3.jpg?fit=1466%2C838&ssl=1","jetpack_sharing_enabled":true,"_links":{"self":[{"href":"https:\/\/cdnoticias.com\/index.php\/wp-json\/wp\/v2\/posts\/82192","targetHints":{"allow":["GET"]}}],"collection":[{"href":"https:\/\/cdnoticias.com\/index.php\/wp-json\/wp\/v2\/posts"}],"about":[{"href":"https:\/\/cdnoticias.com\/index.php\/wp-json\/wp\/v2\/types\/post"}],"author":[{"embeddable":true,"href":"https:\/\/cdnoticias.com\/index.php\/wp-json\/wp\/v2\/users\/2"}],"replies":[{"embeddable":true,"href":"https:\/\/cdnoticias.com\/index.php\/wp-json\/wp\/v2\/comments?post=82192"}],"version-history":[{"count":0,"href":"https:\/\/cdnoticias.com\/index.php\/wp-json\/wp\/v2\/posts\/82192\/revisions"}],"wp:featuredmedia":[{"embeddable":true,"href":"https:\/\/cdnoticias.com\/index.php\/wp-json\/wp\/v2\/media\/82194"}],"wp:attachment":[{"href":"https:\/\/cdnoticias.com\/index.php\/wp-json\/wp\/v2\/media?parent=82192"}],"wp:term":[{"taxonomy":"category","embeddable":true,"href":"https:\/\/cdnoticias.com\/index.php\/wp-json\/wp\/v2\/categories?post=82192"},{"taxonomy":"post_tag","embeddable":true,"href":"https:\/\/cdnoticias.com\/index.php\/wp-json\/wp\/v2\/tags?post=82192"}],"curies":[{"name":"wp","href":"https:\/\/api.w.org\/{rel}","templated":true}]}}