{"id":82112,"date":"2023-04-11T21:23:56","date_gmt":"2023-04-12T00:23:56","guid":{"rendered":"https:\/\/www.centraldenoticias.com.ar\/?p=82112"},"modified":"2023-04-12T08:45:52","modified_gmt":"2023-04-12T11:45:52","slug":"el-municipio-denuncio-en-la-justicia-las-irregularidades-en-desarrollo-social","status":"publish","type":"post","link":"https:\/\/cdnoticias.com\/index.php\/2023\/04\/11\/el-municipio-denuncio-en-la-justicia-las-irregularidades-en-desarrollo-social\/","title":{"rendered":"El Municipio denunci\u00f3 en la Justicia las irregularidades en Desarrollo Social"},"content":{"rendered":"<p>El secretario Diego Robbiani se present\u00f3 en la Fiscal\u00eda de Delitos Especiales de Azul. Declar\u00f3 durante una hora y media y confirm\u00f3 que tambi\u00e9n avanza un sumario en Legales.<!--more--><\/p>\n<hr \/>\n<p>Este lunes, <strong>el Secretario de Desarrollo Humano y Calidad de Vida del Municipio Diego Robbiani se present\u00f3 espont\u00e1neamente en la Fiscal\u00eda de Delitos Especiales del Departamento Judicial de Azul y realiz\u00f3 la denuncia formal por irregularidades en la Subsecretar\u00eda de Desarrollo Social.<\/strong><\/p>\n<p>&nbsp;<\/p>\n<p>En este sentido, Robbiani explic\u00f3 que se dio<em> \u201ccomo consecuencia de las primeras declaraciones de los trabajadores municipales en el marco del sumario administrativo que realiz\u00f3 la Subsecretar\u00eda de Legal y T\u00e9cnica, me present\u00e9 a los efectos de radicar la denuncia y aportar documentaci\u00f3n correspondiente\u201d.<\/em><\/p>\n<p>&nbsp;<\/p>\n<blockquote><p>Asimismo, el funcionario municipal indic\u00f3 que \u201cquien tom\u00f3 la declaraci\u00f3n durante una hora y media fue la Auxiliar Letrada de la Fiscal\u00eda a cargo del Fiscal Jos\u00e9 Calonje\u201d.<\/p><\/blockquote>\n<p>&nbsp;<\/p>\n<p>Adem\u00e1s, Diego Robbiani asegur\u00f3 que, en paralelo,<strong> contin\u00faa en marcha el sumario administrativo en el Municipio<\/strong> adem\u00e1s de la investigaci\u00f3n penal en la Fiscal\u00eda del Departamento Judicial de la ciudad de Azul.<\/p>\n<p>&nbsp;<\/p>\n<p>Finalmente, el Secretario de Desarrollo Humano y Calidad de Vida se mostr\u00f3<em> \u201c<strong>a entera disposici\u00f3n de lo que requiera el Fiscal y el Municipio, como siempre, aportar\u00e1 todo lo que necesite la justicia.<\/strong> Nosotros estamos llevando a cabo un trabajo serio, como corresponde, y confiamos plenamente en la Justicia y en la divisi\u00f3n de poderes\u201d.<\/em><\/p>\n","protected":false},"excerpt":{"rendered":"<p>El secretario Diego Robbiani se present\u00f3 en la Fiscal\u00eda de Delitos Especiales de Azul. Declar\u00f3 durante una hora y media<\/p>\n","protected":false},"author":2,"featured_media":31970,"comment_status":"closed","ping_status":"closed","sticky":false,"template":"","format":"standard","meta":{"_jetpack_memberships_contains_paid_content":false,"footnotes":""},"categories":[5,1],"tags":[],"class_list":["post-82112","post","type-post","status-publish","format-standard","has-post-thumbnail","hentry","category-informacion-general","category-portada"],"jetpack_featured_media_url":"https:\/\/i0.wp.com\/cdnoticias.com\/wp-content\/uploads\/2021\/09\/Robbiani07.jpg?fit=4608%2C3072&ssl=1","jetpack_sharing_enabled":true,"_links":{"self":[{"href":"https:\/\/cdnoticias.com\/index.php\/wp-json\/wp\/v2\/posts\/82112","targetHints":{"allow":["GET"]}}],"collection":[{"href":"https:\/\/cdnoticias.com\/index.php\/wp-json\/wp\/v2\/posts"}],"about":[{"href":"https:\/\/cdnoticias.com\/index.php\/wp-json\/wp\/v2\/types\/post"}],"author":[{"embeddable":true,"href":"https:\/\/cdnoticias.com\/index.php\/wp-json\/wp\/v2\/users\/2"}],"replies":[{"embeddable":true,"href":"https:\/\/cdnoticias.com\/index.php\/wp-json\/wp\/v2\/comments?post=82112"}],"version-history":[{"count":0,"href":"https:\/\/cdnoticias.com\/index.php\/wp-json\/wp\/v2\/posts\/82112\/revisions"}],"wp:featuredmedia":[{"embeddable":true,"href":"https:\/\/cdnoticias.com\/index.php\/wp-json\/wp\/v2\/media\/31970"}],"wp:attachment":[{"href":"https:\/\/cdnoticias.com\/index.php\/wp-json\/wp\/v2\/media?parent=82112"}],"wp:term":[{"taxonomy":"category","embeddable":true,"href":"https:\/\/cdnoticias.com\/index.php\/wp-json\/wp\/v2\/categories?post=82112"},{"taxonomy":"post_tag","embeddable":true,"href":"https:\/\/cdnoticias.com\/index.php\/wp-json\/wp\/v2\/tags?post=82112"}],"curies":[{"name":"wp","href":"https:\/\/api.w.org\/{rel}","templated":true}]}}