{"id":82075,"date":"2023-04-12T18:00:11","date_gmt":"2023-04-12T21:00:11","guid":{"rendered":"https:\/\/www.centraldenoticias.com.ar\/?p=82075"},"modified":"2023-04-12T18:00:11","modified_gmt":"2023-04-12T21:00:11","slug":"entrega-de-medallas-a-integrantes-de-ola-rosa-en-la-escuela-de-orfebreria","status":"publish","type":"post","link":"https:\/\/cdnoticias.com\/index.php\/2023\/04\/12\/entrega-de-medallas-a-integrantes-de-ola-rosa-en-la-escuela-de-orfebreria\/","title":{"rendered":"Entrega de medallas a integrantes de Ola Rosa en la Escuela de Orfebrer\u00eda"},"content":{"rendered":"<p>El grupo de mujeres est\u00e1 conformado por sobrevivientes de c\u00e1ncer de mama en distintas instancias. Comenzaron con su actividad en 2018 y sus metas principales son mantener la actividad de remo para prevenir los linfedemas y socializar entre las integrantes.<!--more--><\/p>\n<hr \/>\n<p>Este lunes se realiz\u00f3 un encuentro en la <strong>Escuela Municipal de Orfebrer\u00eda y Artesan\u00edas Tradicionales<\/strong> \u201cMtro. Armando Ferreira\u201d junto a docentes, alumnos e integrantes de la<strong> agrupaci\u00f3n Ola Rosa.<\/strong><\/p>\n<p>&nbsp;<\/p>\n<p>El motivo de este encuentro fue la realizaci\u00f3n de una <strong>entrega de medallas realizadas por los alumnos<\/strong>, junto al docente y coordinador de la Escuela Jano Chasman, que llevan el logo de la agrupaci\u00f3n que busca concientizar y brindar prevenci\u00f3n sobre el c\u00e1ncer de mamas.<\/p>\n<p>&nbsp;<\/p>\n<p>Laura, una de las integrantes de grupo, cont\u00f3 que la idea surgi\u00f3 a partir de una motivaci\u00f3n personal suya, en relaci\u00f3n a poder contar con una medalla que tuviera el <strong>logo de la agrupaci\u00f3n.<\/strong> As\u00ed es como, al cont\u00e1rselo a su amiga y artista pl\u00e1stica Mar\u00eda Delia Barbato, es ella quien se comunica con el coordinador de la Escuela de Orfebrer\u00eda y as\u00ed comienza a gestarse este proyecto.<\/p>\n<p>&nbsp;<\/p>\n<p>Por su parte, Jano Chasman detall\u00f3: <em>\u201csurgi\u00f3 una idea de hacer algo aleg\u00f3rico con los alumnos y en principio poder desarrollar las t\u00e9cnicas b\u00e1sicas del oficio, que son las de calado y soldadura, y darle lugar tambi\u00e9n para que trabajen la propuesta. Fue un trabajo muy lindo que incluy\u00f3 la realizaci\u00f3n del dise\u00f1o, de darle formato de medalla, el armado de los eslabones y fuimos haci\u00e9ndolas de a poco, reutilizando material que reciclamos, que parte es un bronce pero m\u00e1s refinado porque tiene otra aleaci\u00f3n y tiene un brillo distinto\u201d.<\/em><\/p>\n<p>&nbsp;<\/p>\n<p><img data-recalc-dims=\"1\" loading=\"lazy\" decoding=\"async\" class=\"aligncenter wp-image-82077 size-full\" src=\"https:\/\/i0.wp.com\/cdnoticias.com\/wp-content\/uploads\/2023\/04\/Cultura-Ola-Rosa-Medallas-2.jpg?resize=800%2C533&#038;ssl=1\" alt=\"\" width=\"800\" height=\"533\" srcset=\"https:\/\/i0.wp.com\/cdnoticias.com\/wp-content\/uploads\/2023\/04\/Cultura-Ola-Rosa-Medallas-2.jpg?w=1772&amp;ssl=1 1772w, https:\/\/i0.wp.com\/cdnoticias.com\/wp-content\/uploads\/2023\/04\/Cultura-Ola-Rosa-Medallas-2.jpg?resize=300%2C200&amp;ssl=1 300w, https:\/\/i0.wp.com\/cdnoticias.com\/wp-content\/uploads\/2023\/04\/Cultura-Ola-Rosa-Medallas-2.jpg?resize=1024%2C682&amp;ssl=1 1024w, https:\/\/i0.wp.com\/cdnoticias.com\/wp-content\/uploads\/2023\/04\/Cultura-Ola-Rosa-Medallas-2.jpg?resize=768%2C512&amp;ssl=1 768w, https:\/\/i0.wp.com\/cdnoticias.com\/wp-content\/uploads\/2023\/04\/Cultura-Ola-Rosa-Medallas-2.jpg?resize=1536%2C1024&amp;ssl=1 1536w, https:\/\/i0.wp.com\/cdnoticias.com\/wp-content\/uploads\/2023\/04\/Cultura-Ola-Rosa-Medallas-2.jpg?resize=272%2C182&amp;ssl=1 272w, https:\/\/i0.wp.com\/cdnoticias.com\/wp-content\/uploads\/2023\/04\/Cultura-Ola-Rosa-Medallas-2.jpg?w=1600&amp;ssl=1 1600w\" sizes=\"auto, (max-width: 800px) 100vw, 800px\" \/><\/p>\n<p>&nbsp;<\/p>\n<p><em><strong>\u201cAnoche vivimos un momento muy emotivo, las chicas nos contaron sobre el trabajo que vienen haciendo que, la verdad, son un ejemplo para destacar y a seguir, por la voluntad y entrega que ponen en cada una de las actividades que realizan\u201d<\/strong><\/em>, remarc\u00f3 Chasman.<\/p>\n<p>&nbsp;<\/p>\n<p>Por su parte, Laura, agreg\u00f3: <em>\u201cnos escucharon con mucho respeto, les contamos lo que hac\u00edamos y recibimos mucho cari\u00f1o por todo el proyecto realizado. Hab\u00edamos visitado la Escuela en un principio y ahora nos parec\u00eda importante que la entrega de medallas se hiciera ah\u00ed porque hab\u00eda sido el lugar del nacimiento de la propuesta\u201d.<\/em><\/p>\n<p>&nbsp;<\/p>\n<p>\u201cFue un momento donde pudimos compartir sue\u00f1os y experiencias y emociones. Estamos muy agradecidas a la Subsecretar\u00eda de Cultura y Educaci\u00f3n, a la Escuela de Orfebrer\u00eda, a sus alumnos, docentes y a su coordinador Jano Chasman, que de una u otra forma fueron parte de este maravilloso proyecto colectivo\u201d, indic\u00f3 Laura. Asimismo, las <strong>integrantes de Ola Rosa<\/strong> comentaron que est\u00e1n vendiendo una rifa con diez premios donados, que tiene el valor de $1000 y los interesados en colaborar pueden comunicarse con cualquiera de ellas para adquirirla.<\/p>\n<p>&nbsp;<\/p>\n<p><strong>Ola Rosa es un grupo de mujeres conformado por sobrevivientes de c\u00e1ncer de mama en distintas instancias. Comenz\u00f3 con su actividad el 24 de agosto del 2018 y sus metas principales son mantener la actividad de remo para prevenir los linfedemas y socializar entre las integrantes.<\/strong><\/p>\n","protected":false},"excerpt":{"rendered":"<p>El grupo de mujeres est\u00e1 conformado por sobrevivientes de c\u00e1ncer de mama en distintas instancias. Comenzaron con su actividad en<\/p>\n","protected":false},"author":6,"featured_media":82076,"comment_status":"closed","ping_status":"closed","sticky":false,"template":"","format":"standard","meta":{"_jetpack_memberships_contains_paid_content":false,"footnotes":""},"categories":[5,1],"tags":[],"class_list":["post-82075","post","type-post","status-publish","format-standard","has-post-thumbnail","hentry","category-informacion-general","category-portada"],"jetpack_featured_media_url":"https:\/\/i0.wp.com\/cdnoticias.com\/wp-content\/uploads\/2023\/04\/Cultura-Ola-Rosa-Medallas.jpg?fit=1772%2C1181&ssl=1","jetpack_sharing_enabled":true,"_links":{"self":[{"href":"https:\/\/cdnoticias.com\/index.php\/wp-json\/wp\/v2\/posts\/82075","targetHints":{"allow":["GET"]}}],"collection":[{"href":"https:\/\/cdnoticias.com\/index.php\/wp-json\/wp\/v2\/posts"}],"about":[{"href":"https:\/\/cdnoticias.com\/index.php\/wp-json\/wp\/v2\/types\/post"}],"author":[{"embeddable":true,"href":"https:\/\/cdnoticias.com\/index.php\/wp-json\/wp\/v2\/users\/6"}],"replies":[{"embeddable":true,"href":"https:\/\/cdnoticias.com\/index.php\/wp-json\/wp\/v2\/comments?post=82075"}],"version-history":[{"count":0,"href":"https:\/\/cdnoticias.com\/index.php\/wp-json\/wp\/v2\/posts\/82075\/revisions"}],"wp:featuredmedia":[{"embeddable":true,"href":"https:\/\/cdnoticias.com\/index.php\/wp-json\/wp\/v2\/media\/82076"}],"wp:attachment":[{"href":"https:\/\/cdnoticias.com\/index.php\/wp-json\/wp\/v2\/media?parent=82075"}],"wp:term":[{"taxonomy":"category","embeddable":true,"href":"https:\/\/cdnoticias.com\/index.php\/wp-json\/wp\/v2\/categories?post=82075"},{"taxonomy":"post_tag","embeddable":true,"href":"https:\/\/cdnoticias.com\/index.php\/wp-json\/wp\/v2\/tags?post=82075"}],"curies":[{"name":"wp","href":"https:\/\/api.w.org\/{rel}","templated":true}]}}