{"id":82038,"date":"2023-04-11T10:45:39","date_gmt":"2023-04-11T13:45:39","guid":{"rendered":"https:\/\/www.centraldenoticias.com.ar\/?p=82038"},"modified":"2023-04-11T10:45:39","modified_gmt":"2023-04-11T13:45:39","slug":"desde-este-martes-jornadas-de-institutos-del-colegio-de-abogados-de-azul","status":"publish","type":"post","link":"https:\/\/cdnoticias.com\/index.php\/2023\/04\/11\/desde-este-martes-jornadas-de-institutos-del-colegio-de-abogados-de-azul\/","title":{"rendered":"Desde este martes, Jornadas de Institutos del Colegio de Abogados de Azul"},"content":{"rendered":"<p>La instituci\u00f3n departamental organiz\u00f3 estos encuentros para trabajar sobre cuestiones inherentes a la pr\u00e1ctica profesional en distintos \u00e1mbitos.<\/p>\n<p><!--more--><\/p>\n<hr \/>\n<p>El <strong>Colegio de Abogados Departamental<\/strong> organiz\u00f3 una serie de encuentros denominados<strong> \u201cJornadas de Institutos\u201d<\/strong> donde se prev\u00e9 trabajar sobre <strong>cuestiones inherentes a la pr\u00e1ctica profesional<\/strong> en cada uno de sus \u00e1mbitos.<\/p>\n<p>&nbsp;<\/p>\n<p>Los d\u00edas <strong>11 y 12 de abril<\/strong>, el Colegio de Abogados del Departamento Judicial de Azul (Av. Per\u00f3n 514) ser\u00e1 sede de dos jornadas donde referentes de diversas \u00e1reas del Derecho <strong>se reunir\u00e1n a debatir sobre las implicancias de la actuaci\u00f3n profesional<\/strong> en diferentes \u00e1reas.<\/p>\n<p>&nbsp;<\/p>\n<p>Entre las tem\u00e1ticas a trabajar, cabe destacar que en ambas jornadas se abordar\u00e1n <strong>aspectos vinculados a los 16 institutos que forman parte del Colegio<\/strong>.<\/p>\n<p>&nbsp;<\/p>\n<p>La jornada es <strong>abierta para matriculados\/as, estudiantes y p\u00fablico en general<\/strong>. En este sentido, resulta pertinente mencionar que profesionales del C.A.A. con matr\u00edcula activa quedan exceptuados\/as de abonar arancel alguno. Las\/os interesadas\/os en participar deben inscribirse previamente en la p\u00e1gina web del Colegiodesde donde se informar\u00e1n los costos.<\/p>\n<p>&nbsp;<\/p>\n<p>El cronograma completo de ambos encuentros:<\/p>\n<p>&nbsp;<\/p>\n<p><strong>11 de abril<\/strong><\/p>\n<ul>\n<li>10 a 11 hs: Instituto de Derecho de Familia. \u201cAlimentos. Ficci\u00f3n y realidad\u201d. Disertante: Dra. Guillermina Sabalza.<\/li>\n<li>11.15 a 12.15 hs: Instituto de los Derechos de ni\u00f1os, ni\u00f1as y adolescentes. \u201cLa constituci\u00f3n subjetiva y las problem\u00e1ticas actuales en infancias y adolescencias\u201d. Disertante: Lic. en Psicolog\u00eda Mara Liz Serra.<\/li>\n<li>12.30 a 13.30 hs: Instituto de Violencia Familiar y de G\u00e9nero. \u201cTipos de Violencia de G\u00e9nero &#8211; Medidas disponibles para cada una de las categor\u00edas\u201d. Disertante: Dr. Santiago Arrondo.<\/li>\n<li>14.15 a 15.15 hs: Instituto de Derecho Laboral. \u201cAlgunas reflexiones sobre los accidentes de trabajo y la responsabilidad civil\u201d. Disertante: Dr. Santiago Girado.<\/li>\n<li>15.30 a 16.30: Instituto de Mediaci\u00f3n. \u201cNegociaci\u00f3n &amp; Mediaci\u00f3n. Como potenciar nuestro trabajo en el espacio\u201d. Disertantes: Dra. Luciana Fern\u00e1ndez y Dra. Alejandra Malamud.<\/li>\n<li>16.45 a 17.45 hs: Instituto de Inform\u00e1tica Jur\u00eddica. \u201cMedidas Cautelares Electr\u00f3nicas\u201d.\u00a0 Disertante: Dr. Gabriel Hern\u00e1n Quadri &#8211; Sistema Zoom. El link de acceso a la plataforma se enviar\u00e1 v\u00eda e-mail, finalizado el proceso de inscripci\u00f3n.<\/li>\n<\/ul>\n<p>&nbsp;<\/p>\n<p><strong>\u00a012 de abril<\/strong><\/p>\n<ul>\n<li>10 a 11 hs: Instituto de Derecho P\u00fablico. \u201cAutonom\u00eda municipal. Panorama actual y avances posibles \/ Necesidad del patrocinio letrado obligatorio en el sumario administrativo\u201d. Disertantes: Dra. Alejandra Malamud y Dr. Francisco Sabalua.<\/li>\n<li>11.15 a 12.15 hs: Instituto de Derecho Penal. \u201cGarant\u00edas Constitucionales en el proceso penal\u201d. Disertante: Dr. Diego Fern\u00e1ndez.<\/li>\n<li>12.30 a 13.30 hs: Instituto de Derecho Ambiental y Agrario. \u201cDesaf\u00edos del Derecho Agrario\/ Receta Agron\u00f3mica Obligatoria\u201d. Disertantes: Dra. Paula Noseda y Dr. Ferm\u00edn G\u00e1ndara Sica.<\/li>\n<li>14.15 a 15.15 hs: Instituto de Derecho Patrimonial. \u201cActualidad del nuevo Derecho Comercial\u201d. Disertante: Dr. Bruno Santi.<\/li>\n<li>15.30 a 16.30 hs: Instituto de Derecho del Consumidor. \u201cEl da\u00f1o punitivo. Criterios para su determinaci\u00f3n y aplicabilidad a trav\u00e9s de la jurisprudencia de nuestra C\u00e1mara Departamental\u201d. Disertante: Dr. Esteban Louge Emiliozzi.<\/li>\n<\/ul>\n<p>&nbsp;<\/p>\n","protected":false},"excerpt":{"rendered":"<p>La instituci\u00f3n departamental organiz\u00f3 estos encuentros para trabajar sobre cuestiones inherentes a la pr\u00e1ctica profesional en distintos \u00e1mbitos.<\/p>\n","protected":false},"author":4,"featured_media":82040,"comment_status":"closed","ping_status":"closed","sticky":false,"template":"","format":"standard","meta":{"_jetpack_memberships_contains_paid_content":false,"footnotes":""},"categories":[5,1],"tags":[],"class_list":["post-82038","post","type-post","status-publish","format-standard","has-post-thumbnail","hentry","category-informacion-general","category-portada"],"jetpack_featured_media_url":"https:\/\/i0.wp.com\/cdnoticias.com\/wp-content\/uploads\/2023\/04\/colegio-de-abogados-de-azul-caa.jpg?fit=800%2C450&ssl=1","jetpack_sharing_enabled":true,"_links":{"self":[{"href":"https:\/\/cdnoticias.com\/index.php\/wp-json\/wp\/v2\/posts\/82038","targetHints":{"allow":["GET"]}}],"collection":[{"href":"https:\/\/cdnoticias.com\/index.php\/wp-json\/wp\/v2\/posts"}],"about":[{"href":"https:\/\/cdnoticias.com\/index.php\/wp-json\/wp\/v2\/types\/post"}],"author":[{"embeddable":true,"href":"https:\/\/cdnoticias.com\/index.php\/wp-json\/wp\/v2\/users\/4"}],"replies":[{"embeddable":true,"href":"https:\/\/cdnoticias.com\/index.php\/wp-json\/wp\/v2\/comments?post=82038"}],"version-history":[{"count":0,"href":"https:\/\/cdnoticias.com\/index.php\/wp-json\/wp\/v2\/posts\/82038\/revisions"}],"wp:featuredmedia":[{"embeddable":true,"href":"https:\/\/cdnoticias.com\/index.php\/wp-json\/wp\/v2\/media\/82040"}],"wp:attachment":[{"href":"https:\/\/cdnoticias.com\/index.php\/wp-json\/wp\/v2\/media?parent=82038"}],"wp:term":[{"taxonomy":"category","embeddable":true,"href":"https:\/\/cdnoticias.com\/index.php\/wp-json\/wp\/v2\/categories?post=82038"},{"taxonomy":"post_tag","embeddable":true,"href":"https:\/\/cdnoticias.com\/index.php\/wp-json\/wp\/v2\/tags?post=82038"}],"curies":[{"name":"wp","href":"https:\/\/api.w.org\/{rel}","templated":true}]}}