{"id":82015,"date":"2023-04-11T09:15:05","date_gmt":"2023-04-11T12:15:05","guid":{"rendered":"https:\/\/www.centraldenoticias.com.ar\/?p=82015"},"modified":"2023-04-11T09:15:05","modified_gmt":"2023-04-11T12:15:05","slug":"prorrogan-la-emergencia-por-sequia-en-casi-la-mitad-de-los-distritos-bonaerenses","status":"publish","type":"post","link":"https:\/\/cdnoticias.com\/index.php\/2023\/04\/11\/prorrogan-la-emergencia-por-sequia-en-casi-la-mitad-de-los-distritos-bonaerenses\/","title":{"rendered":"Prorrogan la emergencia por sequ\u00eda en casi la mitad de los distritos bonaerenses"},"content":{"rendered":"<p>Es en medio de la compleja situaci\u00f3n que sufre el campo. El decreto de Kicillof se extiende hasta el 31 de octubre. Beneficia a 61 partidos.<!--more--><\/p>\n<hr \/>\n<p>El gobernador de la provincia de Buenos Aires, <strong>Axel Kicillof, declar\u00f3 el estado de emergencia o desastre agropecuario por sequ\u00eda<\/strong> para el partido de General Pinto y <strong>lo prorrog\u00f3 hasta el 31 de octubre en otros 60 distritos,<\/strong> a trav\u00e9s del decreto 539\/23, publicado este lunes en el Bolet\u00edn Oficial.<\/p>\n<p>&nbsp;<\/p>\n<p>Ante esta situaci\u00f3n, el ministro de Desarrollo Agrario, <strong>Javier Rodr\u00edguez<\/strong>, explic\u00f3 las medidas de asistencia que contin\u00faan vigentes y las nuevas herramientas instrumentadas para las productoras y productores afectados.<\/p>\n<p>&nbsp;<\/p>\n<p>El titular de la cartera agraria bonaerense destac\u00f3 que, desde la semana pasada, se encuentra disponible el <strong>Plan de Implantaci\u00f3n de Pasturas y Siembra<\/strong>, que incorpor\u00f3 l\u00edneas de financiamiento a tasa 0% valor producto, con seis meses de gracia.<\/p>\n<p>&nbsp;<\/p>\n<p>Dado que uno de los mayores problemas que plantea la sequ\u00eda es la obtenci\u00f3n de forraje para la ganader\u00eda y la actividad tambera, a trav\u00e9s del Fondo Fiduciario, el Ministerio de Desarrollo Agrario ofrece cr\u00e9ditos para la realizaci\u00f3n de pasturas. Tambi\u00e9n se estableci\u00f3 una l\u00ednea para la siembra de la pr\u00f3xima campa\u00f1a de fina. <strong>Los topes son de hasta $3 millones para productores agr\u00edcolas y ganaderos, y de hasta $4 millones.<\/strong><\/p>\n<p>&nbsp;<\/p>\n<p>En el caso de los productores ganaderos y tamberos, los fondos deber\u00e1n estar destinados a la inversi\u00f3n en cultivo de forrajeras y pasturas, rollos, fardos, alimento balanceado y todo forraje que permita \u201ccomplementar\u201d la alimentaci\u00f3n del ganado; mientras que para los productores agr\u00edcolas, el destino ser\u00e1 la incorporaci\u00f3n de cultivos de cobertura, adquisici\u00f3n de semillas y tecnolog\u00edas para hacer m\u00e1s eficiente el consumo de agua, excluyendo agroqu\u00edmicos y fertilizantes.<\/p>\n<p>&nbsp;<\/p>\n<p>Quienes apliquen podr\u00e1n optar por una tasa de inter\u00e9s del 35% a 24 meses, del 42% a 36 (ambas con 6 meses de gracia sobre el capital), o por tasa 0% valor producto a 24 meses con actualizaci\u00f3n del capital seg\u00fan \u00cdndice Novillo Arrendamiento (ganaderos) o seg\u00fan precio promedio del litro de leche (tamberos).<\/p>\n<p>&nbsp;<\/p>\n<p><strong>Partidos beneficiados<\/strong><\/p>\n<p>&nbsp;<\/p>\n<p>Los partidos incluidos en el decreto son General Pinto, Marcos Paz, Ca\u00f1uelas, General Belgrano, 25 de Mayo, Las Flores, Arrecifes, Baradero, Capit\u00e1n Sarmiento, Carmen de Areco, Chacabuco, Col\u00f3n, Campana, Exaltaci\u00f3n de la Cruz, General Arenales.<\/p>\n<p>&nbsp;<\/p>\n<p>Tambi\u00e9n Jun\u00edn, Ramallo, Rojas, Salto, San Andr\u00e9s de Giles, San Antonio de Areco, San Nicol\u00e1s, San Pedro, Brandsen, Chascom\u00fas, General Las Heras, General Paz, La Plata, Luj\u00e1n, Magdalena, Pila, Punta Indio, San Vicente, Alberti.<\/p>\n<p>&nbsp;<\/p>\n<p>Del mismo modo, est\u00e1n Bragado, Chivilcoy, Lobos, Mercedes, Monte, Roque P\u00e9rez, Navarro, Suipacha, 9 de Julio, General Viamonte, Lincoln, Leandro N. Alem, General Rodr\u00edguez, Pergamino, Maip\u00fa, Ayacucho. Adem\u00e1s, Castelli, Dolores, General Guido, Rauch, Lezama, Laprida (circunscripciones II, III, IV, V, VI, VII, VIII, IX, X, XI y XII), General Lavalle, Tordillo, Necochea, Z\u00e1rate y Saladillo.<\/p>\n<p>&nbsp;<\/p>\n<p><em>Fuente: DIB\u00a0<\/em><\/p>\n","protected":false},"excerpt":{"rendered":"<p>Es en medio de la compleja situaci\u00f3n que sufre el campo. El decreto de Kicillof se extiende hasta el 31<\/p>\n","protected":false},"author":6,"featured_media":82016,"comment_status":"closed","ping_status":"closed","sticky":false,"template":"","format":"standard","meta":{"_jetpack_memberships_contains_paid_content":false,"footnotes":""},"categories":[6,1],"tags":[],"class_list":["post-82015","post","type-post","status-publish","format-standard","has-post-thumbnail","hentry","category-nacionales","category-portada"],"jetpack_featured_media_url":"https:\/\/i0.wp.com\/cdnoticias.com\/wp-content\/uploads\/2023\/04\/sequia.jpg?fit=696%2C462&ssl=1","jetpack_sharing_enabled":true,"_links":{"self":[{"href":"https:\/\/cdnoticias.com\/index.php\/wp-json\/wp\/v2\/posts\/82015","targetHints":{"allow":["GET"]}}],"collection":[{"href":"https:\/\/cdnoticias.com\/index.php\/wp-json\/wp\/v2\/posts"}],"about":[{"href":"https:\/\/cdnoticias.com\/index.php\/wp-json\/wp\/v2\/types\/post"}],"author":[{"embeddable":true,"href":"https:\/\/cdnoticias.com\/index.php\/wp-json\/wp\/v2\/users\/6"}],"replies":[{"embeddable":true,"href":"https:\/\/cdnoticias.com\/index.php\/wp-json\/wp\/v2\/comments?post=82015"}],"version-history":[{"count":0,"href":"https:\/\/cdnoticias.com\/index.php\/wp-json\/wp\/v2\/posts\/82015\/revisions"}],"wp:featuredmedia":[{"embeddable":true,"href":"https:\/\/cdnoticias.com\/index.php\/wp-json\/wp\/v2\/media\/82016"}],"wp:attachment":[{"href":"https:\/\/cdnoticias.com\/index.php\/wp-json\/wp\/v2\/media?parent=82015"}],"wp:term":[{"taxonomy":"category","embeddable":true,"href":"https:\/\/cdnoticias.com\/index.php\/wp-json\/wp\/v2\/categories?post=82015"},{"taxonomy":"post_tag","embeddable":true,"href":"https:\/\/cdnoticias.com\/index.php\/wp-json\/wp\/v2\/tags?post=82015"}],"curies":[{"name":"wp","href":"https:\/\/api.w.org\/{rel}","templated":true}]}}