{"id":81928,"date":"2023-04-10T08:51:48","date_gmt":"2023-04-10T11:51:48","guid":{"rendered":"https:\/\/www.centraldenoticias.com.ar\/?p=81928"},"modified":"2023-04-10T10:48:04","modified_gmt":"2023-04-10T13:48:04","slug":"ganancias-2-000-olavarrienses-dejaran-de-pagar-por-remuneraciones-adicionales","status":"publish","type":"post","link":"https:\/\/cdnoticias.com\/index.php\/2023\/04\/10\/ganancias-2-000-olavarrienses-dejaran-de-pagar-por-remuneraciones-adicionales\/","title":{"rendered":"Ganancias: 2.000 olavarrienses dejar\u00e1n de pagar por remuneraciones adicionales"},"content":{"rendered":"<p>La medida definida por el Ministerio de Econom\u00eda nacional y los sindicatos. Ser\u00e1 efectivizada este lunes. Alcanza a 600.000 trabajadores en el pa\u00eds.<\/p>\n<p><!--more--><\/p>\n<hr \/>\n<p><strong>El ministerio de Econom\u00eda<\/strong> har\u00e1 efectiva este lunes una medida que<strong> aliviar\u00e1 el bolsillo de unos 600.000 trabajadores<\/strong>, que <strong>dejar\u00e1n de pagar el Impuesto a las Ganancias, horas extras, vi\u00e1ticos y otros adicionales salariales de convenio<\/strong>.<\/p>\n<p>&nbsp;<\/p>\n<p>La cartera econ\u00f3mica indic\u00f3 que \u201cla mejora salarial de bolsillo, seg\u00fan los rubros en los que se desempe\u00f1e cada trabajador, ser\u00e1 de <strong>hasta un 16 por ciento\u201d<\/strong> y entre<strong> &#8220;los conceptos que ya no pagar\u00e1n el impuesto<\/strong>, generando un impacto positivo en los salarios de los trabajadores alcanzados, se encuentran,<em> los bonos por productividad, fallo de caja y conceptos de similar naturaleza, la retribuci\u00f3n por movilidad, vi\u00e1ticos y otras compensaciones an\u00e1logas, las horas extras, adicionales por turno rotatorio y similares\u201d<\/em>.<\/p>\n<p>&nbsp;<\/p>\n<p><img data-recalc-dims=\"1\" loading=\"lazy\" decoding=\"async\" class=\"size-large wp-image-81929 aligncenter\" src=\"https:\/\/i0.wp.com\/cdnoticias.com\/wp-content\/uploads\/2023\/04\/DIB-Massa-1068x711-1.jpeg?resize=800%2C533&#038;ssl=1\" alt=\"\" width=\"800\" height=\"533\" srcset=\"https:\/\/i0.wp.com\/cdnoticias.com\/wp-content\/uploads\/2023\/04\/DIB-Massa-1068x711-1.jpeg?resize=1024%2C682&amp;ssl=1 1024w, https:\/\/i0.wp.com\/cdnoticias.com\/wp-content\/uploads\/2023\/04\/DIB-Massa-1068x711-1.jpeg?resize=300%2C200&amp;ssl=1 300w, https:\/\/i0.wp.com\/cdnoticias.com\/wp-content\/uploads\/2023\/04\/DIB-Massa-1068x711-1.jpeg?resize=768%2C511&amp;ssl=1 768w, https:\/\/i0.wp.com\/cdnoticias.com\/wp-content\/uploads\/2023\/04\/DIB-Massa-1068x711-1.jpeg?resize=272%2C182&amp;ssl=1 272w, https:\/\/i0.wp.com\/cdnoticias.com\/wp-content\/uploads\/2023\/04\/DIB-Massa-1068x711-1.jpeg?w=1068&amp;ssl=1 1068w\" sizes=\"auto, (max-width: 800px) 100vw, 800px\" \/><\/p>\n<p>&nbsp;<\/p>\n<p>En la provincia de Buenos Aires la medida alcanza a 269.440 contribuyentes. De ellos, <strong>2.002 son olavarrienses.<\/strong><\/p>\n<p>&nbsp;<\/p>\n<blockquote><p>El detalle local fue dado a conocer por el referente del massismo en Olavarr\u00eda Eduardo Rodr\u00edguez, quien destac\u00f3 que \u201cgracias al trabajo de Sergio Massa al frente del Ministerio de Econom\u00eda, m\u00e1s de 2000 trabajadores y trabajadoras de Olavarr\u00eda dejar\u00e1n de pagar el Impuesto a las Ganancias. Esto refleja el compromiso para recuperar el poder adquisitivo\u201d.<\/p><\/blockquote>\n<p>&nbsp;<\/p>\n<p>Seg\u00fan se inform\u00f3 en Agencia DIB, la decisi\u00f3n de modificar el nivel de los aportes se labr\u00f3 en <strong>una reuni\u00f3n entre el ministro Sergio Massa y l\u00edderes sindicales<\/strong>, como Pablo Moyano, H\u00e9ctor Daer, Jos\u00e9 Luis Lingeri, Sergio Palazzo, Andr\u00e9s Rodr\u00edguez y Jorge Sola.<\/p>\n<p>&nbsp;<\/p>\n<blockquote class=\"twitter-tweet\">\n<p dir=\"ltr\" lang=\"es\">Gracias al trabajo de Sergio Massa al frente del Ministerio de Econom\u00eda, m\u00e1s de 2000 trabajadores y trabajadoras de <a href=\"https:\/\/twitter.com\/hashtag\/Olavarr%C3%ADa?src=hash&amp;ref_src=twsrc%5Etfw\">#Olavarr\u00eda<\/a> dejar\u00e1n de pagar el Impuesto a las Ganancias. Esto refleja el compromiso para recuperar el poder adquisitivo.<a href=\"https:\/\/t.co\/Ofv2OXbqeu\">https:\/\/t.co\/Ofv2OXbqeu<\/a><a href=\"https:\/\/twitter.com\/hashtag\/AlivioFiscal?src=hash&amp;ref_src=twsrc%5Etfw\">#AlivioFiscal<\/a> <a href=\"https:\/\/t.co\/nxW4ckg8qj\">pic.twitter.com\/nxW4ckg8qj<\/a><\/p>\n<p>\u2014 Eduardo Rodr\u00edguez (@rodriguezolav) <a href=\"https:\/\/twitter.com\/rodriguezolav\/status\/1645230979680804865?ref_src=twsrc%5Etfw\">April 10, 2023<\/a><\/p><\/blockquote>\n<p><script async src=\"https:\/\/platform.twitter.com\/widgets.js\" charset=\"utf-8\"><\/script><\/p>\n<p>&nbsp;<\/p>\n<p>En tanto, si se toma el beneficio por distrito, del total de 600 mil empleados beneficiados, casi 270 mil corresponden a la provincia de Buenos Aires, 75 mil a la Ciudad Aut\u00f3noma de Buenos Aires, 4.400 a la provincia de Catamarca, 4890 a la provincia de Chaco, 11.800 mil a la provincia de Chubut, 48.800 mil a la provincia de C\u00f3rdoba y 7.200 mil a la provincia de Corrientes.<\/p>\n<p>&nbsp;<\/p>\n<p>Adem\u00e1s, 15.300 mil a la provincia de Entre R\u00edos, 5 mil a la provincia de Formosa, 5.500 mil a la provincia de Jujuy, 7.400 mil a la provincia de La Pampa, 3.600 mil a la provincia de La Rioja, 21.600 mil a la provincia de Mendoza, 8.200 mil a la provincia de Misiones, 12.707 mil a la provincia de Neuqu\u00e9n y 10.600 mil a la provincia de R\u00edo Negro.<\/p>\n<p>&nbsp;<\/p>\n<p>Por \u00faltimo, 7.400 mil a la provincia de Salta, 7.200 mil a la provincia de San Juan, 6.300 mil a la provincia de San Luis, 3.800 mil a la provincia de Santa Cruz, 46.400 mil a la provincia de Santa Fe, 4.400 mil a la provincia de Santiago del Estero y 14.300 mil a la provincia de Tucum\u00e1n.<\/p>\n<p>&nbsp;<\/p>\n","protected":false},"excerpt":{"rendered":"<p>La medida definida por el Ministerio de Econom\u00eda nacional y los sindicatos. Ser\u00e1 efectivizada este lunes. Alcanza a 600.000 trabajadores<\/p>\n","protected":false},"author":4,"featured_media":81930,"comment_status":"closed","ping_status":"closed","sticky":false,"template":"","format":"standard","meta":{"_jetpack_memberships_contains_paid_content":false,"footnotes":""},"categories":[5,1],"tags":[],"class_list":["post-81928","post","type-post","status-publish","format-standard","has-post-thumbnail","hentry","category-informacion-general","category-portada"],"jetpack_featured_media_url":"https:\/\/i0.wp.com\/cdnoticias.com\/wp-content\/uploads\/2023\/04\/ganancias-olavarria-00.jpg?fit=800%2C445&ssl=1","jetpack_sharing_enabled":true,"_links":{"self":[{"href":"https:\/\/cdnoticias.com\/index.php\/wp-json\/wp\/v2\/posts\/81928","targetHints":{"allow":["GET"]}}],"collection":[{"href":"https:\/\/cdnoticias.com\/index.php\/wp-json\/wp\/v2\/posts"}],"about":[{"href":"https:\/\/cdnoticias.com\/index.php\/wp-json\/wp\/v2\/types\/post"}],"author":[{"embeddable":true,"href":"https:\/\/cdnoticias.com\/index.php\/wp-json\/wp\/v2\/users\/4"}],"replies":[{"embeddable":true,"href":"https:\/\/cdnoticias.com\/index.php\/wp-json\/wp\/v2\/comments?post=81928"}],"version-history":[{"count":0,"href":"https:\/\/cdnoticias.com\/index.php\/wp-json\/wp\/v2\/posts\/81928\/revisions"}],"wp:featuredmedia":[{"embeddable":true,"href":"https:\/\/cdnoticias.com\/index.php\/wp-json\/wp\/v2\/media\/81930"}],"wp:attachment":[{"href":"https:\/\/cdnoticias.com\/index.php\/wp-json\/wp\/v2\/media?parent=81928"}],"wp:term":[{"taxonomy":"category","embeddable":true,"href":"https:\/\/cdnoticias.com\/index.php\/wp-json\/wp\/v2\/categories?post=81928"},{"taxonomy":"post_tag","embeddable":true,"href":"https:\/\/cdnoticias.com\/index.php\/wp-json\/wp\/v2\/tags?post=81928"}],"curies":[{"name":"wp","href":"https:\/\/api.w.org\/{rel}","templated":true}]}}