{"id":81921,"date":"2023-04-10T08:27:02","date_gmt":"2023-04-10T11:27:02","guid":{"rendered":"https:\/\/www.centraldenoticias.com.ar\/?p=81921"},"modified":"2023-04-10T08:53:27","modified_gmt":"2023-04-10T11:53:27","slug":"una-ambulancia-de-olavarria-choco-contra-una-vaca-en-la-ruta-nacional-205","status":"publish","type":"post","link":"https:\/\/cdnoticias.com\/index.php\/2023\/04\/10\/una-ambulancia-de-olavarria-choco-contra-una-vaca-en-la-ruta-nacional-205\/","title":{"rendered":"Una ambulancia de Olavarr\u00eda choc\u00f3 contra una vaca en la Ruta Nacional 205"},"content":{"rendered":"<p>Fue en Bol\u00edvar. Los tres ocupantes resultaron ilesos, aunque fueron atenidos en un centro de salud por precauci\u00f3n. El animal vacuno que provoc\u00f3 el siniestro vial se encontraba suelto sobre la ruta.<\/p>\n<p><!--more--><\/p>\n<hr \/>\n<p><strong>Una ambulancia de Olavarr\u00eda<\/strong> choc\u00f3 contra una vaca <strong>en la Ruta Nacional 205<\/strong> en el partido de Bol\u00edvar.<\/p>\n<p>&nbsp;<\/p>\n<p><strong>El chofer de la ambulancia, la paciente y un acompa\u00f1ante<\/strong> que se dirig\u00edan en horas de la madrugada del domingo hacia La Plata fueron trasladados <strong>al Hospital Miguel. L. Capredoni<\/strong> de la vecina localidad luego de <strong>impactar contra una vaca suelta<\/strong> que se encontraba sobre la cinta asf\u00e1ltica a la altura del kil\u00f3metro 301.<\/p>\n<p>&nbsp;<\/p>\n<p><img data-recalc-dims=\"1\" loading=\"lazy\" decoding=\"async\" class=\"size-full wp-image-81923 aligncenter\" src=\"https:\/\/i0.wp.com\/cdnoticias.com\/wp-content\/uploads\/2023\/04\/diario-la-manana-bolivar-choque-ambulancia-00.jpg?resize=800%2C445&#038;ssl=1\" alt=\"\" width=\"800\" height=\"445\" srcset=\"https:\/\/i0.wp.com\/cdnoticias.com\/wp-content\/uploads\/2023\/04\/diario-la-manana-bolivar-choque-ambulancia-00.jpg?w=800&amp;ssl=1 800w, https:\/\/i0.wp.com\/cdnoticias.com\/wp-content\/uploads\/2023\/04\/diario-la-manana-bolivar-choque-ambulancia-00.jpg?resize=300%2C167&amp;ssl=1 300w, https:\/\/i0.wp.com\/cdnoticias.com\/wp-content\/uploads\/2023\/04\/diario-la-manana-bolivar-choque-ambulancia-00.jpg?resize=768%2C427&amp;ssl=1 768w\" sizes=\"auto, (max-width: 800px) 100vw, 800px\" \/><\/p>\n<p>&nbsp;<\/p>\n<blockquote><p>La ambulancia marca Peugeot Expert, perteneciente a Servicio de Emergencias M\u00e9dicas (SEM) de Olavarr\u00eda hab\u00eda partido desde la ciudad de Coronel Su\u00e1rez y se dirig\u00eda hacia La Plata.<\/p><\/blockquote>\n<p>&nbsp;<\/p>\n<p>Seg\u00fan indic\u00f3 diario La Ma\u00f1ana de Bol\u00edvar <strong>ninguno de los ocupantes sufri\u00f3 heridas<\/strong> y fueron trasladados en la ambulancia del Sistema de Atenci\u00f3n M\u00e9dica de Emergencia (SAME) hasta el centro de salud de aquel distrito de manera preventiva.<\/p>\n<p>&nbsp;<\/p>\n<p><img data-recalc-dims=\"1\" loading=\"lazy\" decoding=\"async\" class=\"size-full wp-image-81925 aligncenter\" src=\"https:\/\/i0.wp.com\/cdnoticias.com\/wp-content\/uploads\/2023\/04\/diario-la-manana-bolivar-choque-ambulancia-02.jpg?resize=800%2C445&#038;ssl=1\" alt=\"\" width=\"800\" height=\"445\" srcset=\"https:\/\/i0.wp.com\/cdnoticias.com\/wp-content\/uploads\/2023\/04\/diario-la-manana-bolivar-choque-ambulancia-02.jpg?w=800&amp;ssl=1 800w, https:\/\/i0.wp.com\/cdnoticias.com\/wp-content\/uploads\/2023\/04\/diario-la-manana-bolivar-choque-ambulancia-02.jpg?resize=300%2C167&amp;ssl=1 300w, https:\/\/i0.wp.com\/cdnoticias.com\/wp-content\/uploads\/2023\/04\/diario-la-manana-bolivar-choque-ambulancia-02.jpg?resize=768%2C427&amp;ssl=1 768w\" sizes=\"auto, (max-width: 800px) 100vw, 800px\" \/><\/p>\n<p>&nbsp;<\/p>\n<p>Tras la colisi\u00f3n, el rodado termin\u00f3 su recorrido a un costado del camino con un <strong>fuerte impacto en su frente y en el lateral izquierdo<\/strong>. El animal vacuno falleci\u00f3 en el acto.<\/p>\n<p>&nbsp;<\/p>\n<p>En el lugar trabaj\u00f3 una dotaci\u00f3n de bomberos que lleg\u00f3 en los m\u00f3viles 6 y 8 a cargo del oficial Alejandro Bersani, agentes de Defensa Civil y de Seguridad Vial del municipio de Bol\u00edvar y efectivos policiales de Hale.<\/p>\n<p>&nbsp;<\/p>\n<p><img data-recalc-dims=\"1\" loading=\"lazy\" decoding=\"async\" class=\"size-full wp-image-81926 aligncenter\" src=\"https:\/\/i0.wp.com\/cdnoticias.com\/wp-content\/uploads\/2023\/04\/diario-la-manana-bolivar-choque-ambulancia-03.jpg?resize=800%2C445&#038;ssl=1\" alt=\"\" width=\"800\" height=\"445\" srcset=\"https:\/\/i0.wp.com\/cdnoticias.com\/wp-content\/uploads\/2023\/04\/diario-la-manana-bolivar-choque-ambulancia-03.jpg?w=800&amp;ssl=1 800w, https:\/\/i0.wp.com\/cdnoticias.com\/wp-content\/uploads\/2023\/04\/diario-la-manana-bolivar-choque-ambulancia-03.jpg?resize=300%2C167&amp;ssl=1 300w, https:\/\/i0.wp.com\/cdnoticias.com\/wp-content\/uploads\/2023\/04\/diario-la-manana-bolivar-choque-ambulancia-03.jpg?resize=768%2C427&amp;ssl=1 768w\" sizes=\"auto, (max-width: 800px) 100vw, 800px\" \/><\/p>\n<p>&nbsp;<\/p>\n<p>Fuente y fotos: <em>Diario La Ma\u00f1ana<\/em><\/p>\n","protected":false},"excerpt":{"rendered":"<p>Fue en Bol\u00edvar. Los tres ocupantes resultaron ilesos, aunque fueron atenidos en un centro de salud por precauci\u00f3n. El animal<\/p>\n","protected":false},"author":4,"featured_media":81924,"comment_status":"closed","ping_status":"closed","sticky":false,"template":"","format":"standard","meta":{"_jetpack_memberships_contains_paid_content":false,"footnotes":""},"categories":[14,1],"tags":[],"class_list":["post-81921","post","type-post","status-publish","format-standard","has-post-thumbnail","hentry","category-policiales","category-portada"],"jetpack_featured_media_url":"https:\/\/i0.wp.com\/cdnoticias.com\/wp-content\/uploads\/2023\/04\/diario-la-manana-bolivar-choque-ambulancia-01.jpg?fit=800%2C445&ssl=1","jetpack_sharing_enabled":true,"_links":{"self":[{"href":"https:\/\/cdnoticias.com\/index.php\/wp-json\/wp\/v2\/posts\/81921","targetHints":{"allow":["GET"]}}],"collection":[{"href":"https:\/\/cdnoticias.com\/index.php\/wp-json\/wp\/v2\/posts"}],"about":[{"href":"https:\/\/cdnoticias.com\/index.php\/wp-json\/wp\/v2\/types\/post"}],"author":[{"embeddable":true,"href":"https:\/\/cdnoticias.com\/index.php\/wp-json\/wp\/v2\/users\/4"}],"replies":[{"embeddable":true,"href":"https:\/\/cdnoticias.com\/index.php\/wp-json\/wp\/v2\/comments?post=81921"}],"version-history":[{"count":0,"href":"https:\/\/cdnoticias.com\/index.php\/wp-json\/wp\/v2\/posts\/81921\/revisions"}],"wp:featuredmedia":[{"embeddable":true,"href":"https:\/\/cdnoticias.com\/index.php\/wp-json\/wp\/v2\/media\/81924"}],"wp:attachment":[{"href":"https:\/\/cdnoticias.com\/index.php\/wp-json\/wp\/v2\/media?parent=81921"}],"wp:term":[{"taxonomy":"category","embeddable":true,"href":"https:\/\/cdnoticias.com\/index.php\/wp-json\/wp\/v2\/categories?post=81921"},{"taxonomy":"post_tag","embeddable":true,"href":"https:\/\/cdnoticias.com\/index.php\/wp-json\/wp\/v2\/tags?post=81921"}],"curies":[{"name":"wp","href":"https:\/\/api.w.org\/{rel}","templated":true}]}}