{"id":81908,"date":"2023-04-09T18:20:36","date_gmt":"2023-04-09T21:20:36","guid":{"rendered":"https:\/\/www.centraldenoticias.com.ar\/?p=81908"},"modified":"2023-04-09T20:02:45","modified_gmt":"2023-04-09T23:02:45","slug":"aylen-acevedo-sera-trasladada-al-instituto-del-quemado","status":"publish","type":"post","link":"https:\/\/cdnoticias.com\/index.php\/2023\/04\/09\/aylen-acevedo-sera-trasladada-al-instituto-del-quemado\/","title":{"rendered":"Ayl\u00e9n Acevedo ser\u00e1 trasladada al Instituto del Quemado"},"content":{"rendered":"<p>La joven que sufri\u00f3 graves heridas el pasado 31 de marzo fue trasladada para intensificar su tratamiento. Confirmaron que sigue sin respirador aunque \u201cpuede tener complicaciones\u201d. <!--more--><\/p>\n<hr \/>\n<p>Informado por su familia horas atr\u00e1s, <strong>la joven Ayl\u00e9n Acevedo, quien sufri\u00f3 graves quemaduras en un episodio por el que se encuentra detenida su pareja, fue trasladada al Instituto del Quemado en Esteban Echeverr\u00eda para continuar con su tratamiento.<\/strong><\/p>\n<p>&nbsp;<\/p>\n<p>Seg\u00fan se explic\u00f3, <strong>la joven de 20 a\u00f1os contin\u00faa sin respirador aunque \u201cpuede tener complicaciones\u201d. \u201cElla es fuerte y va a salir adelante, se va a poner de pie\u201d<\/strong> agregaron y agradecieron desde la familia \u201cpor la fuerza y ayuda que nos est\u00e1n dando\u201d.<\/p>\n<p>&nbsp;<\/p>\n<p><img data-recalc-dims=\"1\" loading=\"lazy\" decoding=\"async\" class=\"alignnone size-large wp-image-81910\" src=\"https:\/\/i0.wp.com\/cdnoticias.com\/wp-content\/uploads\/2023\/04\/WhatsApp-Image-2023-04-09-at-16.41.56-1.jpeg?resize=800%2C450&#038;ssl=1\" alt=\"\" width=\"800\" height=\"450\" srcset=\"https:\/\/i0.wp.com\/cdnoticias.com\/wp-content\/uploads\/2023\/04\/WhatsApp-Image-2023-04-09-at-16.41.56-1.jpeg?resize=1024%2C576&amp;ssl=1 1024w, https:\/\/i0.wp.com\/cdnoticias.com\/wp-content\/uploads\/2023\/04\/WhatsApp-Image-2023-04-09-at-16.41.56-1.jpeg?resize=300%2C169&amp;ssl=1 300w, https:\/\/i0.wp.com\/cdnoticias.com\/wp-content\/uploads\/2023\/04\/WhatsApp-Image-2023-04-09-at-16.41.56-1.jpeg?resize=768%2C432&amp;ssl=1 768w, https:\/\/i0.wp.com\/cdnoticias.com\/wp-content\/uploads\/2023\/04\/WhatsApp-Image-2023-04-09-at-16.41.56-1.jpeg?resize=1536%2C864&amp;ssl=1 1536w, https:\/\/i0.wp.com\/cdnoticias.com\/wp-content\/uploads\/2023\/04\/WhatsApp-Image-2023-04-09-at-16.41.56-1.jpeg?w=1600&amp;ssl=1 1600w\" sizes=\"auto, (max-width: 800px) 100vw, 800px\" \/><\/p>\n<p>&nbsp;<\/p>\n<blockquote><p>Cabe recordar que Acevedo se encontraba internada en el \u00e1rea de Terapia Intensiva con graves heridas tras el violento hecho sucedido el pasado 31 de marzo, cuando ingres\u00f3 al centro de salud local con quemaduras que revest\u00edan gravedad.<\/p><\/blockquote>\n<p>&nbsp;<\/p>\n<p>Por este episodio, <strong>qued\u00f3 detenido su pareja, Fabi\u00e1n S\u00e1nchez. La familia asegura que Ayl\u00e9n sufr\u00eda violencia de g\u00e9nero por parte de S\u00e1nchez y la roci\u00f3 con nafta, la prendi\u00f3 fuego y la dej\u00f3 en el Hospital.<\/strong><\/p>\n<p>&nbsp;<\/p>\n<p>Si bien S\u00e1nchez declar\u00f3 que Ayl\u00e9n hab\u00eda intentado suicidarse, al momento de la investigaci\u00f3n dicha versi\u00f3n no prosper\u00f3 y contin\u00faa detenido e imputado por el hecho.<\/p>\n<p>&nbsp;<\/p>\n<p><img data-recalc-dims=\"1\" loading=\"lazy\" decoding=\"async\" class=\"alignnone size-full wp-image-81911\" src=\"https:\/\/i0.wp.com\/cdnoticias.com\/wp-content\/uploads\/2023\/04\/WhatsApp-Image-2023-04-09-at-16.41.56.jpeg?resize=712%2C312&#038;ssl=1\" alt=\"\" width=\"712\" height=\"312\" srcset=\"https:\/\/i0.wp.com\/cdnoticias.com\/wp-content\/uploads\/2023\/04\/WhatsApp-Image-2023-04-09-at-16.41.56.jpeg?w=712&amp;ssl=1 712w, https:\/\/i0.wp.com\/cdnoticias.com\/wp-content\/uploads\/2023\/04\/WhatsApp-Image-2023-04-09-at-16.41.56.jpeg?resize=300%2C131&amp;ssl=1 300w\" sizes=\"auto, (max-width: 712px) 100vw, 712px\" \/><\/p>\n<p>&nbsp;<\/p>\n<p>Finalmente, se\u00f1alaron que<strong> la madre de Ayl\u00e9n se encuentra sola acompa\u00f1ando a su hija en Esteban Echeverr\u00eda y publicaron una cuenta para aquellos que deseen colaborar de forma econ\u00f3mica con los gastos que conlleva su estad\u00eda en aquella ciudad del conurbano bonaerense.<\/strong><\/p>\n","protected":false},"excerpt":{"rendered":"<p>La joven que sufri\u00f3 graves heridas el pasado 31 de marzo fue trasladada para intensificar su tratamiento. Confirmaron que sigue<\/p>\n","protected":false},"author":2,"featured_media":81909,"comment_status":"closed","ping_status":"closed","sticky":false,"template":"","format":"standard","meta":{"_jetpack_memberships_contains_paid_content":false,"footnotes":""},"categories":[5,1],"tags":[],"class_list":["post-81908","post","type-post","status-publish","format-standard","has-post-thumbnail","hentry","category-informacion-general","category-portada"],"jetpack_featured_media_url":"https:\/\/i0.wp.com\/cdnoticias.com\/wp-content\/uploads\/2023\/04\/Diseno-sin-titulo-12.png?fit=900%2C600&ssl=1","jetpack_sharing_enabled":true,"_links":{"self":[{"href":"https:\/\/cdnoticias.com\/index.php\/wp-json\/wp\/v2\/posts\/81908","targetHints":{"allow":["GET"]}}],"collection":[{"href":"https:\/\/cdnoticias.com\/index.php\/wp-json\/wp\/v2\/posts"}],"about":[{"href":"https:\/\/cdnoticias.com\/index.php\/wp-json\/wp\/v2\/types\/post"}],"author":[{"embeddable":true,"href":"https:\/\/cdnoticias.com\/index.php\/wp-json\/wp\/v2\/users\/2"}],"replies":[{"embeddable":true,"href":"https:\/\/cdnoticias.com\/index.php\/wp-json\/wp\/v2\/comments?post=81908"}],"version-history":[{"count":0,"href":"https:\/\/cdnoticias.com\/index.php\/wp-json\/wp\/v2\/posts\/81908\/revisions"}],"wp:featuredmedia":[{"embeddable":true,"href":"https:\/\/cdnoticias.com\/index.php\/wp-json\/wp\/v2\/media\/81909"}],"wp:attachment":[{"href":"https:\/\/cdnoticias.com\/index.php\/wp-json\/wp\/v2\/media?parent=81908"}],"wp:term":[{"taxonomy":"category","embeddable":true,"href":"https:\/\/cdnoticias.com\/index.php\/wp-json\/wp\/v2\/categories?post=81908"},{"taxonomy":"post_tag","embeddable":true,"href":"https:\/\/cdnoticias.com\/index.php\/wp-json\/wp\/v2\/tags?post=81908"}],"curies":[{"name":"wp","href":"https:\/\/api.w.org\/{rel}","templated":true}]}}