{"id":81873,"date":"2023-04-09T10:16:53","date_gmt":"2023-04-09T13:16:53","guid":{"rendered":"https:\/\/www.centraldenoticias.com.ar\/?p=81873"},"modified":"2023-04-09T10:17:14","modified_gmt":"2023-04-09T13:17:14","slug":"nestor-alfredo-pastor-chiche-q-e-p-d","status":"publish","type":"post","link":"https:\/\/cdnoticias.com\/index.php\/2023\/04\/09\/nestor-alfredo-pastor-chiche-q-e-p-d\/","title":{"rendered":"N\u00e9stor Alfredo Pastor &#8220;Chiche&#8221; (Q.E.P.D.)"},"content":{"rendered":"<p>Falleci\u00f3 en Olavarr\u00eda el d\u00eda 9 de abril de 2023 a los 81 a\u00f1os. Su esposa Norma Damanins. Sus hijos Rosana, Mauricio y Jorgelina Pastor. Sus hijos pol\u00edticos Daniel, Fernanda y Pablo. Sus nietos Martin, Tomas, Franco y Ram\u00f3n Galotti; Roc\u00edo Pastor; Valent\u00edn e I\u00f1aki Block. Sus nietos pol\u00edticos Juliana, Macarena y Manu. Sus bisnietos Felipe y Ceferino. Sus hermanos Andr\u00e9s y Jos\u00e9 Mar\u00eda Pastor. Sus hermanos pol\u00edticos Horacio y Rosana. Sus sobrinos y dem\u00e1s deudos participan su fallecimiento.<\/p>\n<p>&nbsp;<\/p>\n<p>Velatorio: Espa\u00f1a 2942 departamento &#8220;B&#8221;. El velatorio comienza a las 10:00 y finaliza a las 18:00. Responso: Capilla Ardiente. Inhumaci\u00f3n: Cementerio Loma de Paz, lunes 10 de abril a las 8:30. Servicio adherido a Coopelectric.<\/p>\n<p>&nbsp;<\/p>\n<p>Barrio en el que viv\u00eda: Vecino de Barrio Mariano Moreno.<\/p>\n<p>Lugar de nacimiento: Nacido en Huanguel\u00e9n.<\/p>\n<p>Actividad que desarrollaba: Jubilado comerciante.<\/p>\n","protected":false},"excerpt":{"rendered":"<p>Falleci\u00f3 en Olavarr\u00eda el d\u00eda 9 de abril de 2023 a los 81 a\u00f1os. Su esposa Norma Damanins. Sus hijos<\/p>\n","protected":false},"author":6,"featured_media":67646,"comment_status":"closed","ping_status":"closed","sticky":false,"template":"","format":"standard","meta":{"_jetpack_memberships_contains_paid_content":false,"footnotes":""},"categories":[10],"tags":[],"class_list":["post-81873","post","type-post","status-publish","format-standard","has-post-thumbnail","hentry","category-necrologicas"],"jetpack_featured_media_url":"https:\/\/i0.wp.com\/cdnoticias.com\/wp-content\/uploads\/2022\/10\/necrologicas-390-x-240.jpg?fit=390%2C240&ssl=1","jetpack_sharing_enabled":true,"_links":{"self":[{"href":"https:\/\/cdnoticias.com\/index.php\/wp-json\/wp\/v2\/posts\/81873","targetHints":{"allow":["GET"]}}],"collection":[{"href":"https:\/\/cdnoticias.com\/index.php\/wp-json\/wp\/v2\/posts"}],"about":[{"href":"https:\/\/cdnoticias.com\/index.php\/wp-json\/wp\/v2\/types\/post"}],"author":[{"embeddable":true,"href":"https:\/\/cdnoticias.com\/index.php\/wp-json\/wp\/v2\/users\/6"}],"replies":[{"embeddable":true,"href":"https:\/\/cdnoticias.com\/index.php\/wp-json\/wp\/v2\/comments?post=81873"}],"version-history":[{"count":0,"href":"https:\/\/cdnoticias.com\/index.php\/wp-json\/wp\/v2\/posts\/81873\/revisions"}],"wp:featuredmedia":[{"embeddable":true,"href":"https:\/\/cdnoticias.com\/index.php\/wp-json\/wp\/v2\/media\/67646"}],"wp:attachment":[{"href":"https:\/\/cdnoticias.com\/index.php\/wp-json\/wp\/v2\/media?parent=81873"}],"wp:term":[{"taxonomy":"category","embeddable":true,"href":"https:\/\/cdnoticias.com\/index.php\/wp-json\/wp\/v2\/categories?post=81873"},{"taxonomy":"post_tag","embeddable":true,"href":"https:\/\/cdnoticias.com\/index.php\/wp-json\/wp\/v2\/tags?post=81873"}],"curies":[{"name":"wp","href":"https:\/\/api.w.org\/{rel}","templated":true}]}}