{"id":81836,"date":"2023-04-08T14:00:04","date_gmt":"2023-04-08T17:00:04","guid":{"rendered":"https:\/\/www.centraldenoticias.com.ar\/?p=81836"},"modified":"2023-04-08T14:00:04","modified_gmt":"2023-04-08T17:00:04","slug":"provincia-lanzan-programa-para-financiar-ferias-del-libro","status":"publish","type":"post","link":"https:\/\/cdnoticias.com\/index.php\/2023\/04\/08\/provincia-lanzan-programa-para-financiar-ferias-del-libro\/","title":{"rendered":"Provincia: lanzan programa para financiar ferias del libro"},"content":{"rendered":"<p>El Instituto Cultural bonaerense otorgar\u00e1 hasta un mill\u00f3n de pesos a organizadores de este tipo de eventos.<!--more--><\/p>\n<hr \/>\n<p>El <strong>Instituto Cultural bonaerense<\/strong> invita a <strong>organizadores de ferias del libro de la provincia de Buenos Aires<\/strong> a sumarse a un programa de fortalecimiento de estos eventos, a trav\u00e9s del cual podr\u00e1n recibir hasta <strong>un mill\u00f3n de pesos de financiamiento.<\/strong><\/p>\n<p>&nbsp;<\/p>\n<blockquote><p>De la convocatoria \u201cpodr\u00e1n participar ferias del libro gubernamentales, de car\u00e1cter municipal y ferias del libro no gubernamentales, presentando una \u00fanica postulaci\u00f3n en donde describan sus caracter\u00edsticas identitarias, fechas y lugar de realizaci\u00f3n, objetivos esperados, variedad de actividades y stands\u201d, explic\u00f3 el Instituto Cultural a trav\u00e9s de un comunicado.<\/p><\/blockquote>\n<p>&nbsp;<\/p>\n<p>Asimismo, detall\u00f3 que la <strong>entrada a la ferias \u201cdeber\u00e1 ser libre y gratuita\u201d<\/strong> y que el objetivo de la convocatoria es <strong>\u201cfortalecer\u201d estos eventos<\/strong> \u201c<em>como espacios de democratizaci\u00f3n, promoci\u00f3n de la lectura y est\u00edmulo de la econom\u00eda del sector, fomentando la descentralizaci\u00f3n cultural y el reconocimiento de la variedad y riqueza de ferias del libro de toda la provincia, buscando tambi\u00e9n propiciar la confluencia entre lectores, editores, libreros, ilustradores y escritores, favoreciendo as\u00ed la creaci\u00f3n de nuevos p\u00fablicos\u201d.<\/em><\/p>\n<p>&nbsp;<\/p>\n<p>La Provincia podr\u00e1 otorgar hasta un mill\u00f3n de pesos y los montos deber\u00e1n ser destinados \u201cen su totalidad al sector editorial. \u201c<em><strong>L<em>os<\/em> rubros de gastos contemplados son: honorarios para invitados que ser\u00e1n parte de conversatorios, charlas, recitales, lecturas, talleres, seminarios, performances y actividades en general en torno al sector editorial\u201d,<\/strong><\/em> indic\u00f3 el organismo bonaerense.<\/p>\n<p>&nbsp;<\/p>\n<p>Adem\u00e1s agreg\u00f3 que tambi\u00e9n se contemplan \u201clos honorarios para trabajadores de la feria, organizadores, vi\u00e1ticos y refrigerios\u201d y que tambi\u00e9n \u201cla ayuda podr\u00e1 ser utilizada para la compra de libros u otorgamiento de descuentos en compras de libros\u201d.<\/p>\n<p>&nbsp;<\/p>\n<p>La <strong>inscripci\u00f3n al programa estar\u00e1 abierta hasta el 3 de mayo<\/strong>, a trav\u00e9s del <a href=\"https:\/\/docs.google.com\/forms\/d\/e\/1FAIpQLSdnVZ7q9GGZErvN4T9TKy29z4pvkeFL4v74q5d6Atp6W1eisw\/viewform\" target=\"_blank\" rel=\"noopener\">formulario de inscripci\u00f3n<\/a>. Por consultas se puede escribir a asistenciaferiasicpba@gmail.com.<\/p>\n<p>&nbsp;<\/p>\n<p><em>Fuente: DIB\u00a0<\/em><\/p>\n","protected":false},"excerpt":{"rendered":"<p>El Instituto Cultural bonaerense otorgar\u00e1 hasta un mill\u00f3n de pesos a organizadores de este tipo de eventos.<\/p>\n","protected":false},"author":6,"featured_media":81837,"comment_status":"closed","ping_status":"closed","sticky":false,"template":"","format":"standard","meta":{"_jetpack_memberships_contains_paid_content":false,"footnotes":""},"categories":[6,1],"tags":[],"class_list":["post-81836","post","type-post","status-publish","format-standard","has-post-thumbnail","hentry","category-nacionales","category-portada"],"jetpack_featured_media_url":"https:\/\/i0.wp.com\/cdnoticias.com\/wp-content\/uploads\/2023\/04\/feriasdelibro.jpg?fit=696%2C522&ssl=1","jetpack_sharing_enabled":true,"_links":{"self":[{"href":"https:\/\/cdnoticias.com\/index.php\/wp-json\/wp\/v2\/posts\/81836","targetHints":{"allow":["GET"]}}],"collection":[{"href":"https:\/\/cdnoticias.com\/index.php\/wp-json\/wp\/v2\/posts"}],"about":[{"href":"https:\/\/cdnoticias.com\/index.php\/wp-json\/wp\/v2\/types\/post"}],"author":[{"embeddable":true,"href":"https:\/\/cdnoticias.com\/index.php\/wp-json\/wp\/v2\/users\/6"}],"replies":[{"embeddable":true,"href":"https:\/\/cdnoticias.com\/index.php\/wp-json\/wp\/v2\/comments?post=81836"}],"version-history":[{"count":0,"href":"https:\/\/cdnoticias.com\/index.php\/wp-json\/wp\/v2\/posts\/81836\/revisions"}],"wp:featuredmedia":[{"embeddable":true,"href":"https:\/\/cdnoticias.com\/index.php\/wp-json\/wp\/v2\/media\/81837"}],"wp:attachment":[{"href":"https:\/\/cdnoticias.com\/index.php\/wp-json\/wp\/v2\/media?parent=81836"}],"wp:term":[{"taxonomy":"category","embeddable":true,"href":"https:\/\/cdnoticias.com\/index.php\/wp-json\/wp\/v2\/categories?post=81836"},{"taxonomy":"post_tag","embeddable":true,"href":"https:\/\/cdnoticias.com\/index.php\/wp-json\/wp\/v2\/tags?post=81836"}],"curies":[{"name":"wp","href":"https:\/\/api.w.org\/{rel}","templated":true}]}}