{"id":81823,"date":"2023-04-08T13:01:03","date_gmt":"2023-04-08T16:01:03","guid":{"rendered":"https:\/\/www.centraldenoticias.com.ar\/?p=81823"},"modified":"2023-04-08T13:09:57","modified_gmt":"2023-04-08T16:09:57","slug":"tren-a-bahia-blanca-corrio-una-formacion-de-prueba-pero-no-hay-fecha-de-regreso-del-servicio","status":"publish","type":"post","link":"https:\/\/cdnoticias.com\/index.php\/2023\/04\/08\/tren-a-bahia-blanca-corrio-una-formacion-de-prueba-pero-no-hay-fecha-de-regreso-del-servicio\/","title":{"rendered":"Tren a Bah\u00eda Blanca: corri\u00f3 una formaci\u00f3n de prueba, pero no hay fecha de regreso del servicio"},"content":{"rendered":"<p>Desde la empresa confirmaron que la decisi\u00f3n es poder concretarlo lo m\u00e1s pronto posible. Hasta el 16 de abril, los pasajes se encuentran cancelados.<\/p>\n<p><!--more--><\/p>\n<hr \/>\n<p><strong>El tren Constituci\u00f3n \u2013 Bah\u00eda Blanca<\/strong> es uno de los servicios de pasajeros m\u00e1s utilizados pero <strong>en los \u00faltimos meses estuvo m\u00e1s tiempo cancelado que operativo<\/strong>.<\/p>\n<p>&nbsp;<\/p>\n<p><strong>El \u00faltimo descarrilamiento se dio en Olavarr\u00eda<\/strong> <a href=\"https:\/\/cdnoticias.com\/index.php\/2023\/03\/22\/descarrillo-en-olavarria-el-tren-de-pasajeros-que-iba-a-bahia-blanca\/\" target=\"_blank\" rel=\"noopener\">el 21 de marzo y oblig\u00f3 a una nueva suspensi\u00f3n<\/a>.<\/p>\n<p>&nbsp;<\/p>\n<p><strong>El mi\u00e9rcoles corri\u00f3 un tren de prueba en todo el ramal<\/strong>, pero todav\u00eda no hay fecha para su regreso.<\/p>\n<p>&nbsp;<\/p>\n<p>Luego del descarrilamiento <strong>se estimaba como fecha probable de reinicio del servicio el 2 de abril. Sin embargo, eso no sucedi\u00f3<\/strong> y Trenes Argentinos ya <strong>cancel\u00f3 los pasajes vendidos hasta el d\u00eda 16 de abril<\/strong> inclusive por \u201cinconvenientes t\u00e9cnicos\u201d.<\/p>\n<p>&nbsp;<\/p>\n<p><iframe loading=\"lazy\" title=\"YouTube video player\" src=\"https:\/\/www.youtube.com\/embed\/zAtiyLtW1vw\" width=\"560\" height=\"315\" frameborder=\"0\" allowfullscreen=\"allowfullscreen\"><\/iframe><\/p>\n<p>&nbsp;<\/p>\n<p>Este mi\u00e9rcoles <strong>Trenes Argentinos corri\u00f3 un tren de prueba, conocido como &#8220;marcha blanca&#8221;<\/strong> y muchos se ilusionaron con el regreso de un servicio que para una gran cantidad de personas es el \u00fanico medio de transporte que pueden costear para viajar hasta Capital Federal. La formaci\u00f3n contaba con equipo para <strong>controlar la calidad geom\u00e9trica de la v\u00eda: ancho de v\u00edas, alineaci\u00f3n, nivelaci\u00f3n<\/strong>, entre otros elementos.<\/p>\n<p>&nbsp;<\/p>\n<blockquote><p>Ante la consulta acerca de si se acortar\u00e1n plazos, desde la empresa estatal aseguraron que todav\u00eda \u201cno hay fecha para el regreso del servicio\u201d, aunque confirmaron que la decisi\u00f3n es que poder concretarlo lo m\u00e1s pronto posible.<\/p><\/blockquote>\n<p>&nbsp;<\/p>\n<p>Hasta el 16 de abril, los pasajes se encuentran cancelados y en estos d\u00edas la empresa puso venta de pasajes para el mes de mayo sin plazas en el ramal Constituci\u00f3n \u2013 Bah\u00eda Blanca.<\/p>\n<p>&nbsp;<\/p>\n<p>Fuente y foto:<em> Canal Siete Bah\u00eda Blanca<\/em><\/p>\n<p>&nbsp;<\/p>\n","protected":false},"excerpt":{"rendered":"<p>Desde la empresa confirmaron que la decisi\u00f3n es poder concretarlo lo m\u00e1s pronto posible. Hasta el 16 de abril, los<\/p>\n","protected":false},"author":4,"featured_media":81824,"comment_status":"closed","ping_status":"closed","sticky":false,"template":"","format":"standard","meta":{"_jetpack_memberships_contains_paid_content":false,"footnotes":""},"categories":[5,1],"tags":[],"class_list":["post-81823","post","type-post","status-publish","format-standard","has-post-thumbnail","hentry","category-informacion-general","category-portada"],"jetpack_featured_media_url":"https:\/\/i0.wp.com\/cdnoticias.com\/wp-content\/uploads\/2023\/04\/CANAL-SIETE-tren-en-bahia-blanca-00.jpg?fit=800%2C445&ssl=1","jetpack_sharing_enabled":true,"_links":{"self":[{"href":"https:\/\/cdnoticias.com\/index.php\/wp-json\/wp\/v2\/posts\/81823","targetHints":{"allow":["GET"]}}],"collection":[{"href":"https:\/\/cdnoticias.com\/index.php\/wp-json\/wp\/v2\/posts"}],"about":[{"href":"https:\/\/cdnoticias.com\/index.php\/wp-json\/wp\/v2\/types\/post"}],"author":[{"embeddable":true,"href":"https:\/\/cdnoticias.com\/index.php\/wp-json\/wp\/v2\/users\/4"}],"replies":[{"embeddable":true,"href":"https:\/\/cdnoticias.com\/index.php\/wp-json\/wp\/v2\/comments?post=81823"}],"version-history":[{"count":0,"href":"https:\/\/cdnoticias.com\/index.php\/wp-json\/wp\/v2\/posts\/81823\/revisions"}],"wp:featuredmedia":[{"embeddable":true,"href":"https:\/\/cdnoticias.com\/index.php\/wp-json\/wp\/v2\/media\/81824"}],"wp:attachment":[{"href":"https:\/\/cdnoticias.com\/index.php\/wp-json\/wp\/v2\/media?parent=81823"}],"wp:term":[{"taxonomy":"category","embeddable":true,"href":"https:\/\/cdnoticias.com\/index.php\/wp-json\/wp\/v2\/categories?post=81823"},{"taxonomy":"post_tag","embeddable":true,"href":"https:\/\/cdnoticias.com\/index.php\/wp-json\/wp\/v2\/tags?post=81823"}],"curies":[{"name":"wp","href":"https:\/\/api.w.org\/{rel}","templated":true}]}}