{"id":81800,"date":"2023-04-08T11:00:36","date_gmt":"2023-04-08T14:00:36","guid":{"rendered":"https:\/\/www.centraldenoticias.com.ar\/?p=81800"},"modified":"2023-04-08T11:00:36","modified_gmt":"2023-04-08T14:00:36","slug":"la-sinfonica-municipal-hara-un-tributo-a-soda-stereo","status":"publish","type":"post","link":"https:\/\/cdnoticias.com\/index.php\/2023\/04\/08\/la-sinfonica-municipal-hara-un-tributo-a-soda-stereo\/","title":{"rendered":"La Sinf\u00f3nica Municipal har\u00e1 un \u201cTributo a Soda Stereo\u201d"},"content":{"rendered":"<p>Ser\u00e1 el 16 de abril a las 20:30 en el Teatro Municipal. Participar\u00e1 el grupo \u201cCaja Negra\u201d. Entradas en venta.<\/p>\n<p><!--more--><\/p>\n<hr \/>\n<p>La <strong>Orquesta Sinf\u00f3nica Municipal \u201cMtro. Mario Patan\u00e9\u201d dirigida por el Mtro. Diego Lurbe<\/strong>, junto al grupo <strong>\u201cCaja Negra\u201d<\/strong>, realizar\u00e1n una propuesta musical en<strong> homenaje a Soda Stereo.<\/strong><\/p>\n<p>&nbsp;<\/p>\n<p>Este concierto se realizar\u00e1 el <strong>16 de abril a las 20:30 horas en el Teatro Municipal<\/strong>. Las entradas ya est\u00e1n a la venta, a un valor general de 1600 pesos (numeradas). Entrada con descuento a estudiantes de m\u00fasica: 1300 pesos.<\/p>\n<p>&nbsp;<\/p>\n<p>El \u201cTributo a Soda Stereo\u201d contar\u00e1 con el siguiente <strong>repertorio<\/strong>:\u00a0 <em>Cactus (Gustavo Cerati), Tr\u00e1tame Suavemente (Daniel Melero), Signos (Gustavo Cerati), Persiana Americana (Gustavo Cerati), El rito (Gustavo Cerati), Puente (Gustavo Cerati), Hombre al Agua (Gustavo Cerati y Daniel Melero), En la ciudad de la furia (Gustavo Cerati), Lo que sangra. La c\u00fapula (Gustavo Cerati), Zona de Promesas (Gustavo Cerati), Juegos de seducci\u00f3n (Gustavo Cerati), Fue (Gustavo Cerati).<\/em><\/p>\n<p>&nbsp;<\/p>\n<p>Los <strong>arreglos musicales est\u00e1n a cargo del m\u00fasico Daniel Rodr\u00edguez<\/strong> y Caja Negra est\u00e1 integrada por <strong>Flavio Freites<\/strong> (Guitarra y Voz), <strong>Eduardo Grave<\/strong> (Guitarra), <strong>Federico Lapieza<\/strong> (Teclado y voz), <strong>Roberto Bonifacio<\/strong> (Bajo) y <strong>Diego Chantiri<\/strong> (Bater\u00eda).<\/p>\n<p>&nbsp;<\/p>\n","protected":false},"excerpt":{"rendered":"<p>Ser\u00e1 el 16 de abril a las 20:30 en el Teatro Municipal. Participar\u00e1 el grupo \u201cCaja Negra\u201d. Entradas en venta.<\/p>\n","protected":false},"author":4,"featured_media":79587,"comment_status":"closed","ping_status":"closed","sticky":false,"template":"","format":"standard","meta":{"_jetpack_memberships_contains_paid_content":false,"footnotes":""},"categories":[9,1],"tags":[],"class_list":["post-81800","post","type-post","status-publish","format-standard","has-post-thumbnail","hentry","category-cultura","category-portada"],"jetpack_featured_media_url":"https:\/\/i0.wp.com\/cdnoticias.com\/wp-content\/uploads\/2023\/03\/sinfonica.jpg?fit=1024%2C685&ssl=1","jetpack_sharing_enabled":true,"_links":{"self":[{"href":"https:\/\/cdnoticias.com\/index.php\/wp-json\/wp\/v2\/posts\/81800","targetHints":{"allow":["GET"]}}],"collection":[{"href":"https:\/\/cdnoticias.com\/index.php\/wp-json\/wp\/v2\/posts"}],"about":[{"href":"https:\/\/cdnoticias.com\/index.php\/wp-json\/wp\/v2\/types\/post"}],"author":[{"embeddable":true,"href":"https:\/\/cdnoticias.com\/index.php\/wp-json\/wp\/v2\/users\/4"}],"replies":[{"embeddable":true,"href":"https:\/\/cdnoticias.com\/index.php\/wp-json\/wp\/v2\/comments?post=81800"}],"version-history":[{"count":0,"href":"https:\/\/cdnoticias.com\/index.php\/wp-json\/wp\/v2\/posts\/81800\/revisions"}],"wp:featuredmedia":[{"embeddable":true,"href":"https:\/\/cdnoticias.com\/index.php\/wp-json\/wp\/v2\/media\/79587"}],"wp:attachment":[{"href":"https:\/\/cdnoticias.com\/index.php\/wp-json\/wp\/v2\/media?parent=81800"}],"wp:term":[{"taxonomy":"category","embeddable":true,"href":"https:\/\/cdnoticias.com\/index.php\/wp-json\/wp\/v2\/categories?post=81800"},{"taxonomy":"post_tag","embeddable":true,"href":"https:\/\/cdnoticias.com\/index.php\/wp-json\/wp\/v2\/tags?post=81800"}],"curies":[{"name":"wp","href":"https:\/\/api.w.org\/{rel}","templated":true}]}}