{"id":81797,"date":"2023-04-10T18:00:52","date_gmt":"2023-04-10T21:00:52","guid":{"rendered":"https:\/\/www.centraldenoticias.com.ar\/?p=81797"},"modified":"2023-04-10T18:00:52","modified_gmt":"2023-04-10T21:00:52","slug":"la-provincia-implemento-la-ley-de-generacion-distribuida","status":"publish","type":"post","link":"https:\/\/cdnoticias.com\/index.php\/2023\/04\/10\/la-provincia-implemento-la-ley-de-generacion-distribuida\/","title":{"rendered":"La Provincia implement\u00f3 la Ley de Generaci\u00f3n Distribuida"},"content":{"rendered":"<p>Quienes instalen paneles solares podr\u00e1n inyectar su energ\u00eda excedente a la red el\u00e9ctrica y recibir una remuneraci\u00f3n por ello. Paso a paso, c\u00f3mo es la aplicaci\u00f3n.<\/p>\n<p><!--more--><\/p>\n<hr \/>\n<p>Ahora los vecinos y vecinas que <strong>instalen paneles solares podr\u00e1n inyectar su energ\u00eda excedente a la red el\u00e9ctrica<\/strong>, con el objetivo de promover el uso de sistemas renovables y mejorar la calidad del servicio.<\/p>\n<p>&nbsp;<\/p>\n<p>Los vecinos y vecinas de la provincia de Buenos Aires podr\u00e1n <strong>convertirse en \u201cusuarios-generadores\u201d<\/strong> instalando paneles solares en sus domicilios. La resoluci\u00f3n se public\u00f3 el mi\u00e9rcoles 5 de abril en el Bolet\u00edn Oficial y define que los usuarios y usuarias pueden autogenerar energ\u00eda renovable y entregar el excedente a la red el\u00e9ctrica, recibiendo <strong>una remuneraci\u00f3n<\/strong> por ello.<\/p>\n<p>&nbsp;<\/p>\n<p>Para promover esta actividad,<strong> la Provincia incorpor\u00f3 dos exenciones impositivas por 12 a\u00f1os<\/strong>: el impuesto a los Ingresos Brutos por la inyecci\u00f3n de los excedentes de energ\u00eda renovable a la red de distribuci\u00f3n, y el impuesto de sellos a los contratos que suscriban los usuarios con las empresas distribuidoras.<\/p>\n<p>&nbsp;<\/p>\n<p>Adicionalmente, <strong>los usuarios y usuarias que entreguen su excedente recibir\u00e1n descuentos en sus facturas de electricidad<\/strong>, equivalentes al costo de la energ\u00eda mayorista evitado por la distribuidora.<\/p>\n<p>&nbsp;<\/p>\n<blockquote><p>La posibilidad de generar e inyectar energ\u00eda en forma particular no s\u00f3lo genera ahorros en las facturas del servicio el\u00e9ctrico, sino tambi\u00e9n permite un uso m\u00e1s eficiente de la misma, y promueve h\u00e1bitos de cuidado ambiental imprescindibles para el futuro.<\/p><\/blockquote>\n<p>&nbsp;<\/p>\n<p>Esta actividad est\u00e1 contemplada en la <strong>ley 15.325, Ley de Generaci\u00f3n Distribuida<\/strong>, aprobada en la Legislatura el 21 de abril de 2022 y <a href=\"https:\/\/cdnoticias.com\/index.php\/2023\/01\/14\/habilitan-a-usuarios-con-paneles-solares-a-inyectar-energia-a-la-red-electrica\/\" target=\"_blank\" rel=\"noopener\">cuya reglamentaci\u00f3n se dio a conocer en los primeros d\u00edas de enero<\/a>.<\/p>\n<p>&nbsp;<\/p>\n<p><img data-recalc-dims=\"1\" loading=\"lazy\" decoding=\"async\" class=\"size-full wp-image-74773 aligncenter\" src=\"https:\/\/i0.wp.com\/cdnoticias.com\/wp-content\/uploads\/2023\/01\/panel-solar-01.jpg?resize=800%2C445&#038;ssl=1\" alt=\"\" width=\"800\" height=\"445\" srcset=\"https:\/\/i0.wp.com\/cdnoticias.com\/wp-content\/uploads\/2023\/01\/panel-solar-01.jpg?w=800&amp;ssl=1 800w, https:\/\/i0.wp.com\/cdnoticias.com\/wp-content\/uploads\/2023\/01\/panel-solar-01.jpg?resize=300%2C167&amp;ssl=1 300w, https:\/\/i0.wp.com\/cdnoticias.com\/wp-content\/uploads\/2023\/01\/panel-solar-01.jpg?resize=768%2C427&amp;ssl=1 768w\" sizes=\"auto, (max-width: 800px) 100vw, 800px\" \/><\/p>\n<p>&nbsp;<\/p>\n<p><strong>Paso a paso, c\u00f3mo es la implementaci\u00f3n<\/strong><\/p>\n<p>&nbsp;<\/p>\n<ul>\n<li>El usuario titular del suministro el\u00e9ctrico debe presentar ante la Distribuidora la informaci\u00f3n acerca del equipo de generaci\u00f3n distribuida que desea conectar, los planos de las instalaciones, y los datos del responsable de la instalaci\u00f3n que ejecutar\u00e1 la obra.<\/li>\n<\/ul>\n<p>&nbsp;<\/p>\n<ul>\n<li>La Distribuidora deber\u00e1 realizar el estudio de factibilidad t\u00e9cnica de conexi\u00f3n en los plazos establecidos.<\/li>\n<\/ul>\n<p>&nbsp;<\/p>\n<ul>\n<li>Una vez que la Distribuidora aprueba la conexi\u00f3n, el responsable de la instalaci\u00f3n deber\u00e1 verificar las condiciones para la conexi\u00f3n, llevando a cabo los procedimientos establecidos para cada tecnolog\u00eda y tipo de instalaci\u00f3n.<\/li>\n<\/ul>\n<p>&nbsp;<\/p>\n<ul>\n<li>La instalaci\u00f3n incluir\u00e1 2 medidores: uno de medici\u00f3n bidireccional para registrar el intercambio con la red de la Distribuidora, un medidor unidireccional que registrar\u00e1 la demanda total del usuario y un sistema asociado de registro y transmisi\u00f3n de datos.<\/li>\n<\/ul>\n<p>&nbsp;<\/p>\n<ul>\n<li>Cumplida la instalaci\u00f3n, la Distribuidora y el usuario suscribir\u00e1n el Contrato de Generaci\u00f3n El\u00e9ctrica domiciliaria bajo Modalidad Distribuida.<\/li>\n<\/ul>\n<p>&nbsp;<\/p>\n<ul>\n<li>El usuario se convertir\u00e1 en \u201cusuario &#8211; generador\u201d cuando la Distribuidora le confiera el ALTA, a partir de la presentaci\u00f3n de la documentaci\u00f3n ante el Registro de Usuarios-Generadores de Energ\u00eda Renovable de la Provincia de Buenos Aires (RUGER). Luego debe expedir el Certificado de Usuario Generador que le permitir\u00e1 obtener los beneficios impositivos.<\/li>\n<\/ul>\n<p>&nbsp;<\/p>\n<ul>\n<li>El RUGER &#8211; que es donde constar\u00e1n los usuarios generadores (UG) inscriptos por las distribuidoras provinciales y municipales de energ\u00eda el\u00e9ctrica- se encuentra en el \u00e1mbito del Organismo de Control de Energ\u00eda El\u00e9ctrica de la provincia de Buenos Aires (OCEBA).<\/li>\n<\/ul>\n<p>&nbsp;<\/p>\n<ul>\n<li>Los usuarios generadores del \u00e1rea de concesi\u00f3n de EDENOR S.A. y EDESUR S.A.\u00a0 deber\u00e1n informar al OCEBA que poseen el correspondiente Certificado de usuario generador expedido por la Autoridad Nacional. A su vez, el RUGER notificar\u00e1 al ARBA sobre el certificado, la que luego conferir\u00e1 las exenciones impositivas establecidas por Ley Provincial N\u00b0 15.325.<\/li>\n<\/ul>\n<p>&nbsp;<\/p>\n<p>&nbsp;<\/p>\n","protected":false},"excerpt":{"rendered":"<p>Quienes instalen paneles solares podr\u00e1n inyectar su energ\u00eda excedente a la red el\u00e9ctrica y recibir una remuneraci\u00f3n por ello. Paso<\/p>\n","protected":false},"author":4,"featured_media":21656,"comment_status":"closed","ping_status":"closed","sticky":false,"template":"","format":"standard","meta":{"_jetpack_memberships_contains_paid_content":false,"footnotes":""},"categories":[6,1],"tags":[],"class_list":["post-81797","post","type-post","status-publish","format-standard","has-post-thumbnail","hentry","category-nacionales","category-portada"],"jetpack_featured_media_url":"https:\/\/i0.wp.com\/cdnoticias.com\/wp-content\/uploads\/2021\/05\/DIB-paneles-solares-696x353.jpg?fit=696%2C353&ssl=1","jetpack_sharing_enabled":true,"_links":{"self":[{"href":"https:\/\/cdnoticias.com\/index.php\/wp-json\/wp\/v2\/posts\/81797","targetHints":{"allow":["GET"]}}],"collection":[{"href":"https:\/\/cdnoticias.com\/index.php\/wp-json\/wp\/v2\/posts"}],"about":[{"href":"https:\/\/cdnoticias.com\/index.php\/wp-json\/wp\/v2\/types\/post"}],"author":[{"embeddable":true,"href":"https:\/\/cdnoticias.com\/index.php\/wp-json\/wp\/v2\/users\/4"}],"replies":[{"embeddable":true,"href":"https:\/\/cdnoticias.com\/index.php\/wp-json\/wp\/v2\/comments?post=81797"}],"version-history":[{"count":0,"href":"https:\/\/cdnoticias.com\/index.php\/wp-json\/wp\/v2\/posts\/81797\/revisions"}],"wp:featuredmedia":[{"embeddable":true,"href":"https:\/\/cdnoticias.com\/index.php\/wp-json\/wp\/v2\/media\/21656"}],"wp:attachment":[{"href":"https:\/\/cdnoticias.com\/index.php\/wp-json\/wp\/v2\/media?parent=81797"}],"wp:term":[{"taxonomy":"category","embeddable":true,"href":"https:\/\/cdnoticias.com\/index.php\/wp-json\/wp\/v2\/categories?post=81797"},{"taxonomy":"post_tag","embeddable":true,"href":"https:\/\/cdnoticias.com\/index.php\/wp-json\/wp\/v2\/tags?post=81797"}],"curies":[{"name":"wp","href":"https:\/\/api.w.org\/{rel}","templated":true}]}}