{"id":81783,"date":"2023-04-08T09:00:18","date_gmt":"2023-04-08T12:00:18","guid":{"rendered":"https:\/\/www.centraldenoticias.com.ar\/?p=81783"},"modified":"2023-04-08T09:00:18","modified_gmt":"2023-04-08T12:00:18","slug":"el-programa-callejeada-visito-una-muestra-en-la-facultad-de-ciencias-sociales","status":"publish","type":"post","link":"https:\/\/cdnoticias.com\/index.php\/2023\/04\/08\/el-programa-callejeada-visito-una-muestra-en-la-facultad-de-ciencias-sociales\/","title":{"rendered":"El Programa Callejeada visit\u00f3 una muestra en la Facultad de Ciencias Sociales"},"content":{"rendered":"<p>Con motivo de la conmemoraci\u00f3n del D\u00eda de la Memoria por la Verdad y Justicia, visitaron la muestra \u201cDictadura a diario\/duelo a destiempo\u201d, de Manuel Massolo. <!--more--><\/p>\n<hr \/>\n<p>D\u00edas atr\u00e1s chicos y chicas que integran el <strong>Programa Callejeada de los barrios Facundo Quiroga y Alberdi<\/strong> concurrieron a una muestra que se desarroll\u00f3 en la <strong>Facultad de Ciencias Sociales,<\/strong> con motivo de la conmemoraci\u00f3n del <strong>D\u00eda de la Memoria por la Verdad y Justicia<\/strong>, en recuerdo de las v\u00edctimas de la \u00faltima dictadura militar.<\/p>\n<p>&nbsp;<\/p>\n<p><img data-recalc-dims=\"1\" loading=\"lazy\" decoding=\"async\" class=\"aligncenter wp-image-81784 size-full\" src=\"https:\/\/i0.wp.com\/cdnoticias.com\/wp-content\/uploads\/2023\/04\/callejeada.jpg?resize=800%2C533&#038;ssl=1\" alt=\"\" width=\"800\" height=\"533\" srcset=\"https:\/\/i0.wp.com\/cdnoticias.com\/wp-content\/uploads\/2023\/04\/callejeada.jpg?w=1772&amp;ssl=1 1772w, https:\/\/i0.wp.com\/cdnoticias.com\/wp-content\/uploads\/2023\/04\/callejeada.jpg?resize=300%2C200&amp;ssl=1 300w, https:\/\/i0.wp.com\/cdnoticias.com\/wp-content\/uploads\/2023\/04\/callejeada.jpg?resize=1024%2C682&amp;ssl=1 1024w, https:\/\/i0.wp.com\/cdnoticias.com\/wp-content\/uploads\/2023\/04\/callejeada.jpg?resize=768%2C512&amp;ssl=1 768w, https:\/\/i0.wp.com\/cdnoticias.com\/wp-content\/uploads\/2023\/04\/callejeada.jpg?resize=1536%2C1024&amp;ssl=1 1536w, https:\/\/i0.wp.com\/cdnoticias.com\/wp-content\/uploads\/2023\/04\/callejeada.jpg?resize=272%2C182&amp;ssl=1 272w, https:\/\/i0.wp.com\/cdnoticias.com\/wp-content\/uploads\/2023\/04\/callejeada.jpg?w=1600&amp;ssl=1 1600w\" sizes=\"auto, (max-width: 800px) 100vw, 800px\" \/><\/p>\n<p>&nbsp;<\/p>\n<p>Se trat\u00f3 de la muestra \u201c<em><strong>Dictadura a diario\/duelo a destiempo<\/strong><\/em>\u201d, de <strong>Manuel Massolo<\/strong>, la cual est\u00e1 compuesta por una serie de intervenciones realizadas sobre diarios de la \u00e9poca.<\/p>\n<p>&nbsp;<\/p>\n<p>Desde la Subsecretar\u00eda de Desarrollo Social de la Municipalidad de Olavarr\u00eda se enfatiz\u00f3 que &#8220;<em>este tipo de actividades favorecen que los chicos y chicas que concurren al Programa conozcan lo sucedido durante la \u00faltima dictadura y, a la par, favorecer a la formaci\u00f3n de una memoria colectiva para que esos hechos no vuelvan a suceder&#8221;.\u00a0<\/em><\/p>\n<p>&nbsp;<\/p>\n<p>&nbsp;<\/p>\n<p>&nbsp;<\/p>\n<p>&nbsp;<\/p>\n<p>&nbsp;<\/p>\n","protected":false},"excerpt":{"rendered":"<p>Con motivo de la conmemoraci\u00f3n del D\u00eda de la Memoria por la Verdad y Justicia, visitaron la muestra \u201cDictadura a<\/p>\n","protected":false},"author":6,"featured_media":81785,"comment_status":"closed","ping_status":"closed","sticky":false,"template":"","format":"standard","meta":{"_jetpack_memberships_contains_paid_content":false,"footnotes":""},"categories":[5,1],"tags":[],"class_list":["post-81783","post","type-post","status-publish","format-standard","has-post-thumbnail","hentry","category-informacion-general","category-portada"],"jetpack_featured_media_url":"https:\/\/i0.wp.com\/cdnoticias.com\/wp-content\/uploads\/2023\/04\/callejeada2.jpg?fit=1772%2C1181&ssl=1","jetpack_sharing_enabled":true,"_links":{"self":[{"href":"https:\/\/cdnoticias.com\/index.php\/wp-json\/wp\/v2\/posts\/81783","targetHints":{"allow":["GET"]}}],"collection":[{"href":"https:\/\/cdnoticias.com\/index.php\/wp-json\/wp\/v2\/posts"}],"about":[{"href":"https:\/\/cdnoticias.com\/index.php\/wp-json\/wp\/v2\/types\/post"}],"author":[{"embeddable":true,"href":"https:\/\/cdnoticias.com\/index.php\/wp-json\/wp\/v2\/users\/6"}],"replies":[{"embeddable":true,"href":"https:\/\/cdnoticias.com\/index.php\/wp-json\/wp\/v2\/comments?post=81783"}],"version-history":[{"count":0,"href":"https:\/\/cdnoticias.com\/index.php\/wp-json\/wp\/v2\/posts\/81783\/revisions"}],"wp:featuredmedia":[{"embeddable":true,"href":"https:\/\/cdnoticias.com\/index.php\/wp-json\/wp\/v2\/media\/81785"}],"wp:attachment":[{"href":"https:\/\/cdnoticias.com\/index.php\/wp-json\/wp\/v2\/media?parent=81783"}],"wp:term":[{"taxonomy":"category","embeddable":true,"href":"https:\/\/cdnoticias.com\/index.php\/wp-json\/wp\/v2\/categories?post=81783"},{"taxonomy":"post_tag","embeddable":true,"href":"https:\/\/cdnoticias.com\/index.php\/wp-json\/wp\/v2\/tags?post=81783"}],"curies":[{"name":"wp","href":"https:\/\/api.w.org\/{rel}","templated":true}]}}