{"id":81742,"date":"2023-04-07T10:00:07","date_gmt":"2023-04-07T13:00:07","guid":{"rendered":"https:\/\/www.centraldenoticias.com.ar\/?p=81742"},"modified":"2023-04-07T10:00:07","modified_gmt":"2023-04-07T13:00:07","slug":"40-anos-de-democracia-del-fervor-del-83-al-desprestigio-del-2023","status":"publish","type":"post","link":"https:\/\/cdnoticias.com\/index.php\/2023\/04\/07\/40-anos-de-democracia-del-fervor-del-83-al-desprestigio-del-2023\/","title":{"rendered":"40 a\u00f1os de democracia: del fervor del 83 al desprestigio del 2023"},"content":{"rendered":"<p>Cuarenta a\u00f1os despu\u00e9s del regreso de la democracia y la asunci\u00f3n de Alfons\u00edn como presidente, la pol\u00edtica y sus m\u00e1ximos representantes atraviesan una actualidad basada en el descr\u00e9dito generalizado. An\u00e1lisis, reflexiones y opiniones a cargo de referentes pol\u00edticos locales.<!--more--><\/p>\n<hr \/>\n<p><em>Por: Tom\u00e1s Kessler &#8211; Agencia Comunica<\/em><\/p>\n<p>&nbsp;<\/p>\n<p>Hace 40 a\u00f1os,<strong> 1983 llegaba a su fin y junto con \u00e9l culminaba la dictadura c\u00edvico militar<\/strong> m\u00e1s brutal de la historia nacional que hasta el d\u00eda de hoy tiene repercusiones. Con este final, inici\u00f3 una nueva etapa en el pa\u00eds. La elecci\u00f3n de <strong>Raul Alfons\u00edn como presidente<\/strong> marc\u00f3 el <strong>retorno de la democracia<\/strong> que contin\u00faa hasta la actualidad.<\/p>\n<p>&nbsp;<\/p>\n<p><strong>2023 marca la celebraci\u00f3n de cuarenta a\u00f1os ininterrumpidos de democracia<\/strong>. Un an\u00e1lisis que se desprende a ra\u00edz de este 40\u00b0 aniversario de la vuelta a la democracia, trata de c\u00f3mo ha cambiado la pol\u00edtica en tanto tiempo y la labor de quienes la ejercen. Una de las referentes de la pol\u00edtica local,<strong> Liliana Schwindt,<\/strong> y un encuestador y analista pol\u00edtico, <strong>Luis Mosquera,<\/strong> profundizan en el tema.<\/p>\n<p>&nbsp;<\/p>\n<p><em><strong>\u201cHoy en d\u00eda, la pol\u00edtica atraviesa un marcado descreimiento. Y se debe principalmente a los fracasos de los distintos gobiernos en todo orden y a las promesas incumplidas que se dan much\u00edsimo. Otro punto que genera esto, es lo que ve la gente. Suele observar a los pol\u00edticos pele\u00e1ndose entre ellos en vez de proponiendo cosas que es lo que deber\u00eda pasar<\/strong><\/em>\u201d, establece el encuestador.<\/p>\n<p>&nbsp;<\/p>\n<p>A su turno, la ex diputada Nacional expresa: \u201chay un gran desprestigio de la pol\u00edtica, un salto importante acerca de esta figura. En primer lugar, <strong>es culpa de nosotros los pol\u00edticos que no hemos estado dando respuestas<\/strong> y se ha defraudado a la sociedad en muchos aspectos. Por otra parte, tambi\u00e9n influye el poder econ\u00f3mico y medi\u00e1tico que pretenden ejercer pol\u00edtica a trav\u00e9s de su injerencia en los grandes medios\u201d.<\/p>\n<p>&nbsp;<\/p>\n<p><em><strong>\u201cAntes un pol\u00edtico era muy respetado, yo viv\u00ed durante esa etapa. Hoy no pasa\u201d<\/strong><\/em>, es la frase de Liliana Schwindt que resume en pocas palabras la situaci\u00f3n actual. En sinton\u00eda, Mosquera explica que \u201cen Latinoam\u00e9rica y en Argentina m\u00e1s que nada, surgen dirigentes pol\u00edticos que no vienen del \u00e1mbito, y esto colabora para que la pol\u00edtica siga perdiendo imagen\u201d.<\/p>\n<p>&nbsp;<\/p>\n<p><strong>Llegada de la democracia: expectativas, sentimientos y temores<\/strong><\/p>\n<p>&nbsp;<\/p>\n<p>Cuando llega el momento de recordar la situaci\u00f3n pol\u00edtica all\u00e1 por 1983, ambos referentes sonr\u00eden, rememoran sus inicios de j\u00f3venes militantes y enaltecen la figura de Ra\u00fal Alfons\u00edn.<\/p>\n<p>&nbsp;<\/p>\n<p><em><strong>\u201cLos que \u00e9ramos j\u00f3venes, ten\u00edamos muchas ganas de participar. Ven\u00edamos de ocho a\u00f1os de silencio, no pod\u00edamos actuar y era como si estuvi\u00e9semos en una c\u00e1rcel. No te pod\u00edas expresar y hab\u00eda much\u00edsima represi\u00f3n. Eso hizo que dentro de las juventudes surgiera una militancia con mucha fuerza\u201d,<\/strong><\/em> comenta Luis Mosquera.<\/p>\n<p>&nbsp;<\/p>\n<p><img data-recalc-dims=\"1\" loading=\"lazy\" decoding=\"async\" class=\"aligncenter wp-image-81744 size-full\" src=\"https:\/\/i0.wp.com\/cdnoticias.com\/wp-content\/uploads\/2023\/04\/40democracia_2.jpeg?resize=800%2C520&#038;ssl=1\" alt=\"\" width=\"800\" height=\"520\" srcset=\"https:\/\/i0.wp.com\/cdnoticias.com\/wp-content\/uploads\/2023\/04\/40democracia_2.jpeg?w=850&amp;ssl=1 850w, https:\/\/i0.wp.com\/cdnoticias.com\/wp-content\/uploads\/2023\/04\/40democracia_2.jpeg?resize=300%2C195&amp;ssl=1 300w, https:\/\/i0.wp.com\/cdnoticias.com\/wp-content\/uploads\/2023\/04\/40democracia_2.jpeg?resize=768%2C499&amp;ssl=1 768w\" sizes=\"auto, (max-width: 800px) 100vw, 800px\" \/><\/p>\n<p>&nbsp;<\/p>\n<p>Por su parte, Liliana Schwindt afirma que <em><strong>\u201cde adolescente, a todos nos enamor\u00f3 Alfons\u00edn. Si bien yo soy de cuna peronista, a todos nos encant\u00f3 y ten\u00edamos mucha expectativa. En ese momento lo vot\u00e9 y luego empec\u00e9 a militar. Era todo un mundo desconocido para mi generaci\u00f3n. Hab\u00edamos vivido el proceso militar, no conoc\u00edamos nada y salimos a la vida pol\u00edtica a ciegas pero con un entusiasmo desmedido\u201d.<\/strong><\/em><\/p>\n<p>&nbsp;<\/p>\n<p>Si bien la llegada de la democracia marc\u00f3 el fin de una etapa y el comienzo de otra, los temores del pasado segu\u00edan latentes. \u201cLa dictadura militar hab\u00eda sido muy dura entonces hab\u00eda mucho entusiasmo en mucha gente, pero tambi\u00e9n hab\u00eda personas que no se quer\u00edan meter, b\u00e1sicamente porque ya hab\u00edan ocurrido en el pa\u00eds cuestiones parecidas y luego volv\u00eda un golpe militar. El miedo que sembr\u00f3 la dictadura qued\u00f3 un tiempo. Pero de a poco la gente fue viendo que la democracia lleg\u00f3 para quedarse. De hecho, ya van 40 a\u00f1os. Nunca vivimos un per\u00edodo tan largo sin golpes militares\u201d, declara el analista pol\u00edtico.<\/p>\n<p>&nbsp;<\/p>\n<p><strong>La principal raz\u00f3n para celebrar<\/strong><\/p>\n<p>&nbsp;<\/p>\n<p>La existencia de un r\u00e9gimen democr\u00e1tico hoy en d\u00eda est\u00e1 completamente naturalizada por toda la comunidad. Pero no siempre fue as\u00ed. Es por eso que hay que tener presente el pasado para que no vuelva a ocurrir y rememorar lo que se ha logrado. Respecto de esto, Liliana Schwindt asegura: \u201cprimero que nada, hay que celebrar la libertad y destacar la posibilidad de expresarse y actuar, m\u00e1s que nada en el \u00e1mbito pol\u00edtico. Celebrar el hecho de poder elegir y ser elegido\u201d.<\/p>\n<p>&nbsp;<\/p>\n<p>\u201cTambi\u00e9n hay que tener presente el valor de la expectativa que genera poder elegir, militar y apoyar las convicciones que uno sigue. Es importante que esto siga as\u00ed para que podamos conservarlo\u201d, continu\u00f3 la ex funcionaria Nacional.<\/p>\n<p>&nbsp;<\/p>\n<p><img data-recalc-dims=\"1\" loading=\"lazy\" decoding=\"async\" class=\"aligncenter wp-image-81743 size-full\" src=\"https:\/\/i0.wp.com\/cdnoticias.com\/wp-content\/uploads\/2023\/04\/40democracia_3.jpeg?resize=642%2C366&#038;ssl=1\" alt=\"\" width=\"642\" height=\"366\" srcset=\"https:\/\/i0.wp.com\/cdnoticias.com\/wp-content\/uploads\/2023\/04\/40democracia_3.jpeg?w=642&amp;ssl=1 642w, https:\/\/i0.wp.com\/cdnoticias.com\/wp-content\/uploads\/2023\/04\/40democracia_3.jpeg?resize=300%2C171&amp;ssl=1 300w\" sizes=\"auto, (max-width: 642px) 100vw, 642px\" \/><\/p>\n<p>&nbsp;<\/p>\n<p>Por su parte, al hablar de este eje, el consultor Luis Mosquera alude al intento de golpe de estado que tuvo lugar en 1987. \u201cEn Semana Santa, Aldo Rico lidera un movimiento militar y la reacci\u00f3n que hubo a favor de la democracia por parte de todo el pueblo argentino fue espectacular. Eso creo que es el principal punto para festejar, la elecci\u00f3n de los argentinos de mantener esta democracia\u201d, recapitula.<\/p>\n<p>&nbsp;<\/p>\n<p>De igual manera, destac\u00f3 que \u201cm\u00e1s all\u00e1 de que los gobiernos sean buenos o malos, la democracia y la posibilidad de cambiarlos est\u00e1\u201d y remarc\u00f3 el accionar de Alfons\u00edn y sus sucesores: \u201cHay que destacar c\u00f3mo \u00e9l protegi\u00f3 la democracia m\u00e1s all\u00e1 de otros fracasos. Adem\u00e1s, los que vinieron despu\u00e9s supieron mantenerlo. Siempre hubo aciertos y errores en cada uno pero todos con la idea democr\u00e1tica presente y buscando evolucionar\u201d.<\/p>\n<p>&nbsp;<\/p>\n<p><strong>Contexto pol\u00edtico actual, la diferencia entre ayer y hoy<\/strong><\/p>\n<p>&nbsp;<\/p>\n<p>Una diferencia muy marcada que surge al instante de comparar la manera de hacer pol\u00edtica de hace cuarenta a\u00f1os, se encuentra en la <strong>poca redundancia de los partidos pol\u00edticos.<\/strong> \u201cHoy importa m\u00e1s el candidato que el partido\u201d, expone Luis Mosquera y sigue: \u201cAntes no era as\u00ed, el partido a quien uno representaba era lo m\u00e1s destacado, no el qui\u00e9n sino a qui\u00e9n\u201d.<\/p>\n<p>&nbsp;<\/p>\n<p>Por su parte, Schwindt sostiene algo muy similar y habla de la necesidad de \u201c<strong>recomponer los partidos pol\u00edticos<\/strong>\u201d y hace referencia a la fragmentaci\u00f3n que existe en cada bloque, algo que a\u00f1os atr\u00e1s no ocurr\u00eda.<\/p>\n<p>&nbsp;<\/p>\n<p>Por \u00faltimo, ella misma es quien observa que \u201ces muy complejo el panorama, ha cambiado de 40 a\u00f1os ac\u00e1, y<strong> mi conclusi\u00f3n es que los pol\u00edticos no hemos estado a la altura porque se han hecho mal las cosas.<\/strong> Es como todo, hay gente buena y mala, y siempre muchos se han aprovechado de su posici\u00f3n para realizar actos de corrupci\u00f3n o incumplimiento. Y los grandes medios aprovechan esto, y bombardean con esta informaci\u00f3n. Por todo esto y m\u00e1s, el desaf\u00edo que queda ahora es el de recomponer la relaci\u00f3n de la pol\u00edtica con la ciudadan\u00eda\u201d, concluy\u00f3 .<\/p>\n<p>&nbsp;<\/p>\n","protected":false},"excerpt":{"rendered":"<p>Cuarenta a\u00f1os despu\u00e9s del regreso de la democracia y la asunci\u00f3n de Alfons\u00edn como presidente, la pol\u00edtica y sus m\u00e1ximos<\/p>\n","protected":false},"author":6,"featured_media":81745,"comment_status":"closed","ping_status":"closed","sticky":false,"template":"","format":"standard","meta":{"_jetpack_memberships_contains_paid_content":false,"footnotes":""},"categories":[5,1],"tags":[],"class_list":["post-81742","post","type-post","status-publish","format-standard","has-post-thumbnail","hentry","category-informacion-general","category-portada"],"jetpack_featured_media_url":"https:\/\/i0.wp.com\/cdnoticias.com\/wp-content\/uploads\/2023\/04\/40democracia_1.jpeg?fit=1200%2C791&ssl=1","jetpack_sharing_enabled":true,"_links":{"self":[{"href":"https:\/\/cdnoticias.com\/index.php\/wp-json\/wp\/v2\/posts\/81742","targetHints":{"allow":["GET"]}}],"collection":[{"href":"https:\/\/cdnoticias.com\/index.php\/wp-json\/wp\/v2\/posts"}],"about":[{"href":"https:\/\/cdnoticias.com\/index.php\/wp-json\/wp\/v2\/types\/post"}],"author":[{"embeddable":true,"href":"https:\/\/cdnoticias.com\/index.php\/wp-json\/wp\/v2\/users\/6"}],"replies":[{"embeddable":true,"href":"https:\/\/cdnoticias.com\/index.php\/wp-json\/wp\/v2\/comments?post=81742"}],"version-history":[{"count":0,"href":"https:\/\/cdnoticias.com\/index.php\/wp-json\/wp\/v2\/posts\/81742\/revisions"}],"wp:featuredmedia":[{"embeddable":true,"href":"https:\/\/cdnoticias.com\/index.php\/wp-json\/wp\/v2\/media\/81745"}],"wp:attachment":[{"href":"https:\/\/cdnoticias.com\/index.php\/wp-json\/wp\/v2\/media?parent=81742"}],"wp:term":[{"taxonomy":"category","embeddable":true,"href":"https:\/\/cdnoticias.com\/index.php\/wp-json\/wp\/v2\/categories?post=81742"},{"taxonomy":"post_tag","embeddable":true,"href":"https:\/\/cdnoticias.com\/index.php\/wp-json\/wp\/v2\/tags?post=81742"}],"curies":[{"name":"wp","href":"https:\/\/api.w.org\/{rel}","templated":true}]}}