{"id":81731,"date":"2023-04-06T13:30:42","date_gmt":"2023-04-06T16:30:42","guid":{"rendered":"https:\/\/www.centraldenoticias.com.ar\/?p=81731"},"modified":"2023-04-06T19:20:21","modified_gmt":"2023-04-06T22:20:21","slug":"obras-sanitarias-coopelectric-pidio-un-nuevo-ajuste-de-tarifa-y-espera-la-aprobacion-del-hcd","status":"publish","type":"post","link":"https:\/\/cdnoticias.com\/index.php\/2023\/04\/06\/obras-sanitarias-coopelectric-pidio-un-nuevo-ajuste-de-tarifa-y-espera-la-aprobacion-del-hcd\/","title":{"rendered":"Obras sanitarias: Coopelectric pidi\u00f3 un nuevo ajuste de tarifa y espera la aprobaci\u00f3n del HCD"},"content":{"rendered":"<p>Es un incremento basado en la inflaci\u00f3n de octubre a marzo que esperan montar sobre el pedido anterior, a septiembre de 2022. \u201cNo resiste ning\u00fan tipo de an\u00e1lisis no aprobar este incremento\u201d defini\u00f3 Carlos D\u00edaz.<\/p>\n<p><!--more--><\/p>\n<hr \/>\n<p><strong>Coopelectric present\u00f3 en el Concejo Deliberante un nuevo pedido de \u201cajuste\u201d de la tarifa del servicio de obras sanitarias<\/strong>. En concreto, es una solicitud que <a href=\"https:\/\/cdnoticias.com\/index.php\/2022\/09\/12\/tras-aducir-falta-de-subsidios-en-la-tarifa-social-del-agua-coopelectric-ira-al-hcd-a-pedir-aumento\/\" target=\"_blank\" rel=\"noopener\">buscan incorporar al pedido de anterior, de septiembre de 2022<\/a>, y que est\u00e1 en tratamiento en el Concejo. El tema <strong>podr\u00eda llegar a sesi\u00f3n en los pr\u00f3ximos d\u00edas<\/strong>, tras una solicitud en ese sentido de la cooperativa al Ejecutivo<strong>.<\/strong><\/p>\n<p>&nbsp;<\/p>\n<blockquote><p>\u201cCualquier aumento duele. M\u00e1s, vale que duele. Porque la situaci\u00f3n no es f\u00e1cil. Pero no queda otra alternativa. Solamente para mantener el servicio, no para ganar dinero como har\u00eda una empresa privada. La cooperativa en este momento est\u00e1 perdiendo. Est\u00e1 desfinanci\u00e1ndose por mantener el servicio de obras sanitarias\u201d defini\u00f3 Carlos D\u00edaz, tesorero del Consejo de Administraci\u00f3n de Coopelectric al exponer sobre el tema en di\u00e1logo con <strong>Central de Noticias.<\/strong><\/p><\/blockquote>\n<p>&nbsp;<\/p>\n<p>Cabe recordar que <a href=\"https:\/\/cdnoticias.com\/index.php\/2022\/09\/23\/agua-el-hcd-convalido-la-prorroga-de-la-concesion-a-coopelectric-con-una-abstencion\/\" target=\"_blank\" rel=\"noopener\">a fines de septiembre del a\u00f1o pasado se aprob\u00f3 la pr\u00f3rroga de la concesi\u00f3n del servicio a la cooperativa<\/a>. Semanas despu\u00e9s se concret\u00f3 el pedido de aumento al Deliberativo por m\u00e1s de 200%. El Ejecutivo realiz\u00f3 una auditor\u00eda de la solicitud y fij\u00f3 en alrededor de 186% el aumento. En tanto, <a href=\"https:\/\/cdnoticias.com\/index.php\/2022\/11\/05\/audiencia-publica-del-agua-coopelectric-pidio-una-revision-cuatrimestral-de-la-tarifa\/\" target=\"_blank\" rel=\"noopener\">el 5 de noviembre se llev\u00f3 adelante la audiencia p\u00fablica<\/a>, requisito para poner en marcha la suba.<\/p>\n<p>&nbsp;<\/p>\n<figure id=\"attachment_2673\" aria-describedby=\"caption-attachment-2673\" style=\"width: 800px\" class=\"wp-caption aligncenter\"><img data-recalc-dims=\"1\" loading=\"lazy\" decoding=\"async\" class=\"wp-image-2673\" src=\"https:\/\/i0.wp.com\/cdnoticias.com\/wp-content\/uploads\/2020\/09\/bajapresiondeagua.jpg?resize=800%2C450&#038;ssl=1\" alt=\"\" width=\"800\" height=\"450\" srcset=\"https:\/\/i0.wp.com\/cdnoticias.com\/wp-content\/uploads\/2020\/09\/bajapresiondeagua.jpg?w=960&amp;ssl=1 960w, https:\/\/i0.wp.com\/cdnoticias.com\/wp-content\/uploads\/2020\/09\/bajapresiondeagua.jpg?resize=300%2C169&amp;ssl=1 300w, https:\/\/i0.wp.com\/cdnoticias.com\/wp-content\/uploads\/2020\/09\/bajapresiondeagua.jpg?resize=768%2C432&amp;ssl=1 768w\" sizes=\"auto, (max-width: 800px) 100vw, 800px\" \/><figcaption id=\"caption-attachment-2673\" class=\"wp-caption-text\">Carlos D\u00edaz inform\u00f3 que \u201cestamos con una tarifa de agua promedio en Olavarr\u00eda que son 700 pesos aproximadamente&#8221;.<\/figcaption><\/figure>\n<p>&nbsp;<\/p>\n<p>El expediente <strong>est\u00e1 en an\u00e1lisis de la Comisi\u00f3n de Legislaci\u00f3n del Concejo<\/strong> y all\u00ed ingres\u00f3 este mi\u00e9rcoles el segundo pedido de Coopelectric.<\/p>\n<p>&nbsp;<\/p>\n<p><strong>\u201cReconocimiento de la tarifa\u201d<\/strong><\/p>\n<p>&nbsp;<\/p>\n<p>D\u00edaz hizo hincapi\u00e9 en el \u201ccontexto en el cual nosotros estamos pidiendo este incremento. Es un reconocimiento de la <strong>tarifa que est\u00e1 congelada<\/strong>: estamos cobrando tarifa del a\u00f1o 2019\u201d. Con ello se remont\u00f3 al \u00faltimo aumento del servicio aprobado en el Concejo. \u201cSi le dec\u00eds al almacenero que te venda la lata de tomate al precio del 2019 te va a mirar como si fueras de otro planeta\u201d contrast\u00f3.<\/p>\n<p>&nbsp;<\/p>\n<blockquote><p>\u201cSolicitamos que se concrete ese ajuste de septiembre del a\u00f1o pasado y lo que estamos ahora pidiendo es que se reconozca el ajuste por inflaci\u00f3n desde estos seis meses que han transcurrido\u201d puntualiz\u00f3 sobre la presentaci\u00f3n de este mi\u00e9rcoles. D\u00edaz subray\u00f3 que se trata de una proporci\u00f3n del \u201c6% inflaci\u00f3n mensual\u201d desde septiembre hasta marzo, para sostener los costos de \u201cpedido de incremento salarial de los trabajadores del servicio, el incremento del costo de energ\u00eda el\u00e9ctrica, el mantenimiento de los 47 pozos que tiene Olavarr\u00eda, la red de agua que cada vez se agranda m\u00e1s. Cabe la l\u00f3gica que no hay otra que aumentar\u201d.<\/p><\/blockquote>\n<p>&nbsp;<\/p>\n<p><strong>\u201cEstamos con una tarifa de agua promedio en Olavarr\u00eda que son 700 pesos aproximadamente<\/strong> por casa para tener 15.000 litros de agua disponible y el mantenimiento de las cloacas por mes. Yo creo que no resiste ning\u00fan tipo de an\u00e1lisis no aprobar este incremento\u201d enfatiz\u00f3 Carlos D\u00edaz.<\/p>\n<p>&nbsp;<\/p>\n<figure id=\"attachment_15503\" aria-describedby=\"caption-attachment-15503\" style=\"width: 650px\" class=\"wp-caption aligncenter\"><img data-recalc-dims=\"1\" loading=\"lazy\" decoding=\"async\" class=\"wp-image-15503\" src=\"https:\/\/i0.wp.com\/cdnoticias.com\/wp-content\/uploads\/2021\/03\/01-Carlos-Diaz.jpg?resize=650%2C407&#038;ssl=1\" alt=\"\" width=\"650\" height=\"407\" srcset=\"https:\/\/i0.wp.com\/cdnoticias.com\/wp-content\/uploads\/2021\/03\/01-Carlos-Diaz.jpg?w=538&amp;ssl=1 538w, https:\/\/i0.wp.com\/cdnoticias.com\/wp-content\/uploads\/2021\/03\/01-Carlos-Diaz.jpg?resize=300%2C188&amp;ssl=1 300w\" sizes=\"auto, (max-width: 650px) 100vw, 650px\" \/><figcaption id=\"caption-attachment-15503\" class=\"wp-caption-text\">Carlos D\u00edaz, tesorero de Coopelectric: \u201chay un sector enorme de la ciudad de Olavarr\u00eda al que no le va a hacer ni mella este incremento\u201d.<\/figcaption><\/figure>\n<p>&nbsp;<\/p>\n<blockquote><p>Interpret\u00f3 que de aplicarse la suba pedida, \u201chay un sector enorme de la ciudad de Olavarr\u00eda al que no le va a hacer ni mella este incremento\u201d. Para argumentar tal afirmaci\u00f3n se remiti\u00f3 a los aumentos de costos de otros servicios como \u201ctelevisi\u00f3n por cable o telefon\u00eda\u201d que tienen subas tarifarias con mucha mayor frecuencia que obras sanitarias. Inmediatamente tuvo en cuenta que \u201cpara el sector m\u00e1s vulnerable tenemos una tarifa social disponible. Por lo tanto creo que no va a ser un impacto que modifique demasiado la econom\u00eda de nuestros hogares\u201d.<\/p><\/blockquote>\n<p>&nbsp;<\/p>\n<p>El tesorero de la cooperativa remarc\u00f3 que los n\u00fameros de Coopelectric est\u00e1n en rojo. \u201cAhora vienen las paritarias, hay que responder. Si no se no se logra este incremento<strong> es un servicio que est\u00e1 en peligro desde la continuidad<\/strong>. Es tremendo lo que est\u00e1 ocurriendo\u201d. Defini\u00f3 que \u201ces una cooperativa y no gana plata con esto. Si se pudiera salir hecho en el servicio ser\u00eda un logro\u201d.<\/p>\n<p>&nbsp;<\/p>\n<p>Y volvi\u00f3 sobre el contexto econ\u00f3mico nacional: <em>\u201cyo creo que cualquier negocio o empresa en un pa\u00eds con una inflaci\u00f3n del 100% que estamos hablando, si no hay incremento esto se lleva al barranco\u201d.<\/em><\/p>\n<p>&nbsp;<\/p>\n<p><strong>En el Concejo<\/strong><\/p>\n<p>&nbsp;<\/p>\n<p>Carlos D\u00edaz coment\u00f3 que desde la presentaci\u00f3n inicial, <strong>los integrantes de Coopelectric fueron citados por los concejales<\/strong> y recibieron solicitud de informaci\u00f3n espec\u00edfica.<\/p>\n<p>&nbsp;<\/p>\n<p>\u201cHemos ido al HCD, hemos presentado toda la informaci\u00f3n t\u00e9cnica que se requiri\u00f3, hemos abierto todo el presupuesto del servicio, los costos, estudios de costos. Y ahora se present\u00f3 este informe nuevo para el pedido de ajuste por inflaci\u00f3n. Todos los requerimientos t\u00e9cnicos se han cumplido. <strong>Lo que queda ahora es la decisi\u00f3n final del Concejo Deliberante de aprobar este aumento\u201d<\/strong> indic\u00f3.<\/p>\n<p>&nbsp;<\/p>\n<blockquote><p>A su vez, agreg\u00f3 que \u201chemos tenido algunos contactos con el Ejecutivo para que se apure esta definici\u00f3n porque no es sostenible la situaci\u00f3n\u201d.<\/p><\/blockquote>\n<p>&nbsp;<\/p>\n<p>En funci\u00f3n de ello, D\u00edaz estim\u00f3 que <strong>habr\u00e1 \u201cun pronto\u201d tratamiento del expediente en una sesi\u00f3n del Concejo<\/strong>. Cabe se\u00f1alar que la pr\u00f3xima sesi\u00f3n ordinaria convocada es para el 13 de abril.<\/p>\n<p>&nbsp;<\/p>\n<blockquote><p>\u201cLamentamos profundamente vivir en esta situaci\u00f3n de este caos econ\u00f3mico. Los sectores m\u00e1s desprotegidos de Olavarr\u00eda van a estar asistidos por una tarifa social, eso es el m\u00e1s importante\u201d cerr\u00f3 el directivo de Coopelectric.<\/p><\/blockquote>\n<p>&nbsp;<\/p>\n<p>&nbsp;<\/p>\n","protected":false},"excerpt":{"rendered":"<p>Es un incremento basado en la inflaci\u00f3n de octubre a marzo que esperan montar sobre el pedido anterior, a septiembre<\/p>\n","protected":false},"author":4,"featured_media":453,"comment_status":"closed","ping_status":"closed","sticky":false,"template":"","format":"standard","meta":{"_jetpack_memberships_contains_paid_content":false,"footnotes":""},"categories":[5,1],"tags":[],"class_list":["post-81731","post","type-post","status-publish","format-standard","has-post-thumbnail","hentry","category-informacion-general","category-portada"],"jetpack_featured_media_url":"https:\/\/i0.wp.com\/cdnoticias.com\/wp-content\/uploads\/2020\/09\/DSC_8512.jpg?fit=4608%2C3072&ssl=1","jetpack_sharing_enabled":true,"_links":{"self":[{"href":"https:\/\/cdnoticias.com\/index.php\/wp-json\/wp\/v2\/posts\/81731","targetHints":{"allow":["GET"]}}],"collection":[{"href":"https:\/\/cdnoticias.com\/index.php\/wp-json\/wp\/v2\/posts"}],"about":[{"href":"https:\/\/cdnoticias.com\/index.php\/wp-json\/wp\/v2\/types\/post"}],"author":[{"embeddable":true,"href":"https:\/\/cdnoticias.com\/index.php\/wp-json\/wp\/v2\/users\/4"}],"replies":[{"embeddable":true,"href":"https:\/\/cdnoticias.com\/index.php\/wp-json\/wp\/v2\/comments?post=81731"}],"version-history":[{"count":0,"href":"https:\/\/cdnoticias.com\/index.php\/wp-json\/wp\/v2\/posts\/81731\/revisions"}],"wp:featuredmedia":[{"embeddable":true,"href":"https:\/\/cdnoticias.com\/index.php\/wp-json\/wp\/v2\/media\/453"}],"wp:attachment":[{"href":"https:\/\/cdnoticias.com\/index.php\/wp-json\/wp\/v2\/media?parent=81731"}],"wp:term":[{"taxonomy":"category","embeddable":true,"href":"https:\/\/cdnoticias.com\/index.php\/wp-json\/wp\/v2\/categories?post=81731"},{"taxonomy":"post_tag","embeddable":true,"href":"https:\/\/cdnoticias.com\/index.php\/wp-json\/wp\/v2\/tags?post=81731"}],"curies":[{"name":"wp","href":"https:\/\/api.w.org\/{rel}","templated":true}]}}