{"id":81710,"date":"2023-04-06T18:30:05","date_gmt":"2023-04-06T21:30:05","guid":{"rendered":"https:\/\/www.centraldenoticias.com.ar\/?p=81710"},"modified":"2023-04-06T18:30:05","modified_gmt":"2023-04-06T21:30:05","slug":"el-centro-de-dia-mujeres-adolescentes-brinda-servicio-de-spa","status":"publish","type":"post","link":"https:\/\/cdnoticias.com\/index.php\/2023\/04\/06\/el-centro-de-dia-mujeres-adolescentes-brinda-servicio-de-spa\/","title":{"rendered":"El Centro de D\u00eda Mujeres Adolescentes brinda servicio de spa"},"content":{"rendered":"<p>La instituci\u00f3n comenz\u00f3 a ofrecer este servicio abierto a la comunidad. Incluir\u00e1n tratamiento de nutrici\u00f3n capilar, limpieza de cutis y belleza de manos.<!--more--><\/p>\n<hr \/>\n<p>Desde la Direcci\u00f3n de Ni\u00f1eces y Adolescencias del Municipio de Olavarr\u00eda se inform\u00f3 que las chicas que integran <strong>el Centro de D\u00eda Mujeres Adolescentes comenzaron a brindar la propuesta de spa para todo p\u00fablico.<\/strong><\/p>\n<p>&nbsp;<\/p>\n<p>Con el acompa\u00f1amiento de la docente Sonia Clar, referente de los talleres que las chicas desarrollan en la sede, <strong>ofrecen servicios de limpieza de cutis, manicur\u00eda y nutrici\u00f3n de cabello<\/strong>.<\/p>\n<p>&nbsp;<\/p>\n<p><img data-recalc-dims=\"1\" loading=\"lazy\" decoding=\"async\" class=\"aligncenter wp-image-81712 size-large\" src=\"https:\/\/i0.wp.com\/cdnoticias.com\/wp-content\/uploads\/2023\/04\/DH-Mujeres-adolescentes-Spa-1.jpg?resize=800%2C445&#038;ssl=1\" alt=\"\" width=\"800\" height=\"445\" srcset=\"https:\/\/i0.wp.com\/cdnoticias.com\/wp-content\/uploads\/2023\/04\/DH-Mujeres-adolescentes-Spa-1.jpg?resize=1024%2C570&amp;ssl=1 1024w, https:\/\/i0.wp.com\/cdnoticias.com\/wp-content\/uploads\/2023\/04\/DH-Mujeres-adolescentes-Spa-1.jpg?resize=300%2C167&amp;ssl=1 300w, https:\/\/i0.wp.com\/cdnoticias.com\/wp-content\/uploads\/2023\/04\/DH-Mujeres-adolescentes-Spa-1.jpg?resize=768%2C427&amp;ssl=1 768w, https:\/\/i0.wp.com\/cdnoticias.com\/wp-content\/uploads\/2023\/04\/DH-Mujeres-adolescentes-Spa-1.jpg?resize=800%2C445&amp;ssl=1 800w, https:\/\/i0.wp.com\/cdnoticias.com\/wp-content\/uploads\/2023\/04\/DH-Mujeres-adolescentes-Spa-1.jpg?w=1294&amp;ssl=1 1294w\" sizes=\"auto, (max-width: 800px) 100vw, 800px\" \/><\/p>\n<p>Desde la instituci\u00f3n se\u00f1alaron que <strong>cuentan con un valor promocional para las primeras diez personas en contratar el voucher de inauguraci\u00f3n<\/strong>, que incluir\u00e1 tratamiento de nutrici\u00f3n capilar, limpieza de cutis y belleza de manos.<\/p>\n<p>&nbsp;<\/p>\n<p>Los d\u00edas previstos para las jornadas de spa ser\u00e1n martes y jueves a las 9.30 horas y mi\u00e9rcoles a las 14 horas.<\/p>\n<p>&nbsp;<\/p>\n<p>Por turnos y consultas llamar al 410073, de lunes a viernes en el horario de 8 a 16 horas.<\/p>\n<p>&nbsp;<\/p>\n","protected":false},"excerpt":{"rendered":"<p>La instituci\u00f3n comenz\u00f3 a ofrecer este servicio abierto a la comunidad. Incluir\u00e1n tratamiento de nutrici\u00f3n capilar, limpieza de cutis y<\/p>\n","protected":false},"author":4,"featured_media":81711,"comment_status":"closed","ping_status":"closed","sticky":false,"template":"","format":"standard","meta":{"_jetpack_memberships_contains_paid_content":false,"footnotes":""},"categories":[5,1],"tags":[],"class_list":["post-81710","post","type-post","status-publish","format-standard","has-post-thumbnail","hentry","category-informacion-general","category-portada"],"jetpack_featured_media_url":"https:\/\/i0.wp.com\/cdnoticias.com\/wp-content\/uploads\/2023\/04\/DH-Mujeres-adolescentes-Spa-2-scaled-1.jpg?fit=2062%2C1147&ssl=1","jetpack_sharing_enabled":true,"_links":{"self":[{"href":"https:\/\/cdnoticias.com\/index.php\/wp-json\/wp\/v2\/posts\/81710","targetHints":{"allow":["GET"]}}],"collection":[{"href":"https:\/\/cdnoticias.com\/index.php\/wp-json\/wp\/v2\/posts"}],"about":[{"href":"https:\/\/cdnoticias.com\/index.php\/wp-json\/wp\/v2\/types\/post"}],"author":[{"embeddable":true,"href":"https:\/\/cdnoticias.com\/index.php\/wp-json\/wp\/v2\/users\/4"}],"replies":[{"embeddable":true,"href":"https:\/\/cdnoticias.com\/index.php\/wp-json\/wp\/v2\/comments?post=81710"}],"version-history":[{"count":0,"href":"https:\/\/cdnoticias.com\/index.php\/wp-json\/wp\/v2\/posts\/81710\/revisions"}],"wp:featuredmedia":[{"embeddable":true,"href":"https:\/\/cdnoticias.com\/index.php\/wp-json\/wp\/v2\/media\/81711"}],"wp:attachment":[{"href":"https:\/\/cdnoticias.com\/index.php\/wp-json\/wp\/v2\/media?parent=81710"}],"wp:term":[{"taxonomy":"category","embeddable":true,"href":"https:\/\/cdnoticias.com\/index.php\/wp-json\/wp\/v2\/categories?post=81710"},{"taxonomy":"post_tag","embeddable":true,"href":"https:\/\/cdnoticias.com\/index.php\/wp-json\/wp\/v2\/tags?post=81710"}],"curies":[{"name":"wp","href":"https:\/\/api.w.org\/{rel}","templated":true}]}}