{"id":81676,"date":"2023-04-05T20:09:28","date_gmt":"2023-04-05T23:09:28","guid":{"rendered":"https:\/\/www.centraldenoticias.com.ar\/?p=81676"},"modified":"2023-04-06T08:19:04","modified_gmt":"2023-04-06T11:19:04","slug":"jose-stuppia-hay-posibilidades-de-que-la-protesta-se-extienda-mucho-mas","status":"publish","type":"post","link":"https:\/\/cdnoticias.com\/index.php\/2023\/04\/05\/jose-stuppia-hay-posibilidades-de-que-la-protesta-se-extienda-mucho-mas\/","title":{"rendered":"Jos\u00e9 Stuppia: \u201chay posibilidades de que la protesta se extienda mucho m\u00e1s\u201d"},"content":{"rendered":"<p>El titular del Sindicato de Trabajadores Municipales local confirm\u00f3 que no plantean \u201csacar\u201d la protesta del Hospital Municipal, que solo atiende urgencias: \u201csi no est\u00e1n bien los trabajadores de la salud, no le pueden prestar el mejor servicio. Esa es la verdad\u201d dijo. <!--more--><\/p>\n<hr \/>\n<p>En una <strong>nueva jornada de asamblea permanente de los trabajadores municipales en el Hospital Municipal<\/strong>, donde s\u00f3lo se atienden emergencias y se realizan cirug\u00edas de urgencia, el titular del gremio, <strong>Jos\u00e9 Stuppia, confirm\u00f3 que la protesta seguir\u00e1 en el Hospital y que podr\u00eda extenderse a otras \u00e1reas.<\/strong><\/p>\n<p>&nbsp;<\/p>\n<p>En di\u00e1logo con Radio Olavarr\u00eda, Stuppia se\u00f1al\u00f3 que<strong> la situaci\u00f3n \u201cno ha variado\u201d<\/strong> y pidi\u00f3 a los vecinos reflexionar acerca de <em>\u201csi no est\u00e1n bien los trabajadores de la salud, no le pueden prestar el mejor servicio. Esa es la verdad. El andamiaje fundamental dentro de una gesti\u00f3n municipal son sus trabajadores, y si no tienen respuestas a sus derechos, la verdad que tampoco pueden dar un servicio y trabajar de forma correcta, tranquila\u201d.<\/em><\/p>\n<p>&nbsp;<\/p>\n<p>Se\u00f1al\u00f3 que la protesta surge dado que<strong><em> \u201cse est\u00e1n extendiendo demasiado las negociaciones paritarias, hab\u00edamos convenido arreglar de enero a enero y estamos a abril y no hemos recibido aumentos correspondientes a lo que es el a\u00f1o 2023. Para nosotros se est\u00e1 dilatando la negociaci\u00f3n y en ese marco estamos en estado de Asamblea\u201d.<\/em><\/strong><\/p>\n<p>&nbsp;<\/p>\n<p><img data-recalc-dims=\"1\" loading=\"lazy\" decoding=\"async\" class=\"alignnone size-full wp-image-57477\" src=\"https:\/\/i0.wp.com\/cdnoticias.com\/wp-content\/uploads\/2022\/06\/galeria-municipales-protesta-02.jpg?resize=800%2C445&#038;ssl=1\" alt=\"\" width=\"800\" height=\"445\" srcset=\"https:\/\/i0.wp.com\/cdnoticias.com\/wp-content\/uploads\/2022\/06\/galeria-municipales-protesta-02.jpg?w=1000&amp;ssl=1 1000w, https:\/\/i0.wp.com\/cdnoticias.com\/wp-content\/uploads\/2022\/06\/galeria-municipales-protesta-02.jpg?resize=300%2C167&amp;ssl=1 300w, https:\/\/i0.wp.com\/cdnoticias.com\/wp-content\/uploads\/2022\/06\/galeria-municipales-protesta-02.jpg?resize=768%2C427&amp;ssl=1 768w, https:\/\/i0.wp.com\/cdnoticias.com\/wp-content\/uploads\/2022\/06\/galeria-municipales-protesta-02.jpg?resize=800%2C445&amp;ssl=1 800w\" sizes=\"auto, (max-width: 800px) 100vw, 800px\" \/><\/p>\n<p>&nbsp;<\/p>\n<p>Ante la consulta acerca de la presi\u00f3n de los vecinos que se enojan por la suspensi\u00f3n de turnos programados en distintas ramas, Stuppia indic\u00f3 que<em> \u201clo que est\u00e1n presionados son los trabajadores municipales. El trabajador, trabajadora que hace la higiene del Hospital hasta los profesionales. Esa es la verdad. Somos nosotros los que estamos presionados con esta situaci\u00f3n. Nosotros hacemos esto para dar un servicio de excelencia para los pacientes. Es la prioridad\u201d.<\/em><\/p>\n<p>&nbsp;<\/p>\n<blockquote><p>La inflaci\u00f3n en los \u00faltimos meses, seg\u00fan el gremialista, implica para los trabajadores <strong><em>\u201casumir los alquileres, los gastos de servicios, consumir, es indispensable. La mayor\u00eda de los trabajadores estamos debajo de la l\u00ednea de pobreza\u201d.<\/em><\/strong><\/p><\/blockquote>\n<p>&nbsp;<\/p>\n<p>Con respecto a la negociaci\u00f3n paritaria, admiti\u00f3 que<em> \u201clos canales de di\u00e1logo est\u00e1n abiertos, est\u00e1 la negociaci\u00f3n en marcha pero no hay ofrecimientos. Nosotros hab\u00edamos dejado asentado el a\u00f1o pasado un tipo de negociaci\u00f3n que no se est\u00e1 dando este a\u00f1o, estaba firmado en un acta. Esa es la cuesti\u00f3n\u201d.<\/em><\/p>\n<p>&nbsp;<\/p>\n<p><strong>La cuesti\u00f3n pasa por la recaudaci\u00f3n del Municipio.<\/strong> Si es positiva, un porcentaje va hacia los salarios municipales: <em>\u201csi le va bien al Municipio, le va bien a todo el mundo. Despu\u00e9s hay que plantear el orden de prioridades, a ver, cu\u00e1les son las prioridades. Si el recurso humano u otras cosas, por ah\u00ed para el Intendente est\u00e1 en un segundo plano. Para nosotros, primero, est\u00e1 el recurso humano\u201d.<\/em><\/p>\n<p>&nbsp;<\/p>\n<blockquote><p>\u201cA la pol\u00edtica le interesa mostrar obras, nosotros queremos que las obras se hagan, pero no con el dinero de los trabajadores. Ya ocurri\u00f3 esto hace muchos a\u00f1os, con gestiones anteriores, que hac\u00edan obras con plata de los trabajadores. Queremos que eso no ocurra nunca m\u00e1s\u201d.<\/p><\/blockquote>\n<p>&nbsp;<\/p>\n<p><img data-recalc-dims=\"1\" loading=\"lazy\" decoding=\"async\" class=\"alignnone size-large wp-image-77627\" src=\"https:\/\/i0.wp.com\/cdnoticias.com\/wp-content\/uploads\/2023\/02\/STMO-asamblea-2023-01.jpg?resize=800%2C445&#038;ssl=1\" alt=\"\" width=\"800\" height=\"445\" srcset=\"https:\/\/i0.wp.com\/cdnoticias.com\/wp-content\/uploads\/2023\/02\/STMO-asamblea-2023-01.jpg?resize=1024%2C570&amp;ssl=1 1024w, https:\/\/i0.wp.com\/cdnoticias.com\/wp-content\/uploads\/2023\/02\/STMO-asamblea-2023-01.jpg?resize=300%2C167&amp;ssl=1 300w, https:\/\/i0.wp.com\/cdnoticias.com\/wp-content\/uploads\/2023\/02\/STMO-asamblea-2023-01.jpg?resize=768%2C427&amp;ssl=1 768w, https:\/\/i0.wp.com\/cdnoticias.com\/wp-content\/uploads\/2023\/02\/STMO-asamblea-2023-01.jpg?resize=1536%2C854&amp;ssl=1 1536w, https:\/\/i0.wp.com\/cdnoticias.com\/wp-content\/uploads\/2023\/02\/STMO-asamblea-2023-01.jpg?resize=800%2C445&amp;ssl=1 800w, https:\/\/i0.wp.com\/cdnoticias.com\/wp-content\/uploads\/2023\/02\/STMO-asamblea-2023-01.jpg?w=1600&amp;ssl=1 1600w\" sizes=\"auto, (max-width: 800px) 100vw, 800px\" \/><\/p>\n<p>&nbsp;<\/p>\n<p>Reconoci\u00f3 que es un \u201ca\u00f1o electoral\u201d y que \u201cnecesitan plata para hacer pol\u00edtica\u201d. Sin embargo, insisti\u00f3 en dejar en claro que <em>\u201cprimero est\u00e1n los trabajadores\u201d.<\/em><\/p>\n<p>&nbsp;<\/p>\n<p>El \u00faltimo aumento fue en el mes de febrero, que finaliz\u00f3 la paritaria 2022.<em> \u201cNosotros queremos que vaya de enero a diciembre. El Ejecutivo cree que \u2018si queda alg\u00fan pucho\u2019 pagar en enero, febrero\u201d.<\/em><\/p>\n<p>&nbsp;<\/p>\n<p>Finalmente, Stuppia reconoci\u00f3 que<strong><em> \u201chay posibilidades de que la protesta se extienda mucho m\u00e1s, no que se vaya de un lugar al otro. Ac\u00e1 hay decisiones de la mayor\u00eda, no es ocurrencia m\u00eda tampoco\u201d.<\/em><\/strong><\/p>\n<p>&nbsp;<\/p>\n<p><em>\u201cNo creo que haya presi\u00f3n de ning\u00fan modo. Pero bueno, los trabajadores son trabajadores, l\u00facidos y quieren lo mejor para el contribuyente de Olavarr\u00eda. Pero para eso tienen que estar dadas las condiciones. <strong>Y dejar en claro que se est\u00e1n atendiendo las urgencias y emergencias, todas. Como corresponde<\/strong>\u201d<\/em> cerr\u00f3.<\/p>\n","protected":false},"excerpt":{"rendered":"<p>El titular del Sindicato de Trabajadores Municipales local confirm\u00f3 que no plantean \u201csacar\u201d la protesta del Hospital Municipal, que solo<\/p>\n","protected":false},"author":2,"featured_media":57445,"comment_status":"closed","ping_status":"closed","sticky":false,"template":"","format":"standard","meta":{"_jetpack_memberships_contains_paid_content":false,"footnotes":""},"categories":[5,1],"tags":[],"class_list":["post-81676","post","type-post","status-publish","format-standard","has-post-thumbnail","hentry","category-informacion-general","category-portada"],"jetpack_featured_media_url":"https:\/\/i0.wp.com\/cdnoticias.com\/wp-content\/uploads\/2022\/06\/municipales-stmo-stuppia-01.jpg?fit=800%2C445&ssl=1","jetpack_sharing_enabled":true,"_links":{"self":[{"href":"https:\/\/cdnoticias.com\/index.php\/wp-json\/wp\/v2\/posts\/81676","targetHints":{"allow":["GET"]}}],"collection":[{"href":"https:\/\/cdnoticias.com\/index.php\/wp-json\/wp\/v2\/posts"}],"about":[{"href":"https:\/\/cdnoticias.com\/index.php\/wp-json\/wp\/v2\/types\/post"}],"author":[{"embeddable":true,"href":"https:\/\/cdnoticias.com\/index.php\/wp-json\/wp\/v2\/users\/2"}],"replies":[{"embeddable":true,"href":"https:\/\/cdnoticias.com\/index.php\/wp-json\/wp\/v2\/comments?post=81676"}],"version-history":[{"count":0,"href":"https:\/\/cdnoticias.com\/index.php\/wp-json\/wp\/v2\/posts\/81676\/revisions"}],"wp:featuredmedia":[{"embeddable":true,"href":"https:\/\/cdnoticias.com\/index.php\/wp-json\/wp\/v2\/media\/57445"}],"wp:attachment":[{"href":"https:\/\/cdnoticias.com\/index.php\/wp-json\/wp\/v2\/media?parent=81676"}],"wp:term":[{"taxonomy":"category","embeddable":true,"href":"https:\/\/cdnoticias.com\/index.php\/wp-json\/wp\/v2\/categories?post=81676"},{"taxonomy":"post_tag","embeddable":true,"href":"https:\/\/cdnoticias.com\/index.php\/wp-json\/wp\/v2\/tags?post=81676"}],"curies":[{"name":"wp","href":"https:\/\/api.w.org\/{rel}","templated":true}]}}