{"id":81656,"date":"2023-04-05T18:47:48","date_gmt":"2023-04-05T21:47:48","guid":{"rendered":"https:\/\/www.centraldenoticias.com.ar\/?p=81656"},"modified":"2023-04-05T18:47:48","modified_gmt":"2023-04-05T21:47:48","slug":"la-provincia-entrego-122-titulos-de-propiedad-gratuitos-en-bolivar","status":"publish","type":"post","link":"https:\/\/cdnoticias.com\/index.php\/2023\/04\/05\/la-provincia-entrego-122-titulos-de-propiedad-gratuitos-en-bolivar\/","title":{"rendered":"La Provincia entreg\u00f3 122 t\u00edtulos de propiedad gratuitos en Bol\u00edvar"},"content":{"rendered":"<p>Fue en un acto encabezado por el gobernador Axel Kicillof, el intendente Marcos Pisano y el senador Eduardo Bucca. Hubo participaci\u00f3n olavarriense.<!--more--><\/p>\n<hr \/>\n<p>En el marco del programa \u201cMi Escritura, Mi Casa\u201d, <strong>el gobernador de la provincia de Buenos Aires, Axel Kicillof, encabez\u00f3 este mi\u00e9rcoles el acto de entrega de 122 t\u00edtulos de propiedad gratuitos en beneficio de familias del municipio de Bol\u00edvar.<\/strong> Fue en el Centro Regional Universitario Bol\u00edvar (CRUB), junto al intendente local, Marcos Pisano; el senador bonaerense Eduardo Bucca; y la escribana general de Gobierno, Paula Sidoti.<\/p>\n<p>&nbsp;<\/p>\n<p><em>\u201cHoy estamos reconociendo una seguridad jur\u00eddica de la que muy pocos hablan: la de 122 familias de trabajadores y trabajadoras que hab\u00edan accedido a la vivienda propia con mucho esfuerzo y que esperaron por sus escrituras durante muchos a\u00f1os\u201d<\/em>, explic\u00f3 Kicillof y agreg\u00f3: <strong><em>\u201cCon el t\u00edtulo de propiedad dejan atr\u00e1s una situaci\u00f3n de indefensi\u00f3n, les permite poder obtener un cr\u00e9dito para mejoras y, sobre todo, facilitar la herencia de la propiedad en beneficio de las pr\u00f3ximas generaciones\u201d.<\/em><\/strong><\/p>\n<p>&nbsp;<\/p>\n<blockquote><p>Esta fue la sexta jornada de entrega de escrituras gratuitas en Bol\u00edvar, que ya suman 485 en total en los \u00faltimos tres a\u00f1os. En esta ocasi\u00f3n alcanzaron a vecinos y vecinas de los barrios Las Manzanitas, 50 Viviendas Liga de Amas de Casa, y Zorzales. Adem\u00e1s, se otorg\u00f3 al municipio una escritura para regularizar un barrio de Urdampilleta.<\/p><\/blockquote>\n<p>&nbsp;<\/p>\n<p>Por su parte, el intendente Pisano remarc\u00f3: <em>\u201cHoy es un d\u00eda de absoluta alegr\u00eda porque 122 vecinos y vecinas de Bol\u00edvar reciben los t\u00edtulos de propiedad de sus hogares, algo por lo que han estado esperando durante mucho tiempo, algunos hasta 30 a\u00f1os, y es gracias a la vocaci\u00f3n y el trabajo articulado con el Gobierno de la provincia\u201d.<\/em><\/p>\n<p>&nbsp;<\/p>\n<p><span style=\"text-decoration: underline;\"><strong>Inauguraci\u00f3n del edificio de un laboratorio y recorrida por obras<\/strong><\/span><\/p>\n<p>&nbsp;<\/p>\n<p><img data-recalc-dims=\"1\" loading=\"lazy\" decoding=\"async\" class=\"alignnone size-large wp-image-81662\" src=\"https:\/\/i0.wp.com\/cdnoticias.com\/wp-content\/uploads\/2023\/04\/axel-bolivar4.jpg?resize=800%2C445&#038;ssl=1\" alt=\"\" width=\"800\" height=\"445\" srcset=\"https:\/\/i0.wp.com\/cdnoticias.com\/wp-content\/uploads\/2023\/04\/axel-bolivar4.jpg?resize=1024%2C570&amp;ssl=1 1024w, https:\/\/i0.wp.com\/cdnoticias.com\/wp-content\/uploads\/2023\/04\/axel-bolivar4.jpg?resize=300%2C167&amp;ssl=1 300w, https:\/\/i0.wp.com\/cdnoticias.com\/wp-content\/uploads\/2023\/04\/axel-bolivar4.jpg?resize=768%2C427&amp;ssl=1 768w, https:\/\/i0.wp.com\/cdnoticias.com\/wp-content\/uploads\/2023\/04\/axel-bolivar4.jpg?resize=1536%2C854&amp;ssl=1 1536w, https:\/\/i0.wp.com\/cdnoticias.com\/wp-content\/uploads\/2023\/04\/axel-bolivar4.jpg?resize=800%2C445&amp;ssl=1 800w, https:\/\/i0.wp.com\/cdnoticias.com\/wp-content\/uploads\/2023\/04\/axel-bolivar4.jpg?w=2048&amp;ssl=1 2048w, https:\/\/i0.wp.com\/cdnoticias.com\/wp-content\/uploads\/2023\/04\/axel-bolivar4.jpg?w=1600&amp;ssl=1 1600w\" sizes=\"auto, (max-width: 800px) 100vw, 800px\" \/><\/p>\n<p>&nbsp;<\/p>\n<p>A continuaci\u00f3n,<strong> el Gobernador inaugur\u00f3 el nuevo edificio del Laboratorio Biol\u00f3gico y Molecular Bol\u00edvar (LABBO)<\/strong>, constru\u00eddo en el mismo predio del CRUB tras una inversi\u00f3n de\u00a0 $12,7 millones que fue financiada principalmente por el Fondo de Infraestructura Municipal (FIM) y el programa Puentes, ya que por su ubicaci\u00f3n estrat\u00e9gica promueve la articulaci\u00f3n con las carreras universitarias que necesiten usarlo.<\/p>\n<p>&nbsp;<\/p>\n<p>Asimismo,<strong> Kicillof, junto al ministro de Salud, Nicol\u00e1s Kreplak, puso en funcionamiento una ambulancia para fortalecer la gesti\u00f3n de emergencias en el municipio<\/strong>, y luego recorri\u00f3 los avances de las obras de reacondicionamiento del sistema de agua potable que se lleva a cabo con un presupuesto de $347 millones para expandir el servicio.<\/p>\n<p>&nbsp;<\/p>\n<p><img data-recalc-dims=\"1\" loading=\"lazy\" decoding=\"async\" class=\"alignnone size-large wp-image-81661\" src=\"https:\/\/i0.wp.com\/cdnoticias.com\/wp-content\/uploads\/2023\/04\/axel-bolivar3.jpg?resize=800%2C445&#038;ssl=1\" alt=\"\" width=\"800\" height=\"445\" srcset=\"https:\/\/i0.wp.com\/cdnoticias.com\/wp-content\/uploads\/2023\/04\/axel-bolivar3.jpg?resize=1024%2C570&amp;ssl=1 1024w, https:\/\/i0.wp.com\/cdnoticias.com\/wp-content\/uploads\/2023\/04\/axel-bolivar3.jpg?resize=300%2C167&amp;ssl=1 300w, https:\/\/i0.wp.com\/cdnoticias.com\/wp-content\/uploads\/2023\/04\/axel-bolivar3.jpg?resize=768%2C427&amp;ssl=1 768w, https:\/\/i0.wp.com\/cdnoticias.com\/wp-content\/uploads\/2023\/04\/axel-bolivar3.jpg?resize=1536%2C855&amp;ssl=1 1536w, https:\/\/i0.wp.com\/cdnoticias.com\/wp-content\/uploads\/2023\/04\/axel-bolivar3.jpg?resize=800%2C445&amp;ssl=1 800w, https:\/\/i0.wp.com\/cdnoticias.com\/wp-content\/uploads\/2023\/04\/axel-bolivar3.jpg?w=1790&amp;ssl=1 1790w, https:\/\/i0.wp.com\/cdnoticias.com\/wp-content\/uploads\/2023\/04\/axel-bolivar3.jpg?w=1600&amp;ssl=1 1600w\" sizes=\"auto, (max-width: 800px) 100vw, 800px\" \/><\/p>\n<p>&nbsp;<\/p>\n<p>Durante la visita Bucca resalt\u00f3 <em>\u201cel trabajo articulado entre la Naci\u00f3n, la Provincia y el Municipio con el objeto de resolver los problemas de la sociedad y mejorar la calidad de vida de nuestros vecinos y vecinas\u201d<\/em>. Al respecto, destac\u00f3 que <strong><em>\u201choy mostramos hechos concretos como las obras para la planta potabilizadora de agua y la inauguraci\u00f3n de un laboratorio que va a impactar en la salud de las y los bonaerenses que viven en Bol\u00edvar\u201d.<\/em><\/strong><\/p>\n<p>&nbsp;<\/p>\n<p><img data-recalc-dims=\"1\" loading=\"lazy\" decoding=\"async\" class=\"alignnone size-large wp-image-81659\" src=\"https:\/\/i0.wp.com\/cdnoticias.com\/wp-content\/uploads\/2023\/04\/axel-bolivar1.jpg?resize=800%2C445&#038;ssl=1\" alt=\"\" width=\"800\" height=\"445\" srcset=\"https:\/\/i0.wp.com\/cdnoticias.com\/wp-content\/uploads\/2023\/04\/axel-bolivar1.jpg?resize=1024%2C570&amp;ssl=1 1024w, https:\/\/i0.wp.com\/cdnoticias.com\/wp-content\/uploads\/2023\/04\/axel-bolivar1.jpg?resize=300%2C167&amp;ssl=1 300w, https:\/\/i0.wp.com\/cdnoticias.com\/wp-content\/uploads\/2023\/04\/axel-bolivar1.jpg?resize=768%2C427&amp;ssl=1 768w, https:\/\/i0.wp.com\/cdnoticias.com\/wp-content\/uploads\/2023\/04\/axel-bolivar1.jpg?resize=1536%2C854&amp;ssl=1 1536w, https:\/\/i0.wp.com\/cdnoticias.com\/wp-content\/uploads\/2023\/04\/axel-bolivar1.jpg?resize=800%2C445&amp;ssl=1 800w, https:\/\/i0.wp.com\/cdnoticias.com\/wp-content\/uploads\/2023\/04\/axel-bolivar1.jpg?w=2048&amp;ssl=1 2048w, https:\/\/i0.wp.com\/cdnoticias.com\/wp-content\/uploads\/2023\/04\/axel-bolivar1.jpg?w=1600&amp;ssl=1 1600w\" sizes=\"auto, (max-width: 800px) 100vw, 800px\" \/><\/p>\n<p>&nbsp;<\/p>\n<blockquote><p>\u201cComo con la red de agua potable, que hab\u00eda quedado antigua y sobrepasada, el gas y las cloacas, estamos llevando adelante obras que son estructurales y que fueron postergadas durante mucho tiempo: no importa que sean complejas, decidimos empezar a caminar en la direcci\u00f3n correcta\u201d, subray\u00f3 Kicillof y concluy\u00f3: \u201cEstamos ac\u00e1 para ampliar de los derechos y llegar a las y los bonaerenses en todos los rincones de la provincia de Buenos Aires\u201d.<\/p><\/blockquote>\n<p>&nbsp;<\/p>\n<p><img data-recalc-dims=\"1\" loading=\"lazy\" decoding=\"async\" class=\"alignnone size-large wp-image-81660\" src=\"https:\/\/i0.wp.com\/cdnoticias.com\/wp-content\/uploads\/2023\/04\/axel-bolivar2.jpg?resize=800%2C445&#038;ssl=1\" alt=\"\" width=\"800\" height=\"445\" srcset=\"https:\/\/i0.wp.com\/cdnoticias.com\/wp-content\/uploads\/2023\/04\/axel-bolivar2.jpg?resize=1024%2C570&amp;ssl=1 1024w, https:\/\/i0.wp.com\/cdnoticias.com\/wp-content\/uploads\/2023\/04\/axel-bolivar2.jpg?resize=300%2C167&amp;ssl=1 300w, https:\/\/i0.wp.com\/cdnoticias.com\/wp-content\/uploads\/2023\/04\/axel-bolivar2.jpg?resize=768%2C427&amp;ssl=1 768w, https:\/\/i0.wp.com\/cdnoticias.com\/wp-content\/uploads\/2023\/04\/axel-bolivar2.jpg?resize=1536%2C854&amp;ssl=1 1536w, https:\/\/i0.wp.com\/cdnoticias.com\/wp-content\/uploads\/2023\/04\/axel-bolivar2.jpg?resize=800%2C445&amp;ssl=1 800w, https:\/\/i0.wp.com\/cdnoticias.com\/wp-content\/uploads\/2023\/04\/axel-bolivar2.jpg?w=2048&amp;ssl=1 2048w, https:\/\/i0.wp.com\/cdnoticias.com\/wp-content\/uploads\/2023\/04\/axel-bolivar2.jpg?w=1600&amp;ssl=1 1600w\" sizes=\"auto, (max-width: 800px) 100vw, 800px\" \/><\/p>\n<p>&nbsp;<\/p>\n<p>Estuvieron presentes el jefe de Asesores del Gobernador, Carlos Bianco; el ministro de Desarrollo Agrario, Javier Rodr\u00edguez; y su par de Ambiente, Daniela Vilar; <strong>el diputado bonaerense C\u00e9sar Valicenti<\/strong>; el intendente de Daireaux, Esteban Acerbo; el director ejecutivo del Consejo Provincial de Coordinaci\u00f3n con el Sistema Universitario y Cient\u00edfico, Juan Brardinelli; y la secretaria de Salud municipal, Mar\u00eda Estela Jofre.<\/p>\n","protected":false},"excerpt":{"rendered":"<p>Fue en un acto encabezado por el gobernador Axel Kicillof, el intendente Marcos Pisano y el senador Eduardo Bucca. Hubo<\/p>\n","protected":false},"author":2,"featured_media":81658,"comment_status":"closed","ping_status":"closed","sticky":false,"template":"","format":"standard","meta":{"_jetpack_memberships_contains_paid_content":false,"footnotes":""},"categories":[6,1],"tags":[],"class_list":["post-81656","post","type-post","status-publish","format-standard","has-post-thumbnail","hentry","category-nacionales","category-portada"],"jetpack_featured_media_url":"https:\/\/i0.wp.com\/cdnoticias.com\/wp-content\/uploads\/2023\/04\/axel-bolivar.jpg?fit=1918%2C1067&ssl=1","jetpack_sharing_enabled":true,"_links":{"self":[{"href":"https:\/\/cdnoticias.com\/index.php\/wp-json\/wp\/v2\/posts\/81656","targetHints":{"allow":["GET"]}}],"collection":[{"href":"https:\/\/cdnoticias.com\/index.php\/wp-json\/wp\/v2\/posts"}],"about":[{"href":"https:\/\/cdnoticias.com\/index.php\/wp-json\/wp\/v2\/types\/post"}],"author":[{"embeddable":true,"href":"https:\/\/cdnoticias.com\/index.php\/wp-json\/wp\/v2\/users\/2"}],"replies":[{"embeddable":true,"href":"https:\/\/cdnoticias.com\/index.php\/wp-json\/wp\/v2\/comments?post=81656"}],"version-history":[{"count":0,"href":"https:\/\/cdnoticias.com\/index.php\/wp-json\/wp\/v2\/posts\/81656\/revisions"}],"wp:featuredmedia":[{"embeddable":true,"href":"https:\/\/cdnoticias.com\/index.php\/wp-json\/wp\/v2\/media\/81658"}],"wp:attachment":[{"href":"https:\/\/cdnoticias.com\/index.php\/wp-json\/wp\/v2\/media?parent=81656"}],"wp:term":[{"taxonomy":"category","embeddable":true,"href":"https:\/\/cdnoticias.com\/index.php\/wp-json\/wp\/v2\/categories?post=81656"},{"taxonomy":"post_tag","embeddable":true,"href":"https:\/\/cdnoticias.com\/index.php\/wp-json\/wp\/v2\/tags?post=81656"}],"curies":[{"name":"wp","href":"https:\/\/api.w.org\/{rel}","templated":true}]}}