{"id":8164,"date":"2020-12-04T15:41:55","date_gmt":"2020-12-04T18:41:55","guid":{"rendered":"http:\/\/www.centraldenoticias.com.ar\/?p=8164"},"modified":"2020-12-04T15:41:55","modified_gmt":"2020-12-04T18:41:55","slug":"el-cementerio-municipal-vuelve-a-abrir-domingos-y-feriados","status":"publish","type":"post","link":"https:\/\/cdnoticias.com\/index.php\/2020\/12\/04\/el-cementerio-municipal-vuelve-a-abrir-domingos-y-feriados\/","title":{"rendered":"El Cementerio Municipal vuelve a abrir domingos y feriados"},"content":{"rendered":"<p>As\u00ed fue comunicado en la jornada de este viernes desde el municipio. Ser\u00e1\u00a0 de 8 a 16.<\/p>\n<p><!--more--><\/p>\n<hr \/>\n<p>La Secretar\u00eda de Mantenimiento y Obras P\u00fablicas del Gobierno Municipal inform\u00f3 en la jornada de este viernes que<strong> el Cementerio Municipal volver\u00e1 a abrir sus puertas los domingos y los feriados.<\/strong><\/p>\n<p>&nbsp;<\/p>\n<p>Seg\u00fan se indic\u00f3 ser\u00e1 en el horario de apertura <strong>ser\u00e1 de 8 a 16<\/strong>, al igual que los d\u00edas s\u00e1bado. Vale recordar que<strong> de lunes a viernes el Cementerio Municipal permanece abierto es de 7 a 13.<\/strong><\/p>\n<p>&nbsp;<\/p>\n<p>Quienes asistan a los cementerios deber\u00e1n <strong>mantener aislamiento social, utilizar tapabocas, no permanecer m\u00e1s de 20 minutos<\/strong> en el lugar, no usar agua para los floreros, minimizar el uso de los ba\u00f1os y extremar las medidas de higiene y desinfecci\u00f3n.<\/p>\n","protected":false},"excerpt":{"rendered":"<p>As\u00ed fue comunicado en la jornada de este viernes desde el municipio. Ser\u00e1\u00a0 de 8 a 16.<\/p>\n","protected":false},"author":3,"featured_media":4078,"comment_status":"closed","ping_status":"closed","sticky":false,"template":"","format":"standard","meta":{"_jetpack_memberships_contains_paid_content":false,"footnotes":""},"categories":[5,1],"tags":[],"class_list":["post-8164","post","type-post","status-publish","format-standard","has-post-thumbnail","hentry","category-informacion-general","category-portada"],"jetpack_featured_media_url":"https:\/\/i0.wp.com\/cdnoticias.com\/wp-content\/uploads\/2020\/10\/Obras-Cementerio-1024x682.jpg?fit=1024%2C682&ssl=1","jetpack_sharing_enabled":true,"_links":{"self":[{"href":"https:\/\/cdnoticias.com\/index.php\/wp-json\/wp\/v2\/posts\/8164","targetHints":{"allow":["GET"]}}],"collection":[{"href":"https:\/\/cdnoticias.com\/index.php\/wp-json\/wp\/v2\/posts"}],"about":[{"href":"https:\/\/cdnoticias.com\/index.php\/wp-json\/wp\/v2\/types\/post"}],"author":[{"embeddable":true,"href":"https:\/\/cdnoticias.com\/index.php\/wp-json\/wp\/v2\/users\/3"}],"replies":[{"embeddable":true,"href":"https:\/\/cdnoticias.com\/index.php\/wp-json\/wp\/v2\/comments?post=8164"}],"version-history":[{"count":0,"href":"https:\/\/cdnoticias.com\/index.php\/wp-json\/wp\/v2\/posts\/8164\/revisions"}],"wp:featuredmedia":[{"embeddable":true,"href":"https:\/\/cdnoticias.com\/index.php\/wp-json\/wp\/v2\/media\/4078"}],"wp:attachment":[{"href":"https:\/\/cdnoticias.com\/index.php\/wp-json\/wp\/v2\/media?parent=8164"}],"wp:term":[{"taxonomy":"category","embeddable":true,"href":"https:\/\/cdnoticias.com\/index.php\/wp-json\/wp\/v2\/categories?post=8164"},{"taxonomy":"post_tag","embeddable":true,"href":"https:\/\/cdnoticias.com\/index.php\/wp-json\/wp\/v2\/tags?post=8164"}],"curies":[{"name":"wp","href":"https:\/\/api.w.org\/{rel}","templated":true}]}}