{"id":81632,"date":"2023-04-05T19:12:43","date_gmt":"2023-04-05T22:12:43","guid":{"rendered":"https:\/\/www.centraldenoticias.com.ar\/?p=81632"},"modified":"2023-04-05T19:12:43","modified_gmt":"2023-04-05T22:12:43","slug":"musica-teatro-futbol-y-turismo-semana-santa-en-la-ciudad","status":"publish","type":"post","link":"https:\/\/cdnoticias.com\/index.php\/2023\/04\/05\/musica-teatro-futbol-y-turismo-semana-santa-en-la-ciudad\/","title":{"rendered":"M\u00fasica, teatro, f\u00fatbol y turismo: Semana Santa en la Ciudad"},"content":{"rendered":"<p>Este fin de semana extra largo Buenos Aires ampl\u00eda y renueva su oferta tur\u00edstica con propuestas para todas las edades, ideal para visitar la Ciudad con familia, amigos o pareja.<!--more--><\/p>\n<hr \/>\n<p>Este <strong>jueves 6 comienza el fin de semana largo de Semana Santa<\/strong>, fecha en la cual se conmemoran los d\u00edas que antecedieron a la crucifixi\u00f3n de Jesucristo, as\u00ed como su posterior resurrecci\u00f3n. Por lo tanto, el Viernes Santo es un feriado inamovible, mientras que el Jueves Santo fue dispuesto como d\u00eda no laborable. Esto da lugar a que quienes no tengan que trabajar, podr\u00e1n disfrutar de <strong>cuatro d\u00edas repletos de actividades para hacer en destinos como la Ciudad de Buenos Aires.<\/strong><\/p>\n<p>&nbsp;<\/p>\n<p>\u201cSe acerca uno de los fines de semana m\u00e1s esperados por todos y, al mismo tiempo, uno de los que m\u00e1s turismo genera. Esto nos motiva a preparar una oferta que atienda a todas las preferencias de los turistas, con <strong>actividades culturales, gastron\u00f3micas, recreativas y tur\u00edsticas.<\/strong> Es una ciudad que cuenta con m\u00e1s de 7.000 bares y restaurantes, 287 teatros, 380 librer\u00edas, 150 museos y much\u00edsimos atractivos \u00fanicos. Aun as\u00ed, trabajamos d\u00eda a d\u00eda para ampliar y renovar nuestras propuestas&#8221;, destac\u00f3\u200b <strong>Lucas Delfino, presidente del Ente de Turismo porte\u00f1o.<\/strong><\/p>\n<p>&nbsp;<\/p>\n<p>Una de las opciones que ofrece Buenos Aires es <strong>M\u00fasica BA.<\/strong> Con el objetivo de promover el acceso a la cultura, el Ministerio de Cultura de la Ciudad presentar\u00e1 el <strong>s\u00e1bado 8 a las 19:00 una jornada de m\u00fasica al aire libre en el Anfiteatro del Parque Centenario<\/strong>, que contar\u00e1 con la presencia de artistas como Catalina Bay\u00e1, Ine Maguire y Carolina Donati.<\/p>\n<p>&nbsp;<\/p>\n<p>Asimismo, en el marco del mes de la mujer, el <strong>viernes 7 a las 20:00 la Terraza del Centro Cultural Recoleta recibir\u00e1 a la banda platense Isla Mujeres,<\/strong> que dar\u00e1 un concierto \u00fanico. Distintas mujeres del pop, el indie, la electr\u00f3nica, los sonidos urbanos y el rock, dar\u00e1n un show para cantarle a una nueva generaci\u00f3n.<\/p>\n<p>&nbsp;<\/p>\n<p>Por su parte, la <strong>Usina del Arte<\/strong> ofrecer\u00e1 una variada programaci\u00f3n cultural que incluye m\u00fasica, talleres, artes visuales y actividades para toda la familia. Entre ellas se destacan los talleres HUMANA para chicos, la experiencia Fashion Hackers para los adultos y la Misa Criolla por la Orquesta de la Ribera para el domingo. <strong>La entrada es libre y gratuita.\u00a0<\/strong><\/p>\n<p>&nbsp;<\/p>\n<p>Para los y las <strong>amantes del f\u00fatbol<\/strong>, la Ciudad ofrece <strong>Exposici\u00f3n Campeones del Mundo.<\/strong> Un evento en el cual la Asociaci\u00f3n del F\u00fatbol Argentino expondr\u00e1, por \u00fanica vez en Buenos Aires, en La Rural, una exhibici\u00f3n sin precedentes, reviviendo los mejores momentos de los Campeonatos Mundiales obtenidos por nuestra Selecci\u00f3n. La exhibici\u00f3n es con previa inscripci\u00f3n y entrada, con la posibilidad de ir todos los d\u00edas y en distintos horarios, sujeto a la disponibilidad de cupos.<\/p>\n<p>&nbsp;<\/p>\n<p>Adem\u00e1s, teniendo en cuenta la connotaci\u00f3n cat\u00f3lica de este fin de semana extra largo, la Ciudad de Buenos Aires propone distintas actividades. La primera tiene que ver con dos circuitos papales autoguiados. El primero permite conocer la casa en la que Jorge Bergoglio pas\u00f3 su infancia, ubicada en el barrio de Flores, donde naci\u00f3 y se cri\u00f3 antes de llegar al Vaticano.<\/p>\n<p>&nbsp;<\/p>\n<p>El segundo recorre el barrio Montserrat, y muestra d\u00f3nde residi\u00f3 mientras fue Arzobispo de Buenos Aires y lugares de la zona a los que acostumbraba ir. La segunda actividad es el <strong>Gran Concierto de Pascua,<\/strong> un musical de \u00f3rgano en la Catedral Metropolitana llevado a cabo por el artista Enrique Rimoldi, y que contar\u00e1 con la participaci\u00f3n de la Capilla Musical de la Catedral. El evento ser\u00e1 el<strong> domingo 9 a las 16:30.\u00a0<\/strong><\/p>\n<p>&nbsp;<\/p>\n<p>Otras opciones relacionadas son el V\u00eda Crucis, organizado por la Catedral Primada de Buenos Aires, que saldr\u00e1 desde avenida de Mayo e Irigoyen hasta Plaza de Mayo, y Tierra Santa. Esta \u00faltima es una actividad en avenida Costanera Rafael Obligado 5790, que incluye la siguiente programaci\u00f3n: el jueves, se har\u00e1 la celebraci\u00f3n de la \u00daltima Cena; el viernes, el V\u00eda Crucis viviente y Crucifixi\u00f3n (14.30, 17.30 y 19.30h); el s\u00e1bado, adem\u00e1s del V\u00eda Crucis, habr\u00e1 una celebraci\u00f3n de las velas con fuegos artificiales (20 h) y el domingo, se obsequiar\u00e1n huevos de Pascua a los ni\u00f1os.<\/p>\n<p>&nbsp;<\/p>\n<p>A su vez, para los y las amantes del teatro, se encuentran disponibles distintas obras como Piaf, La \u00faltima sesi\u00f3n de Freud, Toc Toc, Los a\u00f1os, la Orquesta de la Ribera, entre otros espect\u00e1culos. Para conocer m\u00e1s actividades se puede<a href=\"https:\/\/turismo.buenosaires.gob.ar\/es\" target=\"_blank\" rel=\"noopener\"> consultar la web<\/a> que cuenta con circuitos al aire libre y propuestas p\u00fablicas y privadas en \u201c<strong>Vistas, paseos y experiencias\u201d.<\/strong><\/p>\n","protected":false},"excerpt":{"rendered":"<p>Este fin de semana extra largo Buenos Aires ampl\u00eda y renueva su oferta tur\u00edstica con propuestas para todas las edades,<\/p>\n","protected":false},"author":6,"featured_media":81633,"comment_status":"closed","ping_status":"closed","sticky":false,"template":"","format":"standard","meta":{"_jetpack_memberships_contains_paid_content":false,"footnotes":""},"categories":[6],"tags":[],"class_list":["post-81632","post","type-post","status-publish","format-standard","has-post-thumbnail","hentry","category-nacionales"],"jetpack_featured_media_url":"https:\/\/i0.wp.com\/cdnoticias.com\/wp-content\/uploads\/2023\/04\/buenosaires-scaled.jpg?fit=2560%2C1707&ssl=1","jetpack_sharing_enabled":true,"_links":{"self":[{"href":"https:\/\/cdnoticias.com\/index.php\/wp-json\/wp\/v2\/posts\/81632","targetHints":{"allow":["GET"]}}],"collection":[{"href":"https:\/\/cdnoticias.com\/index.php\/wp-json\/wp\/v2\/posts"}],"about":[{"href":"https:\/\/cdnoticias.com\/index.php\/wp-json\/wp\/v2\/types\/post"}],"author":[{"embeddable":true,"href":"https:\/\/cdnoticias.com\/index.php\/wp-json\/wp\/v2\/users\/6"}],"replies":[{"embeddable":true,"href":"https:\/\/cdnoticias.com\/index.php\/wp-json\/wp\/v2\/comments?post=81632"}],"version-history":[{"count":0,"href":"https:\/\/cdnoticias.com\/index.php\/wp-json\/wp\/v2\/posts\/81632\/revisions"}],"wp:featuredmedia":[{"embeddable":true,"href":"https:\/\/cdnoticias.com\/index.php\/wp-json\/wp\/v2\/media\/81633"}],"wp:attachment":[{"href":"https:\/\/cdnoticias.com\/index.php\/wp-json\/wp\/v2\/media?parent=81632"}],"wp:term":[{"taxonomy":"category","embeddable":true,"href":"https:\/\/cdnoticias.com\/index.php\/wp-json\/wp\/v2\/categories?post=81632"},{"taxonomy":"post_tag","embeddable":true,"href":"https:\/\/cdnoticias.com\/index.php\/wp-json\/wp\/v2\/tags?post=81632"}],"curies":[{"name":"wp","href":"https:\/\/api.w.org\/{rel}","templated":true}]}}