{"id":81630,"date":"2023-04-05T16:15:54","date_gmt":"2023-04-05T19:15:54","guid":{"rendered":"https:\/\/www.centraldenoticias.com.ar\/?p=81630"},"modified":"2023-04-05T16:15:54","modified_gmt":"2023-04-05T19:15:54","slug":"presentaron-oficialmente-la-vuelta-al-municipio-la-fiesta-del-deporte","status":"publish","type":"post","link":"https:\/\/cdnoticias.com\/index.php\/2023\/04\/05\/presentaron-oficialmente-la-vuelta-al-municipio-la-fiesta-del-deporte\/","title":{"rendered":"Presentaron oficialmente la Vuelta al Municipio, la \u201cfiesta del deporte\u201d"},"content":{"rendered":"<p>Ser\u00e1 el lunes 1 de mayo por las calles de la ciudad. En esta edici\u00f3n la largada ser\u00e1 desde el Centro Cultural, y se realizar\u00e1 la media marat\u00f3n. La inscripci\u00f3n ya est\u00e1 abierta. <!--more--><\/p>\n<hr \/>\n<p>En el mediod\u00eda de este mi\u00e9rcoles,<strong> fue presentada oficialmente la 34\u00b0 edici\u00f3n de la Vuelta al Municipio, la tradicional prueba que se llevar\u00e1 a cabo el pr\u00f3ximo 1\u00b0 de Mayo por las calles de la ciudad, que fue catalogada como \u201cuna fiesta del deporte\u201d y traer\u00e1 varias novedades y sorpresas.<\/strong><\/p>\n<p>&nbsp;<\/p>\n<p>La conferencia estuvo encabezada por el intendente municipal Ezequiel Galli, quien estuvo acompa\u00f1ado por el secretario de Desarrollo Humano y Calidad de Vida Diego Robbiani, el subsecretario de Deportes y Recreaci\u00f3n Juan Agust\u00edn Galli, adem\u00e1s del presidente del CAVO (C\u00edrculo de Atletas Veteranos de Olavarr\u00eda) Renaldo Am\u00e9ndola y Alejandro Lucchini, director de la prueba.<\/p>\n<p>&nbsp;<\/p>\n<p><img data-recalc-dims=\"1\" loading=\"lazy\" decoding=\"async\" class=\"alignnone size-large wp-image-81626\" src=\"https:\/\/i0.wp.com\/cdnoticias.com\/wp-content\/uploads\/2023\/04\/vuelta-municipio1.jpg?resize=800%2C445&#038;ssl=1\" alt=\"\" width=\"800\" height=\"445\" srcset=\"https:\/\/i0.wp.com\/cdnoticias.com\/wp-content\/uploads\/2023\/04\/vuelta-municipio1.jpg?resize=1024%2C570&amp;ssl=1 1024w, https:\/\/i0.wp.com\/cdnoticias.com\/wp-content\/uploads\/2023\/04\/vuelta-municipio1.jpg?resize=300%2C167&amp;ssl=1 300w, https:\/\/i0.wp.com\/cdnoticias.com\/wp-content\/uploads\/2023\/04\/vuelta-municipio1.jpg?resize=768%2C427&amp;ssl=1 768w, https:\/\/i0.wp.com\/cdnoticias.com\/wp-content\/uploads\/2023\/04\/vuelta-municipio1.jpg?resize=1536%2C854&amp;ssl=1 1536w, https:\/\/i0.wp.com\/cdnoticias.com\/wp-content\/uploads\/2023\/04\/vuelta-municipio1.jpg?resize=800%2C445&amp;ssl=1 800w, https:\/\/i0.wp.com\/cdnoticias.com\/wp-content\/uploads\/2023\/04\/vuelta-municipio1.jpg?w=1600&amp;ssl=1 1600w\" sizes=\"auto, (max-width: 800px) 100vw, 800px\" \/><\/p>\n<p>&nbsp;<\/p>\n<p><em><strong>\u201cUna fiesta del deporte\u201d,<\/strong><\/em> enfatiz\u00f3 el jefe comunal al dar inicio a la rueda de prensa. <em>\u201cLa Vuelta del Municipio se va a estar llevando adelante como tradicionalmente se hizo, el primero de mayo, el lunes primero de mayo, feriado por el D\u00eda del Trabajador\u201d<\/em>, anunci\u00f3 Galli.<\/p>\n<p>&nbsp;<\/p>\n<p>Confirm\u00f3 que por segunda vez se realizar\u00e1 la media marat\u00f3n, con un trazado de 21 kil\u00f3metros por sitios emblem\u00e1ticos de la ciudad. <strong><em>\u201cSe repite este a\u00f1o, pero este con una novedad que es que no va a ser dos vueltas, sino que los 21 kil\u00f3metros van a ser en un solo recorrido. Va a ser un recorrido obviamente m\u00e1s amplio, lo que nos obliga a trabajar mucho m\u00e1s\u201d.<\/em><\/strong><\/p>\n<p>&nbsp;<\/p>\n<p>La otra novedad que confirm\u00f3 el jefe comunal es que<em> \u201cla largada no va a estar en la puerta de la Municipalidad, sino que va a estar en el Centro Cultural San Jos\u00e9, en el Parque Mitre, esto tiene que ver con retirar la salida del centro de la ciudad, porque el a\u00f1o pasado tuvimos algunas complicaciones con el sector privado de salud\u201d<\/em>, narr\u00f3 el intendente.<\/p>\n<p>&nbsp;<\/p>\n<p><img data-recalc-dims=\"1\" loading=\"lazy\" decoding=\"async\" class=\"alignnone size-large wp-image-81629\" src=\"https:\/\/i0.wp.com\/cdnoticias.com\/wp-content\/uploads\/2023\/04\/vuelta-municipio4.jpg?resize=800%2C445&#038;ssl=1\" alt=\"\" width=\"800\" height=\"445\" srcset=\"https:\/\/i0.wp.com\/cdnoticias.com\/wp-content\/uploads\/2023\/04\/vuelta-municipio4.jpg?resize=1024%2C570&amp;ssl=1 1024w, https:\/\/i0.wp.com\/cdnoticias.com\/wp-content\/uploads\/2023\/04\/vuelta-municipio4.jpg?resize=300%2C167&amp;ssl=1 300w, https:\/\/i0.wp.com\/cdnoticias.com\/wp-content\/uploads\/2023\/04\/vuelta-municipio4.jpg?resize=768%2C427&amp;ssl=1 768w, https:\/\/i0.wp.com\/cdnoticias.com\/wp-content\/uploads\/2023\/04\/vuelta-municipio4.jpg?resize=1536%2C854&amp;ssl=1 1536w, https:\/\/i0.wp.com\/cdnoticias.com\/wp-content\/uploads\/2023\/04\/vuelta-municipio4.jpg?resize=800%2C445&amp;ssl=1 800w, https:\/\/i0.wp.com\/cdnoticias.com\/wp-content\/uploads\/2023\/04\/vuelta-municipio4.jpg?w=1600&amp;ssl=1 1600w\" sizes=\"auto, (max-width: 800px) 100vw, 800px\" \/><\/p>\n<p>&nbsp;<\/p>\n<blockquote><p>De manera paralela, en lo que es modalidad competencia, tambi\u00e9n se van a llevar a cabo las pruebas de 5 y 10 kil\u00f3metros, adem\u00e1s de la vuelta social con trazados cercanos a 3 y 1 kil\u00f3metro.<\/p><\/blockquote>\n<p>&nbsp;<\/p>\n<p>Todas las pruebas largar\u00e1n al mismo momento, fiscalizadas desde el C\u00edrculo de Atletas Veteranos de Olavarr\u00eda, otro de los rasgos caracter\u00edsticos que tendr\u00e1 esta edici\u00f3n.<\/p>\n<p>&nbsp;<\/p>\n<p><strong><em>\u201cEs mucho el trabajo que se viene haciendo\u201d<\/em><\/strong>, ponder\u00f3 Galli al mencionar no s\u00f3lo la Subsecretar\u00eda de Deportes, sino tambi\u00e9n otras \u00e1reas tales como Salud, Seguridad o Cultura. <em>\u201cQuiero agradecerles a los sponsors tambi\u00e9n, porque hacen que sea m\u00e1s sencillo y tambi\u00e9n que muestren un compromiso con el deporte de la ciudad\u201d<\/em>, concluy\u00f3.<\/p>\n<p>&nbsp;<\/p>\n<p>Posteriormente tom\u00f3 la palabra el subsecretario de Deportes y Recreaci\u00f3n, quien retom\u00f3 los dichos del intendente y a\u00f1adi\u00f3 que<em> \u201cla verdad que nos simplifica much\u00edsimo la tarea el hecho del acompa\u00f1amiento de los privados, para este tipo de eventos que se requieren de un esfuerzo muy grande desde lo econ\u00f3mico y desde la log\u00edstica. Tambi\u00e9n agradecer al \u00e1rea de Cultura, tambi\u00e9n Salud, a todos los compa\u00f1eros de trabajo que se suman al evento porque lo entienden como un evento municipal, no \u00fanicamente es un evento deportivo\u201d.<\/em><\/p>\n<p>&nbsp;<\/p>\n<p><img data-recalc-dims=\"1\" loading=\"lazy\" decoding=\"async\" class=\"alignnone size-large wp-image-81627\" src=\"https:\/\/i0.wp.com\/cdnoticias.com\/wp-content\/uploads\/2023\/04\/vuelta-municipio2.jpg?resize=800%2C445&#038;ssl=1\" alt=\"\" width=\"800\" height=\"445\" srcset=\"https:\/\/i0.wp.com\/cdnoticias.com\/wp-content\/uploads\/2023\/04\/vuelta-municipio2.jpg?resize=1024%2C570&amp;ssl=1 1024w, https:\/\/i0.wp.com\/cdnoticias.com\/wp-content\/uploads\/2023\/04\/vuelta-municipio2.jpg?resize=300%2C167&amp;ssl=1 300w, https:\/\/i0.wp.com\/cdnoticias.com\/wp-content\/uploads\/2023\/04\/vuelta-municipio2.jpg?resize=768%2C427&amp;ssl=1 768w, https:\/\/i0.wp.com\/cdnoticias.com\/wp-content\/uploads\/2023\/04\/vuelta-municipio2.jpg?resize=1536%2C854&amp;ssl=1 1536w, https:\/\/i0.wp.com\/cdnoticias.com\/wp-content\/uploads\/2023\/04\/vuelta-municipio2.jpg?resize=800%2C445&amp;ssl=1 800w, https:\/\/i0.wp.com\/cdnoticias.com\/wp-content\/uploads\/2023\/04\/vuelta-municipio2.jpg?w=1600&amp;ssl=1 1600w\" sizes=\"auto, (max-width: 800px) 100vw, 800px\" \/><\/p>\n<p>&nbsp;<\/p>\n<blockquote><p>Luego, brind\u00f3 detalles acerca de c\u00f3mo es el tr\u00e1mite de inscripci\u00f3n, el cual ya puede realizarse a trav\u00e9s del portal oficial de la Municipalidad de Olavarr\u00eda, buscando el bot\u00f3n con el logo de la prueba.<\/p><\/blockquote>\n<p>&nbsp;<\/p>\n<p><strong>All\u00ed acceder\u00e1n a la informaci\u00f3n precisa del evento y el formulario online para poder anotarse.<\/strong> Una vez completado se les enviar\u00e1 un correo electr\u00f3nico con la tasa de inscripci\u00f3n a abonar y la documentaci\u00f3n a presentar el d\u00eda que se entregue la remera de la competencia, lo cual ser\u00e1 el domingo 30 de abril para atletas locales y el lunes 1\u00b0 de mayo para quienes arriben de otras ciudades.<\/p>\n<p>&nbsp;<\/p>\n<p>En ese sentido, Alejandro Lucchini revel\u00f3 que <strong>en los pr\u00f3ximos d\u00edas se realizar\u00e1 un evento en el que no s\u00f3lo se presentar\u00e1 la camiseta oficial, sino tambi\u00e9n cada uno de los trazados y otras sorpresas.<\/strong><\/p>\n","protected":false},"excerpt":{"rendered":"<p>Ser\u00e1 el lunes 1 de mayo por las calles de la ciudad. En esta edici\u00f3n la largada ser\u00e1 desde el<\/p>\n","protected":false},"author":2,"featured_media":81628,"comment_status":"closed","ping_status":"closed","sticky":false,"template":"","format":"standard","meta":{"_jetpack_memberships_contains_paid_content":false,"footnotes":""},"categories":[5,1],"tags":[],"class_list":["post-81630","post","type-post","status-publish","format-standard","has-post-thumbnail","hentry","category-informacion-general","category-portada"],"jetpack_featured_media_url":"https:\/\/i0.wp.com\/cdnoticias.com\/wp-content\/uploads\/2023\/04\/vuelta-municipio3.jpg?fit=1600%2C890&ssl=1","jetpack_sharing_enabled":true,"_links":{"self":[{"href":"https:\/\/cdnoticias.com\/index.php\/wp-json\/wp\/v2\/posts\/81630","targetHints":{"allow":["GET"]}}],"collection":[{"href":"https:\/\/cdnoticias.com\/index.php\/wp-json\/wp\/v2\/posts"}],"about":[{"href":"https:\/\/cdnoticias.com\/index.php\/wp-json\/wp\/v2\/types\/post"}],"author":[{"embeddable":true,"href":"https:\/\/cdnoticias.com\/index.php\/wp-json\/wp\/v2\/users\/2"}],"replies":[{"embeddable":true,"href":"https:\/\/cdnoticias.com\/index.php\/wp-json\/wp\/v2\/comments?post=81630"}],"version-history":[{"count":0,"href":"https:\/\/cdnoticias.com\/index.php\/wp-json\/wp\/v2\/posts\/81630\/revisions"}],"wp:featuredmedia":[{"embeddable":true,"href":"https:\/\/cdnoticias.com\/index.php\/wp-json\/wp\/v2\/media\/81628"}],"wp:attachment":[{"href":"https:\/\/cdnoticias.com\/index.php\/wp-json\/wp\/v2\/media?parent=81630"}],"wp:term":[{"taxonomy":"category","embeddable":true,"href":"https:\/\/cdnoticias.com\/index.php\/wp-json\/wp\/v2\/categories?post=81630"},{"taxonomy":"post_tag","embeddable":true,"href":"https:\/\/cdnoticias.com\/index.php\/wp-json\/wp\/v2\/tags?post=81630"}],"curies":[{"name":"wp","href":"https:\/\/api.w.org\/{rel}","templated":true}]}}