{"id":81600,"date":"2023-04-05T13:25:52","date_gmt":"2023-04-05T16:25:52","guid":{"rendered":"https:\/\/www.centraldenoticias.com.ar\/?p=81600"},"modified":"2023-04-06T13:37:30","modified_gmt":"2023-04-06T16:37:30","slug":"se-acreditaron-cinco-millones-de-pesos-para-los-13-clubes-que-integran-la-union","status":"publish","type":"post","link":"https:\/\/cdnoticias.com\/index.php\/2023\/04\/05\/se-acreditaron-cinco-millones-de-pesos-para-los-13-clubes-que-integran-la-union\/","title":{"rendered":"Se acreditaron cinco millones de pesos para los 13 clubes que integran la Uni\u00f3n"},"content":{"rendered":"<p>Fue anunciado esta ma\u00f1ana por Maximiliano Wesner junto a los presidentes de los clubes de Olavarr\u00eda. Se espera otra suma igual que ya est\u00e1 en tr\u00e1mite.<!--more--><\/p>\n<hr \/>\n<p>Esta ma\u00f1ana se dio a conocer que <strong>se acreditaron cinco millones de pesos para las instituciones deportivas<\/strong>, tal como se hab\u00eda anunciado <a href=\"https:\/\/centraldeportes.com.ar\/cientos-de-personas-disfrutaron-la-gran-cena-de-la-union-de-clubes\/\" target=\"_blank\" rel=\"noopener\">en la cena de clubes<\/a>.<\/p>\n<p>&nbsp;<\/p>\n<p><strong>El titular de Anses y concejal del Frente de Todos, Maximiliano Wesner<\/strong>, agradeci\u00f3 la presencia de los presidentes de todas las instituciones que integran la Uni\u00f3n de Clubes. <strong>Record\u00f3 que se hab\u00eda reunido con el gobernador Axel Kicillof<\/strong> y, en esa oportunidad, <strong>le cont\u00f3 \u201cc\u00f3mo hab\u00edan sostenido los clubes las actividades en sus instituciones durante la pandemia<\/strong>, a trav\u00e9s del bingo virtual, esa maniobra tan creativa que tuvieron y que dio tantos r\u00e9ditos, pero que eso no alcanzaba porque los clubes muchas veces son la primera casa. Hay que albergar y contener a much\u00edsimos pibes y pibas que transitan todos los d\u00edas por sus instalaciones\u201d.<\/p>\n<p>&nbsp;<\/p>\n<p><img data-recalc-dims=\"1\" loading=\"lazy\" decoding=\"async\" class=\"alignnone size-full wp-image-81602\" src=\"https:\/\/i0.wp.com\/cdnoticias.com\/wp-content\/uploads\/2023\/04\/UNION-05.jpg?resize=800%2C448&#038;ssl=1\" alt=\"\" width=\"800\" height=\"448\" srcset=\"https:\/\/i0.wp.com\/cdnoticias.com\/wp-content\/uploads\/2023\/04\/UNION-05.jpg?w=1000&amp;ssl=1 1000w, https:\/\/i0.wp.com\/cdnoticias.com\/wp-content\/uploads\/2023\/04\/UNION-05.jpg?resize=300%2C168&amp;ssl=1 300w, https:\/\/i0.wp.com\/cdnoticias.com\/wp-content\/uploads\/2023\/04\/UNION-05.jpg?resize=768%2C430&amp;ssl=1 768w\" sizes=\"auto, (max-width: 800px) 100vw, 800px\" \/><\/p>\n<p>&nbsp;<\/p>\n<p>De esta forma se\u00f1al\u00f3 que surgi\u00f3 la idea de visitar y contactar al ministro Andr\u00e9s Larroque, de la cartera de Desarrollo de la Comunidad, para \u201cponer a disposici\u00f3n <strong>dos reintegros de gastos<\/strong>. <strong>Uno<\/strong> que se est\u00e1 materializando en este momento, que <strong>ya est\u00e1 acreditado, de cinco millones de pesos y otro que ya contamos con n\u00famero de expediente<\/strong>. Comenz\u00f3 el procedimiento administrativo y en breve va a estar acreditado en cuenta tambi\u00e9n, <strong>con lo cual ser\u00e1n 10 millones de pesos para los clubes que integran la uni\u00f3n<\/strong>\u201d.<\/p>\n<p>&nbsp;<\/p>\n<p><img data-recalc-dims=\"1\" loading=\"lazy\" decoding=\"async\" class=\"alignnone size-full wp-image-81603\" src=\"https:\/\/i0.wp.com\/cdnoticias.com\/wp-content\/uploads\/2023\/04\/UNION-06.jpg?resize=800%2C448&#038;ssl=1\" alt=\"\" width=\"800\" height=\"448\" srcset=\"https:\/\/i0.wp.com\/cdnoticias.com\/wp-content\/uploads\/2023\/04\/UNION-06.jpg?w=1000&amp;ssl=1 1000w, https:\/\/i0.wp.com\/cdnoticias.com\/wp-content\/uploads\/2023\/04\/UNION-06.jpg?resize=300%2C168&amp;ssl=1 300w, https:\/\/i0.wp.com\/cdnoticias.com\/wp-content\/uploads\/2023\/04\/UNION-06.jpg?resize=768%2C430&amp;ssl=1 768w\" sizes=\"auto, (max-width: 800px) 100vw, 800px\" \/><\/p>\n<p>&nbsp;<\/p>\n<p>El precandidato a intendente por el Frente de Todos indic\u00f3 la importancia de \u201ctrabajar mancomunadamente, articuladamente, entre instituciones intermedias. En este caso los clubes y el estado provincial, donde me toc\u00f3 ser gestor, articulador y llevar adelante este tr\u00e1mite y esta gesti\u00f3n\u201d.<\/p>\n<p>&nbsp;<\/p>\n<p>Asimismo, a\u00f1adi\u00f3 que vienen colaborando en el partido de Olavarr\u00eda \u201ca trav\u00e9s de diferentes programas con todos los clubes, clubes barriales, instituciones m\u00e1s reconocidas con materiales para mantenimiento y refacciones edilicias. Con becas para profes que est\u00e1n en las instituciones, con becas para pibes, porque se hace dif\u00edcil acceder a las pr\u00e1cticas deportivas\u201d.<\/p>\n<p>&nbsp;<\/p>\n<p><img data-recalc-dims=\"1\" loading=\"lazy\" decoding=\"async\" class=\"alignnone size-full wp-image-81604\" src=\"https:\/\/i0.wp.com\/cdnoticias.com\/wp-content\/uploads\/2023\/04\/UNION-03.jpg?resize=800%2C448&#038;ssl=1\" alt=\"\" width=\"800\" height=\"448\" srcset=\"https:\/\/i0.wp.com\/cdnoticias.com\/wp-content\/uploads\/2023\/04\/UNION-03.jpg?w=1000&amp;ssl=1 1000w, https:\/\/i0.wp.com\/cdnoticias.com\/wp-content\/uploads\/2023\/04\/UNION-03.jpg?resize=300%2C168&amp;ssl=1 300w, https:\/\/i0.wp.com\/cdnoticias.com\/wp-content\/uploads\/2023\/04\/UNION-03.jpg?resize=768%2C430&amp;ssl=1 768w\" sizes=\"auto, (max-width: 800px) 100vw, 800px\" \/><\/p>\n<p>&nbsp;<\/p>\n<p>En este sentido, <strong>comparti\u00f3 con los presidentes que se encuentran a disposici\u00f3n<\/strong>, desde el Ministerio de Turismo y Deporte de la Naci\u00f3n, <strong>dos programas<\/strong>. \u201c<strong>Uno, \u00b4Clubes en Obras\u00b4<\/strong> con un monto de subsidio para reparaciones, refacciones y ampliaciones edilicias de sus clubes. <strong>Y otro<\/strong>, que me toca ser parte y gestionarlo de manera directa que es una articulaci\u00f3n entre Anses y el Ministerio de Turismo y Deporte de la Naci\u00f3n. \u00a0El programa se llama <strong>\u00b4Hay equipo\u00b4, donde acompa\u00f1amos con un aporte no reintegrable a aquellos clubes que tengan en su n\u00f3mina pibes y pibas de entre 5 y 17 a\u00f1os que est\u00e9n realizando pr\u00e1cticas deportivas y sus padres o madres cobren la AUH<\/strong>. De acuerdo a esa n\u00f3mina, vamos reintegrando o aportando esa ayuda econ\u00f3mica para que esos pibes puedan realizar esas pr\u00e1cticas deportivas\u201d.<\/p>\n<p>&nbsp;<\/p>\n<blockquote><p>Por \u00faltimo, se\u00f1al\u00f3 que \u201csi nos toca ser gesti\u00f3n Municipal lo vamos a continuar haciendo de esta manera con muchas m\u00e1s herramientas porque el deporte para nosotros es relevante porque es inclusivo, porque es recreativo y porque los pibes y pibas se pueden desarrollar en un club donde ustedes dirigen\u201d.<\/p><\/blockquote>\n<p>&nbsp;<\/p>\n<p>Tambi\u00e9n, <strong>tom\u00f3 la palabra Jos\u00e9 Maceo<\/strong>, presidente de la Uni\u00f3n de Clubes, quien manifest\u00f3 que el subsidio entregado desde la gesti\u00f3n provincial es \u201cde gran ayuda\u201d. Asimismo, se\u00f1al\u00f3 que \u00a0trabajan en equipo, <strong>\u201ctodos trabajamos para los clubes y trabajamos para Olavarr\u00eda. Ayer, por ejemplo, vi en los medios fotos donde estaban Maxi, con Cesar Valicenti y nuestro intendente, los tres juntos. Eso es lo que yo quiero para la ciudad, que est\u00e9n todos juntos, pero que no estemos para la foto, que estemos todos juntos para trabajar por el bien de Olavarr\u00eda y para nosotros, las instituciones\u201d.<\/strong><\/p>\n<p>&nbsp;<\/p>\n<p><img data-recalc-dims=\"1\" loading=\"lazy\" decoding=\"async\" class=\"alignnone size-full wp-image-81605\" src=\"https:\/\/i0.wp.com\/cdnoticias.com\/wp-content\/uploads\/2023\/04\/UNION-04.jpg?resize=800%2C448&#038;ssl=1\" alt=\"\" width=\"800\" height=\"448\" srcset=\"https:\/\/i0.wp.com\/cdnoticias.com\/wp-content\/uploads\/2023\/04\/UNION-04.jpg?w=1000&amp;ssl=1 1000w, https:\/\/i0.wp.com\/cdnoticias.com\/wp-content\/uploads\/2023\/04\/UNION-04.jpg?resize=300%2C168&amp;ssl=1 300w, https:\/\/i0.wp.com\/cdnoticias.com\/wp-content\/uploads\/2023\/04\/UNION-04.jpg?resize=768%2C430&amp;ssl=1 768w\" sizes=\"auto, (max-width: 800px) 100vw, 800px\" \/><\/p>\n<p>&nbsp;<\/p>\n<p>En el cierre habl\u00f3 <strong>Mario Giacomaso, presidente del Club Racing,<\/strong> quien hizo referencia a los or\u00edgenes de la Uni\u00f3n y a las dificultades que tuvieron que enfrentar. \u201c<strong>Mantener los clubes con la instituci\u00f3n cerrada fue muy complejo<\/strong>. Siempre lo decimos, <strong>la Uni\u00f3n de Clubes naci\u00f3 en ese momento<\/strong> y seguir sosteni\u00e9ndolo fue lo mejor que nos pas\u00f3 dentro de lo que es la pandemia, sobre todo porque <strong>nos facilita la vida como dirigentes<\/strong>\u201d.<\/p>\n<p>&nbsp;<\/p>\n<p><img data-recalc-dims=\"1\" loading=\"lazy\" decoding=\"async\" class=\"alignnone size-full wp-image-81606\" src=\"https:\/\/i0.wp.com\/cdnoticias.com\/wp-content\/uploads\/2023\/04\/UNION-02.jpg?resize=800%2C448&#038;ssl=1\" alt=\"\" width=\"800\" height=\"448\" srcset=\"https:\/\/i0.wp.com\/cdnoticias.com\/wp-content\/uploads\/2023\/04\/UNION-02.jpg?w=1000&amp;ssl=1 1000w, https:\/\/i0.wp.com\/cdnoticias.com\/wp-content\/uploads\/2023\/04\/UNION-02.jpg?resize=300%2C168&amp;ssl=1 300w, https:\/\/i0.wp.com\/cdnoticias.com\/wp-content\/uploads\/2023\/04\/UNION-02.jpg?resize=768%2C430&amp;ssl=1 768w\" sizes=\"auto, (max-width: 800px) 100vw, 800px\" \/><\/p>\n<p>&nbsp;<\/p>\n<p>Adem\u00e1s tomaron parte del acto Emilio Incaguarat (Estudiantes), Leandro Lanceta (El Fort\u00edn), Roberto Vidal (Ferro), Mario Lurbet (El Provincial), Jos\u00e9 Veyrand (Mariano Moreno), Fernando Di Carlo (Embajadores), Federico Zamora (San Mart\u00edn de Sierras Bayas), Walter Bahl (Loma Negra), Juan Billegas (Sierra Chica), Juan Traversa (AMCO) y Ariel Arce (Club Hinojo).<\/p>\n<p>&nbsp;<\/p>\n","protected":false},"excerpt":{"rendered":"<p>Fue anunciado esta ma\u00f1ana por Maximiliano Wesner junto a los presidentes de los clubes de Olavarr\u00eda. Se espera otra suma<\/p>\n","protected":false},"author":4,"featured_media":81601,"comment_status":"closed","ping_status":"closed","sticky":false,"template":"","format":"standard","meta":{"_jetpack_memberships_contains_paid_content":false,"footnotes":""},"categories":[5,1],"tags":[],"class_list":["post-81600","post","type-post","status-publish","format-standard","has-post-thumbnail","hentry","category-informacion-general","category-portada"],"jetpack_featured_media_url":"https:\/\/i0.wp.com\/cdnoticias.com\/wp-content\/uploads\/2023\/04\/UNION-01.jpg?fit=1000%2C560&ssl=1","jetpack_sharing_enabled":true,"_links":{"self":[{"href":"https:\/\/cdnoticias.com\/index.php\/wp-json\/wp\/v2\/posts\/81600","targetHints":{"allow":["GET"]}}],"collection":[{"href":"https:\/\/cdnoticias.com\/index.php\/wp-json\/wp\/v2\/posts"}],"about":[{"href":"https:\/\/cdnoticias.com\/index.php\/wp-json\/wp\/v2\/types\/post"}],"author":[{"embeddable":true,"href":"https:\/\/cdnoticias.com\/index.php\/wp-json\/wp\/v2\/users\/4"}],"replies":[{"embeddable":true,"href":"https:\/\/cdnoticias.com\/index.php\/wp-json\/wp\/v2\/comments?post=81600"}],"version-history":[{"count":0,"href":"https:\/\/cdnoticias.com\/index.php\/wp-json\/wp\/v2\/posts\/81600\/revisions"}],"wp:featuredmedia":[{"embeddable":true,"href":"https:\/\/cdnoticias.com\/index.php\/wp-json\/wp\/v2\/media\/81601"}],"wp:attachment":[{"href":"https:\/\/cdnoticias.com\/index.php\/wp-json\/wp\/v2\/media?parent=81600"}],"wp:term":[{"taxonomy":"category","embeddable":true,"href":"https:\/\/cdnoticias.com\/index.php\/wp-json\/wp\/v2\/categories?post=81600"},{"taxonomy":"post_tag","embeddable":true,"href":"https:\/\/cdnoticias.com\/index.php\/wp-json\/wp\/v2\/tags?post=81600"}],"curies":[{"name":"wp","href":"https:\/\/api.w.org\/{rel}","templated":true}]}}