{"id":81597,"date":"2023-04-05T19:30:07","date_gmt":"2023-04-05T22:30:07","guid":{"rendered":"https:\/\/www.centraldenoticias.com.ar\/?p=81597"},"modified":"2023-04-05T19:30:07","modified_gmt":"2023-04-05T22:30:07","slug":"este-jueves-retoman-las-charlas-de-educacion-vial","status":"publish","type":"post","link":"https:\/\/cdnoticias.com\/index.php\/2023\/04\/05\/este-jueves-retoman-las-charlas-de-educacion-vial\/","title":{"rendered":"Este jueves retoman las charlas de educaci\u00f3n vial"},"content":{"rendered":"<p>Se reanudan las charlas de educaci\u00f3n vial en el Sal\u00f3n Rivadavia. Esta edici\u00f3n cuenta con la novedad de que ser\u00e1n trasmitidas online y en vivo, as\u00ed lo indicaron desde el \u00e1rea.<!--more--><\/p>\n<hr \/>\n<p>Desde la Direcci\u00f3n de Licencias de Conducir se record\u00f3 que <strong>este jueves 6 de abril a las 19 horas se van a retomar las charlas de educaci\u00f3n vial<\/strong>, sumando la posibilidad de acceder a las mismas bajo la modalidad online y en vivo. Se\u00f1alaron que \u201cse trata de un nuevo servicio que permitir\u00e1 ampliar el acceso a este tipo de jornadas\u201d.<\/p>\n<p>&nbsp;<\/p>\n<p>La propuesta <strong>ser\u00e1 con una frecuencia quincenal<\/strong>, de forma presencial en el Sal\u00f3n Rivadavia. Asimismo,<strong> se dispondr\u00e1 el servicio online para poder seguir en vivo la actividad<\/strong> desde cualquier dispositivo, <strong>a trav\u00e9s de la p\u00e1gina que el \u00e1rea cuenta en la red social Facebook (Licencias de Conducir \u2013 Olavarr\u00eda)<\/strong>.<\/p>\n<p>&nbsp;<\/p>\n<p>Leandro Lanceta, director de Licencias de Conducir, explic\u00f3 que<em>\u00a0<\/em>\u201clos espectadores podr\u00e1n interactuar con el encargado de brindar el taller, dejando las consultas en los comentarios\u201d.<\/p>\n<p>&nbsp;<\/p>\n<p>A la par, a\u00f1adi\u00f3 que\u00a0\u201ccreemos que es fundamental la interacci\u00f3n y contacto con los ciudadanos del partido de Olavarr\u00eda, para de esta manera colaborar con la educaci\u00f3n vial en todos los rangos etarios. Es por ello que consideramos que debemos aprovechar las herramientas inform\u00e1ticas que est\u00e1n a nuestro alcance, para llegar a cada persona que transite por la v\u00eda p\u00fablica, sea peat\u00f3n o conductor. Conocer nuestros derechos y obligaciones es el primer paso para lograr un tr\u00e1nsito seguro\u201d.<\/p>\n<p>&nbsp;<\/p>\n<p>&nbsp;<\/p>\n","protected":false},"excerpt":{"rendered":"<p>Se reanudan las charlas de educaci\u00f3n vial en el Sal\u00f3n Rivadavia. Esta edici\u00f3n cuenta con la novedad de que ser\u00e1n<\/p>\n","protected":false},"author":4,"featured_media":81598,"comment_status":"closed","ping_status":"closed","sticky":false,"template":"","format":"standard","meta":{"_jetpack_memberships_contains_paid_content":false,"footnotes":""},"categories":[5,1],"tags":[],"class_list":["post-81597","post","type-post","status-publish","format-standard","has-post-thumbnail","hentry","category-informacion-general","category-portada"],"jetpack_featured_media_url":"https:\/\/i0.wp.com\/cdnoticias.com\/wp-content\/uploads\/2023\/04\/Licencias-de-Conducir-Charla-Sotuyo-2-1024x512-1.jpeg?fit=920%2C512&ssl=1","jetpack_sharing_enabled":true,"_links":{"self":[{"href":"https:\/\/cdnoticias.com\/index.php\/wp-json\/wp\/v2\/posts\/81597","targetHints":{"allow":["GET"]}}],"collection":[{"href":"https:\/\/cdnoticias.com\/index.php\/wp-json\/wp\/v2\/posts"}],"about":[{"href":"https:\/\/cdnoticias.com\/index.php\/wp-json\/wp\/v2\/types\/post"}],"author":[{"embeddable":true,"href":"https:\/\/cdnoticias.com\/index.php\/wp-json\/wp\/v2\/users\/4"}],"replies":[{"embeddable":true,"href":"https:\/\/cdnoticias.com\/index.php\/wp-json\/wp\/v2\/comments?post=81597"}],"version-history":[{"count":0,"href":"https:\/\/cdnoticias.com\/index.php\/wp-json\/wp\/v2\/posts\/81597\/revisions"}],"wp:featuredmedia":[{"embeddable":true,"href":"https:\/\/cdnoticias.com\/index.php\/wp-json\/wp\/v2\/media\/81598"}],"wp:attachment":[{"href":"https:\/\/cdnoticias.com\/index.php\/wp-json\/wp\/v2\/media?parent=81597"}],"wp:term":[{"taxonomy":"category","embeddable":true,"href":"https:\/\/cdnoticias.com\/index.php\/wp-json\/wp\/v2\/categories?post=81597"},{"taxonomy":"post_tag","embeddable":true,"href":"https:\/\/cdnoticias.com\/index.php\/wp-json\/wp\/v2\/tags?post=81597"}],"curies":[{"name":"wp","href":"https:\/\/api.w.org\/{rel}","templated":true}]}}