{"id":81595,"date":"2023-04-05T10:47:31","date_gmt":"2023-04-05T13:47:31","guid":{"rendered":"https:\/\/www.centraldenoticias.com.ar\/?p=81595"},"modified":"2023-04-05T13:26:02","modified_gmt":"2023-04-05T16:26:02","slug":"la-familia-vicente-solo-quiere-verdad-y-justicia","status":"publish","type":"post","link":"https:\/\/cdnoticias.com\/index.php\/2023\/04\/05\/la-familia-vicente-solo-quiere-verdad-y-justicia\/","title":{"rendered":"\u201cLa familia Vicente s\u00f3lo quiere verdad y justicia\u201d"},"content":{"rendered":"<p>La t\u00eda de la joven v\u00edctima de femicidio hizo p\u00fablico que la familia ha recibido amenazas. \u201cHay gente pesada atr\u00e1s de todo\u201d afirm\u00f3 Mariela Vicente.<\/p>\n<p><!--more--><\/p>\n<hr \/>\n<p><strong>Mariela Vicente<\/strong> se expres\u00f3 en sus redes sociales para reiterar<strong> el reclamo de justicia por el femicidio de su sobrina<\/strong>, Sof\u00eda, y dio a conocer que la <strong>familia recibi\u00f3 amenazas.<\/strong><\/p>\n<p>&nbsp;<\/p>\n<p>La mujer se manifest\u00f3 despu\u00e9s de que se conociera <strong>el resultado de la audiencia indagatoria<\/strong> en la que uno de los detenidos por el crimen, <a href=\"https:\/\/cdnoticias.com\/index.php\/2023\/04\/04\/femicidio-de-sofia-vicente-olalde-nego-conocer-a-la-victima\/\" target=\"_blank\" rel=\"noopener\">Pablo Olalde, buscara despegarse de las acusaciones en su contra.<\/a><\/p>\n<p>&nbsp;<\/p>\n<blockquote><p>\u201cIndignada, bronca rabia y sobre todo dolor por la justicia de mierda que tenemos en la Argentina, en la provincia de Buenos Aires, ciudad de Olavarr\u00eda. Amenazar para que no sigamos el caso porque hay gente pesada atr\u00e1s de todo\u201d expuso la t\u00eda de la v\u00edctima.<\/p><\/blockquote>\n<p>&nbsp;<\/p>\n<p>Agreg\u00f3 que<strong> \u201cla familia Vicente solo quiere verdad y justicia.<\/strong> No me voy a callar, no voy a parar de gritar\u201d.<\/p>\n<p>&nbsp;<\/p>\n<p><iframe loading=\"lazy\" style=\"border: none; overflow: hidden;\" src=\"https:\/\/www.facebook.com\/plugins\/post.php?href=https%3A%2F%2Fwww.facebook.com%2Falejandra.dalce%2Fposts%2Fpfbid02X751WtpWVaBC6HEhBJScA3a6gV1gSUNuqc6aUf54MY3RTUBjSMwFVTdmQurSpECfl&amp;show_text=true&amp;width=500\" width=\"500\" height=\"363\" frameborder=\"0\" scrolling=\"no\" allowfullscreen=\"allowfullscreen\"><\/iframe><\/p>\n<p>&nbsp;<\/p>\n<p>En una publicaci\u00f3n anterior, tambi\u00e9n Mariela Vicente hab\u00eda manifestado <strong>\u201cnadie nos va a hacer callar por m\u00e1s amenazas que tengamos\u201d<\/strong> y pidi\u00f3 que \u201cesto no tiene que ser un caso m\u00e1s\u201d.<\/p>\n<p>&nbsp;<\/p>\n<p>El domingo, en una manifestaci\u00f3n convocada para reiterar el pedido de justicia, <strong>la familia ya hab\u00eda mostrado su disconformidad con el accionar de la justicia<\/strong>:<a href=\"https:\/\/cdnoticias.com\/index.php\/2023\/04\/03\/femicidio-de-sofia-vicente-hay-mas-para-avanzar-pero-nadie-hace-nada\/\" target=\"_blank\" rel=\"noopener\"> \u201chay m\u00e1s para avanzar pero nadie hace nada\u201d sostuvieron en referencia a la investigaci\u00f3n penal<\/a>.<\/p>\n<p>&nbsp;<\/p>\n<p><strong>Sof\u00eda Vicente fue vista por \u00faltima vez el 4 de marzo y su cuerpo fue hallado el 9 de marzo<\/strong> en un campo de inmediaciones de Del Valle y ruta 60. <a href=\"https:\/\/cdnoticias.com\/index.php\/2023\/03\/12\/avanza-la-investigacion-del-femicidio-de-sofia-hay-dos-sospechados\/\" target=\"_blank\" rel=\"noopener\">Inmediatamente se estableci\u00f3 que se trat\u00f3 de un femicidio<\/a>. Hay dos personas detenidas: <a href=\"https:\/\/cdnoticias.com\/index.php\/2023\/03\/13\/femicidio-de-sofia-vicente-fue-rechazada-la-excarcelacion-del-expolicia-arrestado\/\" target=\"_blank\" rel=\"noopener\">Pablo Olalde<\/a> y <a href=\"https:\/\/cdnoticias.com\/index.php\/2023\/03\/17\/femicidio-de-sofia-vicente-el-detenido-llevaba-un-arma\/\" target=\"_blank\" rel=\"noopener\">Diego Gonz\u00e1lez<\/a>.<\/p>\n<p>&nbsp;<\/p>\n","protected":false},"excerpt":{"rendered":"<p>La t\u00eda de la joven v\u00edctima de femicidio hizo p\u00fablico que la familia ha recibido amenazas. \u201cHay gente pesada atr\u00e1s<\/p>\n","protected":false},"author":4,"featured_media":79453,"comment_status":"closed","ping_status":"closed","sticky":false,"template":"","format":"standard","meta":{"_jetpack_memberships_contains_paid_content":false,"footnotes":""},"categories":[14,1],"tags":[],"class_list":["post-81595","post","type-post","status-publish","format-standard","has-post-thumbnail","hentry","category-policiales","category-portada"],"jetpack_featured_media_url":"https:\/\/i0.wp.com\/cdnoticias.com\/wp-content\/uploads\/2023\/03\/mariela-tia-de-sofia-vicente-fiscalia00.jpg?fit=800%2C445&ssl=1","jetpack_sharing_enabled":true,"_links":{"self":[{"href":"https:\/\/cdnoticias.com\/index.php\/wp-json\/wp\/v2\/posts\/81595","targetHints":{"allow":["GET"]}}],"collection":[{"href":"https:\/\/cdnoticias.com\/index.php\/wp-json\/wp\/v2\/posts"}],"about":[{"href":"https:\/\/cdnoticias.com\/index.php\/wp-json\/wp\/v2\/types\/post"}],"author":[{"embeddable":true,"href":"https:\/\/cdnoticias.com\/index.php\/wp-json\/wp\/v2\/users\/4"}],"replies":[{"embeddable":true,"href":"https:\/\/cdnoticias.com\/index.php\/wp-json\/wp\/v2\/comments?post=81595"}],"version-history":[{"count":0,"href":"https:\/\/cdnoticias.com\/index.php\/wp-json\/wp\/v2\/posts\/81595\/revisions"}],"wp:featuredmedia":[{"embeddable":true,"href":"https:\/\/cdnoticias.com\/index.php\/wp-json\/wp\/v2\/media\/79453"}],"wp:attachment":[{"href":"https:\/\/cdnoticias.com\/index.php\/wp-json\/wp\/v2\/media?parent=81595"}],"wp:term":[{"taxonomy":"category","embeddable":true,"href":"https:\/\/cdnoticias.com\/index.php\/wp-json\/wp\/v2\/categories?post=81595"},{"taxonomy":"post_tag","embeddable":true,"href":"https:\/\/cdnoticias.com\/index.php\/wp-json\/wp\/v2\/tags?post=81595"}],"curies":[{"name":"wp","href":"https:\/\/api.w.org\/{rel}","templated":true}]}}