{"id":81584,"date":"2023-04-05T10:13:19","date_gmt":"2023-04-05T13:13:19","guid":{"rendered":"https:\/\/www.centraldenoticias.com.ar\/?p=81584"},"modified":"2023-04-05T10:13:19","modified_gmt":"2023-04-05T13:13:19","slug":"lo-buscaban-desde-hace-siete-anos-aparecio-en-olavarria","status":"publish","type":"post","link":"https:\/\/cdnoticias.com\/index.php\/2023\/04\/05\/lo-buscaban-desde-hace-siete-anos-aparecio-en-olavarria\/","title":{"rendered":"Lo buscaban desde hace siete a\u00f1os: apareci\u00f3 en Olavarr\u00eda"},"content":{"rendered":"<p>Fue detenido un hombre en ruta 226 y Rivadavia. Se estableci\u00f3 que era buscado desde 2015 por un juzgado marplatense.<\/p>\n<p><!--more--><\/p>\n<hr \/>\n<p>El personal del Comando de Patrullas de Olavarr\u00eda dio con <strong>un hombre que era buscado desde hace siete a\u00f1os.<\/strong><\/p>\n<p>&nbsp;<\/p>\n<p>Seg\u00fan se inform\u00f3, el personal policial lleg\u00f3 hasta <strong>ruta 226 y Rivadavia<\/strong> donde <strong>detuvo a un hombre<\/strong> sobre quien, se comprob\u00f3, pesaba un <strong>\u201cpedido de paradero activo\u201d<\/strong>.<\/p>\n<p>&nbsp;<\/p>\n<p>La solicitud hab\u00eda sido emitida por el<strong> Juzgado de Ejecuci\u00f3n N\u00b0 1 de Mar del Plata<\/strong> desde el <strong>24 de noviembre de 2015.<\/strong><\/p>\n<p>&nbsp;<\/p>\n<p>El <strong>detenido fue trasladado a la Comisar\u00eda Primera<\/strong> y las actuaciones se elevaron al Juzgado Correccional de Olavarr\u00eda as\u00ed como al juzgado marplatense que hab\u00eda librado la b\u00fasqueda.<\/p>\n<p>&nbsp;<\/p>\n","protected":false},"excerpt":{"rendered":"<p>Fue detenido un hombre en ruta 226 y Rivadavia. Se estableci\u00f3 que era buscado desde 2015 por un juzgado marplatense.<\/p>\n","protected":false},"author":4,"featured_media":81585,"comment_status":"closed","ping_status":"closed","sticky":false,"template":"","format":"standard","meta":{"_jetpack_memberships_contains_paid_content":false,"footnotes":""},"categories":[14,1],"tags":[],"class_list":["post-81584","post","type-post","status-publish","format-standard","has-post-thumbnail","hentry","category-policiales","category-portada"],"jetpack_featured_media_url":"https:\/\/i0.wp.com\/cdnoticias.com\/wp-content\/uploads\/2023\/04\/averiguacion-de-paradero-mar-del-plata.jpg?fit=800%2C446&ssl=1","jetpack_sharing_enabled":true,"_links":{"self":[{"href":"https:\/\/cdnoticias.com\/index.php\/wp-json\/wp\/v2\/posts\/81584","targetHints":{"allow":["GET"]}}],"collection":[{"href":"https:\/\/cdnoticias.com\/index.php\/wp-json\/wp\/v2\/posts"}],"about":[{"href":"https:\/\/cdnoticias.com\/index.php\/wp-json\/wp\/v2\/types\/post"}],"author":[{"embeddable":true,"href":"https:\/\/cdnoticias.com\/index.php\/wp-json\/wp\/v2\/users\/4"}],"replies":[{"embeddable":true,"href":"https:\/\/cdnoticias.com\/index.php\/wp-json\/wp\/v2\/comments?post=81584"}],"version-history":[{"count":0,"href":"https:\/\/cdnoticias.com\/index.php\/wp-json\/wp\/v2\/posts\/81584\/revisions"}],"wp:featuredmedia":[{"embeddable":true,"href":"https:\/\/cdnoticias.com\/index.php\/wp-json\/wp\/v2\/media\/81585"}],"wp:attachment":[{"href":"https:\/\/cdnoticias.com\/index.php\/wp-json\/wp\/v2\/media?parent=81584"}],"wp:term":[{"taxonomy":"category","embeddable":true,"href":"https:\/\/cdnoticias.com\/index.php\/wp-json\/wp\/v2\/categories?post=81584"},{"taxonomy":"post_tag","embeddable":true,"href":"https:\/\/cdnoticias.com\/index.php\/wp-json\/wp\/v2\/tags?post=81584"}],"curies":[{"name":"wp","href":"https:\/\/api.w.org\/{rel}","templated":true}]}}