{"id":81579,"date":"2023-04-05T18:29:24","date_gmt":"2023-04-05T21:29:24","guid":{"rendered":"https:\/\/www.centraldenoticias.com.ar\/?p=81579"},"modified":"2023-04-05T18:29:24","modified_gmt":"2023-04-05T21:29:24","slug":"encuentro-de-mujeres-de-camino-a-la-victoria-con-presencia-olavarriense","status":"publish","type":"post","link":"https:\/\/cdnoticias.com\/index.php\/2023\/04\/05\/encuentro-de-mujeres-de-camino-a-la-victoria-con-presencia-olavarriense\/","title":{"rendered":"Encuentro de Mujeres de Camino a la Victoria con presencia olavarriense"},"content":{"rendered":"<p>Se reunieron representantes de las ocho secciones electorales de la provincia. El espacio es conducido por Victoria Tolosa Paz y por la 7ma secci\u00f3n estuvo Mar\u00eda Luj\u00e1n Rodr\u00edguez.<!--more--><\/p>\n<hr \/>\n<p>El viernes 31 de marzo,<strong> militantes y referentas de Camino a la Victoria de las 8 secciones electorales de la provincia de Buenos Aires mantuvieron un encuentro de trabajo con la conductora Victoria Tolosa Paz\u00a0en la ciudad de La Plata.<\/strong><\/p>\n<p>&nbsp;<\/p>\n<p><img data-recalc-dims=\"1\" loading=\"lazy\" decoding=\"async\" class=\"aligncenter wp-image-81581 size-full\" src=\"https:\/\/i0.wp.com\/cdnoticias.com\/wp-content\/uploads\/2023\/04\/LUJAN-03.jpg?resize=720%2C401&#038;ssl=1\" alt=\"\" width=\"720\" height=\"401\" srcset=\"https:\/\/i0.wp.com\/cdnoticias.com\/wp-content\/uploads\/2023\/04\/LUJAN-03.jpg?w=720&amp;ssl=1 720w, https:\/\/i0.wp.com\/cdnoticias.com\/wp-content\/uploads\/2023\/04\/LUJAN-03.jpg?resize=300%2C167&amp;ssl=1 300w\" sizes=\"auto, (max-width: 720px) 100vw, 720px\" \/><\/p>\n<p>&nbsp;<\/p>\n<p><strong>Por la 7ma secci\u00f3n estuvo presente Mar\u00eda Luj\u00e1n Rodr\u00edguez<\/strong>, referente seccional del espacio pol\u00edtico. Adem\u00e1s, asistieron integrantes de Azul (del Multiespacio Don Cipriano), Bol\u00edvar, Saladillo y 25 de Mayo.<\/p>\n<p>&nbsp;<\/p>\n<p>&#8220;Cada una de nosotras conoce las necesidades de nuestros distritos y de nuestros vecinos y vecinas, y es por eso que <strong>sentimos la misma vocaci\u00f3n de transformar la realidad de nuestras regiones y sabemos que lo vamos a lograr dando todas las batallas que haya que dar<\/strong>\u201d dijo la olavarriense.<\/p>\n<p>&nbsp;<\/p>\n<p><img data-recalc-dims=\"1\" loading=\"lazy\" decoding=\"async\" class=\"aligncenter wp-image-81582 size-full\" src=\"https:\/\/i0.wp.com\/cdnoticias.com\/wp-content\/uploads\/2023\/04\/LUJAN-01.jpg?resize=720%2C401&#038;ssl=1\" alt=\"\" width=\"720\" height=\"401\" srcset=\"https:\/\/i0.wp.com\/cdnoticias.com\/wp-content\/uploads\/2023\/04\/LUJAN-01.jpg?w=720&amp;ssl=1 720w, https:\/\/i0.wp.com\/cdnoticias.com\/wp-content\/uploads\/2023\/04\/LUJAN-01.jpg?resize=300%2C167&amp;ssl=1 300w\" sizes=\"auto, (max-width: 720px) 100vw, 720px\" \/><\/p>\n<p>&nbsp;<\/p>\n<p>Se definieron como \u201cun <strong>gran colectivo de mujeres que tiene marcado a fuego en el coraz\u00f3n el legado de Evita<\/strong> y estamos convencidas de que nos une el mismo deseo de trabajar siempre por el bienestar de nuestro pueblo\u201d.<\/p>\n<p>&nbsp;<\/p>\n","protected":false},"excerpt":{"rendered":"<p>Se reunieron representantes de las ocho secciones electorales de la provincia. El espacio es conducido por Victoria Tolosa Paz y<\/p>\n","protected":false},"author":4,"featured_media":81580,"comment_status":"closed","ping_status":"closed","sticky":false,"template":"","format":"standard","meta":{"_jetpack_memberships_contains_paid_content":false,"footnotes":""},"categories":[4,1],"tags":[],"class_list":["post-81579","post","type-post","status-publish","format-standard","has-post-thumbnail","hentry","category-politica","category-portada"],"jetpack_featured_media_url":"https:\/\/i0.wp.com\/cdnoticias.com\/wp-content\/uploads\/2023\/04\/LUJAN-02.jpg?fit=720%2C400&ssl=1","jetpack_sharing_enabled":true,"_links":{"self":[{"href":"https:\/\/cdnoticias.com\/index.php\/wp-json\/wp\/v2\/posts\/81579","targetHints":{"allow":["GET"]}}],"collection":[{"href":"https:\/\/cdnoticias.com\/index.php\/wp-json\/wp\/v2\/posts"}],"about":[{"href":"https:\/\/cdnoticias.com\/index.php\/wp-json\/wp\/v2\/types\/post"}],"author":[{"embeddable":true,"href":"https:\/\/cdnoticias.com\/index.php\/wp-json\/wp\/v2\/users\/4"}],"replies":[{"embeddable":true,"href":"https:\/\/cdnoticias.com\/index.php\/wp-json\/wp\/v2\/comments?post=81579"}],"version-history":[{"count":0,"href":"https:\/\/cdnoticias.com\/index.php\/wp-json\/wp\/v2\/posts\/81579\/revisions"}],"wp:featuredmedia":[{"embeddable":true,"href":"https:\/\/cdnoticias.com\/index.php\/wp-json\/wp\/v2\/media\/81580"}],"wp:attachment":[{"href":"https:\/\/cdnoticias.com\/index.php\/wp-json\/wp\/v2\/media?parent=81579"}],"wp:term":[{"taxonomy":"category","embeddable":true,"href":"https:\/\/cdnoticias.com\/index.php\/wp-json\/wp\/v2\/categories?post=81579"},{"taxonomy":"post_tag","embeddable":true,"href":"https:\/\/cdnoticias.com\/index.php\/wp-json\/wp\/v2\/tags?post=81579"}],"curies":[{"name":"wp","href":"https:\/\/api.w.org\/{rel}","templated":true}]}}