{"id":81547,"date":"2023-04-05T08:28:11","date_gmt":"2023-04-05T11:28:11","guid":{"rendered":"https:\/\/www.centraldenoticias.com.ar\/?p=81547"},"modified":"2023-04-05T08:28:11","modified_gmt":"2023-04-05T11:28:11","slug":"renovacion-de-las-autoridades-en-la-sociedad-rural-de-olavarria","status":"publish","type":"post","link":"https:\/\/cdnoticias.com\/index.php\/2023\/04\/05\/renovacion-de-las-autoridades-en-la-sociedad-rural-de-olavarria\/","title":{"rendered":"Renovaci\u00f3n de las autoridades en la Sociedad Rural de Olavarr\u00eda"},"content":{"rendered":"<p>El viernes pasado se llev\u00f3 a cabo la Asamblea General de la instituci\u00f3n. Se realiz\u00f3 el balance del ejercicio anterior y se form\u00f3 la comisi\u00f3n directiva que mantiene a Eduardo Alem como Presidente y Daniel Ay\u00e7aguer como Vice-presidente.<!--more--><\/p>\n<hr \/>\n<p>El viernes 31 de marzo<strong> se realiz\u00f3 la Asamblea General Ordinaria de la Sociedad Rural de Olavarr\u00eda<\/strong>. En esta oportunidad, se consideraron la memoria y balance del ejercicio cerrado el 31 de diciembre de 2022 y <strong>se form\u00f3 la nueva Comisi\u00f3n Directiva que mantiene a Eduardo Alem como Presidente y Daniel Ay\u00e7aguer como Vice-presidente<\/strong>.<\/p>\n<p>&nbsp;<\/p>\n<p>En reuni\u00f3n de Comisi\u00f3n Directiva, se hizo la distribuci\u00f3n de cargos y la formaci\u00f3n de las distintas Sub-comisiones, cada una formada por 3\/4 integrantes de Sociedad Rural de Olavarr\u00eda, que trabajan diferentes temas que afectan al sector agropecuario y a nuestra instituci\u00f3n.<\/p>\n<p>&nbsp;<\/p>\n<p>Estamos convencidos de que <strong>el camino por donde debemos canalizar nuestras inquietudes, propuestas y\/o reclamos es a trav\u00e9s de las instituciones y hemos asumido esta funci\u00f3n con responsabilidad y ganas de trabajar.<\/strong><\/p>\n<p>&nbsp;<\/p>\n<p><img data-recalc-dims=\"1\" loading=\"lazy\" decoding=\"async\" class=\"aligncenter wp-image-81549\" src=\"https:\/\/i0.wp.com\/cdnoticias.com\/wp-content\/uploads\/2023\/04\/WhatsApp-Image-2023-04-04-at-19.38.38.jpeg?resize=450%2C450&#038;ssl=1\" alt=\"\" width=\"450\" height=\"450\" srcset=\"https:\/\/i0.wp.com\/cdnoticias.com\/wp-content\/uploads\/2023\/04\/WhatsApp-Image-2023-04-04-at-19.38.38.jpeg?resize=1024%2C1024&amp;ssl=1 1024w, https:\/\/i0.wp.com\/cdnoticias.com\/wp-content\/uploads\/2023\/04\/WhatsApp-Image-2023-04-04-at-19.38.38.jpeg?resize=300%2C300&amp;ssl=1 300w, https:\/\/i0.wp.com\/cdnoticias.com\/wp-content\/uploads\/2023\/04\/WhatsApp-Image-2023-04-04-at-19.38.38.jpeg?resize=150%2C150&amp;ssl=1 150w, https:\/\/i0.wp.com\/cdnoticias.com\/wp-content\/uploads\/2023\/04\/WhatsApp-Image-2023-04-04-at-19.38.38.jpeg?resize=768%2C768&amp;ssl=1 768w, https:\/\/i0.wp.com\/cdnoticias.com\/wp-content\/uploads\/2023\/04\/WhatsApp-Image-2023-04-04-at-19.38.38.jpeg?w=1080&amp;ssl=1 1080w\" sizes=\"auto, (max-width: 450px) 100vw, 450px\" \/><\/p>\n<p>&nbsp;<\/p>\n<p><strong>La comisi\u00f3n directiva qued\u00f3 formada de la siguiente manera:<\/strong><\/p>\n<p>&nbsp;<\/p>\n<ul>\n<li>Presidente:\u00a0 Eduardo Alem<\/li>\n<li>Vice-presidente: Daniel Ay\u00e7aguer<\/li>\n<li>Secretaria:\u00a0 Alejandra Goldberg<\/li>\n<li>Pro-secretario:\u00a0 Anselmo Fioroni<\/li>\n<li>Tesorera:\u00a0 Ana Mar\u00eda Peroggi<\/li>\n<li>Pro-tesorero:\u00a0 Lisandro Falabella<\/li>\n<\/ul>\n<ul>\n<li>\u00a0Vocales titulares:<\/li>\n<\/ul>\n<p>Jos\u00e9 Mar\u00eda Ortiz<\/p>\n<p>Paulo Minoletti<\/p>\n<p>Fernando Paladino<\/p>\n<p>Matias Iturralde<\/p>\n<p>Alberto Huarte<\/p>\n<p>Federico Gonzalez<\/p>\n<p>&nbsp;<\/p>\n<ul>\n<li>Vocales Suplentes:<\/li>\n<\/ul>\n<p>Sebasti\u00e1n Matrella<\/p>\n<p>Fernando Luis<\/p>\n<p>Eduardo Dumois<\/p>\n<p>Mariano Laborde<\/p>\n<p>Edgardo Otamendi<\/p>\n<p>&nbsp;<\/p>\n<ul>\n<li>Revisor de cuentas titulares:<\/li>\n<\/ul>\n<p>Ezequiel Hourcade<\/p>\n<p>Adolfo Goldberg<\/p>\n<p>Marcelo Gonz\u00e1lez<\/p>\n<p>&nbsp;<\/p>\n<ul>\n<li>Revisor de cuentas suplentes:<\/li>\n<\/ul>\n<p>Ricardo Hoffmann<\/p>\n<p>Hugo Di Salvo<\/p>\n<p>Gerente: Alberto O. Zulaica<\/p>\n","protected":false},"excerpt":{"rendered":"<p>El viernes pasado se llev\u00f3 a cabo la Asamblea General de la instituci\u00f3n. Se realiz\u00f3 el balance del ejercicio anterior<\/p>\n","protected":false},"author":4,"featured_media":81548,"comment_status":"closed","ping_status":"closed","sticky":false,"template":"","format":"standard","meta":{"_jetpack_memberships_contains_paid_content":false,"footnotes":""},"categories":[5,1],"tags":[],"class_list":["post-81547","post","type-post","status-publish","format-standard","has-post-thumbnail","hentry","category-informacion-general","category-portada"],"jetpack_featured_media_url":"https:\/\/i0.wp.com\/cdnoticias.com\/wp-content\/uploads\/2023\/04\/reunion-comision-directiva.jpg?fit=1600%2C890&ssl=1","jetpack_sharing_enabled":true,"_links":{"self":[{"href":"https:\/\/cdnoticias.com\/index.php\/wp-json\/wp\/v2\/posts\/81547","targetHints":{"allow":["GET"]}}],"collection":[{"href":"https:\/\/cdnoticias.com\/index.php\/wp-json\/wp\/v2\/posts"}],"about":[{"href":"https:\/\/cdnoticias.com\/index.php\/wp-json\/wp\/v2\/types\/post"}],"author":[{"embeddable":true,"href":"https:\/\/cdnoticias.com\/index.php\/wp-json\/wp\/v2\/users\/4"}],"replies":[{"embeddable":true,"href":"https:\/\/cdnoticias.com\/index.php\/wp-json\/wp\/v2\/comments?post=81547"}],"version-history":[{"count":0,"href":"https:\/\/cdnoticias.com\/index.php\/wp-json\/wp\/v2\/posts\/81547\/revisions"}],"wp:featuredmedia":[{"embeddable":true,"href":"https:\/\/cdnoticias.com\/index.php\/wp-json\/wp\/v2\/media\/81548"}],"wp:attachment":[{"href":"https:\/\/cdnoticias.com\/index.php\/wp-json\/wp\/v2\/media?parent=81547"}],"wp:term":[{"taxonomy":"category","embeddable":true,"href":"https:\/\/cdnoticias.com\/index.php\/wp-json\/wp\/v2\/categories?post=81547"},{"taxonomy":"post_tag","embeddable":true,"href":"https:\/\/cdnoticias.com\/index.php\/wp-json\/wp\/v2\/tags?post=81547"}],"curies":[{"name":"wp","href":"https:\/\/api.w.org\/{rel}","templated":true}]}}