{"id":81487,"date":"2023-04-07T17:23:58","date_gmt":"2023-04-07T20:23:58","guid":{"rendered":"https:\/\/www.centraldenoticias.com.ar\/?p=81487"},"modified":"2023-04-07T17:26:20","modified_gmt":"2023-04-07T20:26:20","slug":"estamos-viendo-con-preocupacion-el-incremento-de-las-conductas-suicidas","status":"publish","type":"post","link":"https:\/\/cdnoticias.com\/index.php\/2023\/04\/07\/estamos-viendo-con-preocupacion-el-incremento-de-las-conductas-suicidas\/","title":{"rendered":"&#8220;Estamos viendo con preocupaci\u00f3n el incremento de las conductas suicidas&#8221;"},"content":{"rendered":"<p>Lo expres\u00f3 la diputada Alejandra Lord\u00e9n (UCR &#8211; JxC) quien present\u00f3 en la C\u00e1mara de Diputados de la Provincia de Buenos Aires el proyecto de modificaci\u00f3n de la ley 14.991 de adhesi\u00f3n a la Ley Nacional 27.130 de Prevenci\u00f3n del Suicidio.<!--more--><\/p>\n<hr \/>\n<p>Esta semana la <strong>diputada Alejandra Lord\u00e9n<\/strong> (UCR &#8211; JxC) present\u00f3 en la C\u00e1mara de Diputados de la Provincia de Buenos Aires el<strong> proyecto de modificaci\u00f3n de la ley 14.991 de adhesi\u00f3n a la Ley Nacional 27.130, de Prevenci\u00f3n del Suicidio.<\/strong><\/p>\n<p>&nbsp;<\/p>\n<blockquote><p>La diputada saladillense Alejandra Lord\u00e9n, miembro de la Comisi\u00f3n de Salud de la C\u00e1mara baja, destac\u00f3: \u201cEn las recorridas por los distintos municipios estamos viendo con preocupaci\u00f3n el incremento de las conductas suicidas, es por eso que, con los equipos t\u00e9cnicos de salud del partido, la Fundaci\u00f3n Poder y los servicios de salud trabajamos en este proyecto con el objetivo de disminuir la prevalencia y la incidencia de estas conductas\u201d<strong>.<\/strong><\/p><\/blockquote>\n<p>&nbsp;<\/p>\n<p>&#8220;Con el objetivo de dotar a los trabajadores de la salud, a las fuerzas de seguridad, al sistema educativo, los medios de comunicaci\u00f3n y la sociedad civil de herramientas para <strong>detectar la conducta suicida y saber c\u00f3mo actuar<\/strong>, el proyecto busca sensibilizar y eliminar los estigmas para generar v\u00ednculos saludables y abordar de manera comunitaria esta problem\u00e1tica&#8221; se indic\u00f3.<\/p>\n<p>&nbsp;<\/p>\n<p>En varios municipios de la Provincia se han aplicado <strong>ordenanzas municipales c<\/strong>on estrategias locales de <strong>prevenci\u00f3n del suicidio<\/strong>, siendo un antecedente para establecer una estrategia provincial para el monitoreo y la evaluaci\u00f3n de las pol\u00edticas de prevenci\u00f3n y el trabajo coordinado para cumplir con lo establecido por la Ley Nacional 27.130.<\/p>\n<p>&nbsp;<\/p>\n<p>En la confecci\u00f3n del proyecto de ley particip\u00f3 el <strong>ex Director Nacional de Salud Mental Luciano Grasso<\/strong>, actual vicepresidente del Sistema Integrado de Salud P\u00fablica de Tandil y coordinador de la Estrategia Local que se lleva adelante en la ciudad serrana.<\/p>\n<p>&nbsp;<\/p>\n<p>El psic\u00f3logo explic\u00f3 que <em>\u201ctodas las recomendaciones a nivel internacional van en consonancia con lo establecido en la Ley Nacional de Prevenci\u00f3n del Suicidio en torno a la creaci\u00f3n de estrategias integrales de prevenci\u00f3n. Para ello debemos desarrollar estrategias locales, como lo hemos hecho en Tandil y otros distritos a trav\u00e9s de ordenanzas municipales; pero tambi\u00e9n es necesario que la Provincia de Buenos Aires tenga su propia ley que no solo adhiera a la ley nacional, sino que defina ejes y acciones concretas para abordar la tem\u00e1tica; por lo cual es de suma importancia el proyecto presentado por la diputada Lord\u00e9n\u201d.<\/em><\/p>\n<p>&nbsp;<\/p>\n<p>&nbsp;<\/p>\n","protected":false},"excerpt":{"rendered":"<p>Lo expres\u00f3 la diputada Alejandra Lord\u00e9n (UCR &#8211; JxC) quien present\u00f3 en la C\u00e1mara de Diputados de la Provincia de<\/p>\n","protected":false},"author":6,"featured_media":81796,"comment_status":"closed","ping_status":"closed","sticky":false,"template":"","format":"standard","meta":{"_jetpack_memberships_contains_paid_content":false,"footnotes":""},"categories":[4,1],"tags":[],"class_list":["post-81487","post","type-post","status-publish","format-standard","has-post-thumbnail","hentry","category-politica","category-portada"],"jetpack_featured_media_url":"https:\/\/i0.wp.com\/cdnoticias.com\/wp-content\/uploads\/2023\/04\/diputada-alejandra-lorden.jpeg?fit=1024%2C683&ssl=1","jetpack_sharing_enabled":true,"_links":{"self":[{"href":"https:\/\/cdnoticias.com\/index.php\/wp-json\/wp\/v2\/posts\/81487","targetHints":{"allow":["GET"]}}],"collection":[{"href":"https:\/\/cdnoticias.com\/index.php\/wp-json\/wp\/v2\/posts"}],"about":[{"href":"https:\/\/cdnoticias.com\/index.php\/wp-json\/wp\/v2\/types\/post"}],"author":[{"embeddable":true,"href":"https:\/\/cdnoticias.com\/index.php\/wp-json\/wp\/v2\/users\/6"}],"replies":[{"embeddable":true,"href":"https:\/\/cdnoticias.com\/index.php\/wp-json\/wp\/v2\/comments?post=81487"}],"version-history":[{"count":0,"href":"https:\/\/cdnoticias.com\/index.php\/wp-json\/wp\/v2\/posts\/81487\/revisions"}],"wp:featuredmedia":[{"embeddable":true,"href":"https:\/\/cdnoticias.com\/index.php\/wp-json\/wp\/v2\/media\/81796"}],"wp:attachment":[{"href":"https:\/\/cdnoticias.com\/index.php\/wp-json\/wp\/v2\/media?parent=81487"}],"wp:term":[{"taxonomy":"category","embeddable":true,"href":"https:\/\/cdnoticias.com\/index.php\/wp-json\/wp\/v2\/categories?post=81487"},{"taxonomy":"post_tag","embeddable":true,"href":"https:\/\/cdnoticias.com\/index.php\/wp-json\/wp\/v2\/tags?post=81487"}],"curies":[{"name":"wp","href":"https:\/\/api.w.org\/{rel}","templated":true}]}}