{"id":81477,"date":"2023-04-05T08:14:30","date_gmt":"2023-04-05T11:14:30","guid":{"rendered":"https:\/\/www.centraldenoticias.com.ar\/?p=81477"},"modified":"2023-04-05T08:14:30","modified_gmt":"2023-04-05T11:14:30","slug":"el-bloque-juntos-le-pidio-a-wesner-que-no-mienta","status":"publish","type":"post","link":"https:\/\/cdnoticias.com\/index.php\/2023\/04\/05\/el-bloque-juntos-le-pidio-a-wesner-que-no-mienta\/","title":{"rendered":"El bloque Juntos le pidi\u00f3 a Wesner &#8220;que no mienta&#8221;"},"content":{"rendered":"<p>Se detall\u00f3 que el proyecto sobre el subsidio para familiares de veteranos de Malvinas que fallezcan fue tratado por \u00faltima vez el pasado 20 de marzo -con ausencia de Wesner- y actualmente se esperan respuestas del Frente de Todos para continuar con su estudio.<!--more--><\/p>\n<hr \/>\n<p>El titular de ANSES y concejal del Frente de Todos, <strong>Maximiliano Wesner<\/strong>, se hizo eco este lunes de un<strong> reclamo p\u00fablico de la Agrupaci\u00f3n Veteranos de Guerra<\/strong> por el tratamiento de un proyecto de ordenanza que tiene por fin <strong>otorgar un subsidio municipal a las familias de veteranos de guerra luego de su fallecimiento.<\/strong><\/p>\n<p>&nbsp;<\/p>\n<p>Ser\u00e1 obtenido por los beneficiarios durante 6 meses o hasta que el IPS o ANSES habiliten el cobro de las pensiones correspondientes. &#8220;<em><strong>S<\/strong><strong><em>in e<\/em>mbargo, el Concejal falt\u00f3 a la verdad afirmando que \u201cel expediente duerme en Caja\u201d<\/strong><\/em>, cuando es desde su propio espacio que se ha ralentizado el tratamiento del mismo&#8221; expresaron desde el bloque Juntos.<\/p>\n<p>&nbsp;<\/p>\n<p>&#8220;El expediente fue <strong>ingresado en octubre de 2022<\/strong> y solamente fue <strong>solicitado<\/strong> para su tratamiento por parte del Frente de Todos \u2013bloque autor del proyecto- <strong>en dos ocasiones.\u00a0<\/strong>La \u00faltima de ellas fue el 20 de marzo pasado y se determin\u00f3 en la Comisi\u00f3n de Hacienda que el proyecto permanezca en caja a la espera de respuestas de los autores: el bloque Frente de Todos. Este despacho se determin\u00f3 con el voto de la totalidad de los integrantes de la comisi\u00f3n, incluyendo al bloque autor de la propuesta, y qued\u00f3 debidamente asentado en el expediente 474\/22&#8243; agregaron.<\/p>\n<p>&nbsp;<\/p>\n<p>Por \u00faltimo, desde el bloque Juntos remarcaron &#8220;<em><strong>ese 20 de marzo el concejal Wesner estuvo ausente en la Comisi\u00f3n y, dadas sus declaraciones de este lunes, desde el bloque Juntos lo instamos a repasar el trayecto del expediente que ha sido trabajado por el cuerpo deliberativo y a no mentir acerca de los motivos por lo que no se ha votado el proyecto de Ordenanza&#8221;.\u00a0<\/strong><\/em><\/p>\n<p>&nbsp;<\/p>\n","protected":false},"excerpt":{"rendered":"<p>Se detall\u00f3 que el proyecto sobre el subsidio para familiares de veteranos de Malvinas que fallezcan fue tratado por \u00faltima<\/p>\n","protected":false},"author":6,"featured_media":81478,"comment_status":"closed","ping_status":"closed","sticky":false,"template":"","format":"standard","meta":{"_jetpack_memberships_contains_paid_content":false,"footnotes":""},"categories":[4,1],"tags":[],"class_list":["post-81477","post","type-post","status-publish","format-standard","has-post-thumbnail","hentry","category-politica","category-portada"],"jetpack_featured_media_url":"https:\/\/i0.wp.com\/cdnoticias.com\/wp-content\/uploads\/2023\/04\/MG_1430-scaled.jpg?fit=2560%2C1707&ssl=1","jetpack_sharing_enabled":true,"_links":{"self":[{"href":"https:\/\/cdnoticias.com\/index.php\/wp-json\/wp\/v2\/posts\/81477","targetHints":{"allow":["GET"]}}],"collection":[{"href":"https:\/\/cdnoticias.com\/index.php\/wp-json\/wp\/v2\/posts"}],"about":[{"href":"https:\/\/cdnoticias.com\/index.php\/wp-json\/wp\/v2\/types\/post"}],"author":[{"embeddable":true,"href":"https:\/\/cdnoticias.com\/index.php\/wp-json\/wp\/v2\/users\/6"}],"replies":[{"embeddable":true,"href":"https:\/\/cdnoticias.com\/index.php\/wp-json\/wp\/v2\/comments?post=81477"}],"version-history":[{"count":0,"href":"https:\/\/cdnoticias.com\/index.php\/wp-json\/wp\/v2\/posts\/81477\/revisions"}],"wp:featuredmedia":[{"embeddable":true,"href":"https:\/\/cdnoticias.com\/index.php\/wp-json\/wp\/v2\/media\/81478"}],"wp:attachment":[{"href":"https:\/\/cdnoticias.com\/index.php\/wp-json\/wp\/v2\/media?parent=81477"}],"wp:term":[{"taxonomy":"category","embeddable":true,"href":"https:\/\/cdnoticias.com\/index.php\/wp-json\/wp\/v2\/categories?post=81477"},{"taxonomy":"post_tag","embeddable":true,"href":"https:\/\/cdnoticias.com\/index.php\/wp-json\/wp\/v2\/tags?post=81477"}],"curies":[{"name":"wp","href":"https:\/\/api.w.org\/{rel}","templated":true}]}}