{"id":81437,"date":"2023-04-03T21:36:50","date_gmt":"2023-04-04T00:36:50","guid":{"rendered":"https:\/\/www.centraldenoticias.com.ar\/?p=81437"},"modified":"2023-04-04T08:21:41","modified_gmt":"2023-04-04T11:21:41","slug":"si-todos-los-pibes-terminan-la-secundaria-estamos-construyendo-una-sociedad-mejor","status":"publish","type":"post","link":"https:\/\/cdnoticias.com\/index.php\/2023\/04\/03\/si-todos-los-pibes-terminan-la-secundaria-estamos-construyendo-una-sociedad-mejor\/","title":{"rendered":"\u201cSi todos los pibes terminan la secundaria estamos construyendo una sociedad mejor\u201d"},"content":{"rendered":"<p>Lo dijo el director de Escuelas provincial, Alberto Sileoni en Olavarr\u00eda. La inversi\u00f3n en infraestructura, en art\u00edstica, los cambios curriculares y su apoyo a eliminar la repitencia en el secundario.<\/p>\n<p><!--more--><\/p>\n<hr \/>\n<p><a href=\"https:\/\/cdnoticias.com\/index.php\/2023\/04\/03\/se-inauguro-el-edificio-de-artes-visuales-miguel-angel-galgano\/\" target=\"_blank\" rel=\"noopener\">Tras la inauguraci\u00f3n de la Escuela de Artes Visuales<\/a>,<strong> el director General de Cultura y Educaci\u00f3n de la provincia, Alberto Sileoni<\/strong>, habl\u00f3 con los medios presentes y respondi\u00f3 consultas sobre la gesti\u00f3n que lleva adelante. Hizo hincapi\u00e9 en los <strong>cambios curriculares y en la inversi\u00f3n en infraestructura escolar<\/strong>.<\/p>\n<p>&nbsp;<\/p>\n<p>\u201c<strong>La infraestructura tiene que mejorar<\/strong>. Lo estamos haciendo, pero no puedo decir que todos los chicos y chicas de la provincia tengan una escuela como esta\u201d dijo en referencia al establecimiento inaugurado.<\/p>\n<p>&nbsp;<\/p>\n<blockquote><p>Agreg\u00f3 que \u201cla decisi\u00f3n del gobernador Kicillof es muy ambiciosa. Tenemos 5.000 obras en construcci\u00f3n, hemos inaugurado ya 151 escuelas. Yo creo terminaremos el a\u00f1o con casi 200. Hemos refundado 400 escuelas, es la intervenci\u00f3n en 15 o 20 aulas, todos los sanitarios. No podemos decir que es una escuela nueva, pero es una escuela rehecha\u201d.<\/p><\/blockquote>\n<p>&nbsp;<\/p>\n<p><img data-recalc-dims=\"1\" loading=\"lazy\" decoding=\"async\" class=\"size-full wp-image-81404 aligncenter\" src=\"https:\/\/i0.wp.com\/cdnoticias.com\/wp-content\/uploads\/2023\/04\/ESCUELA-DE-ARTES-VISUALES-27.jpg?resize=800%2C448&#038;ssl=1\" alt=\"\" width=\"800\" height=\"448\" srcset=\"https:\/\/i0.wp.com\/cdnoticias.com\/wp-content\/uploads\/2023\/04\/ESCUELA-DE-ARTES-VISUALES-27.jpg?w=1000&amp;ssl=1 1000w, https:\/\/i0.wp.com\/cdnoticias.com\/wp-content\/uploads\/2023\/04\/ESCUELA-DE-ARTES-VISUALES-27.jpg?resize=300%2C168&amp;ssl=1 300w, https:\/\/i0.wp.com\/cdnoticias.com\/wp-content\/uploads\/2023\/04\/ESCUELA-DE-ARTES-VISUALES-27.jpg?resize=768%2C430&amp;ssl=1 768w\" sizes=\"auto, (max-width: 800px) 100vw, 800px\" \/><\/p>\n<p>&nbsp;<\/p>\n<p>El director de Educaci\u00f3n enfatiz\u00f3 que<strong> \u201ceste es el cuarto a\u00f1o que empiezan las clases normalmente en la Provincia<\/strong>, que tenemos un presupuesto siempre incrementado respecto de nuestro propio presupuesto, que en materia de infraestructura a valores constantes.<strong> Nuestro presupuesto de este a\u00f1o es 420% m\u00e1s alto que el de 2019\u201d.<\/strong><\/p>\n<p>&nbsp;<\/p>\n<p>Sileoni tambi\u00e9n respondi\u00f3 sobre la importancia de llegar con inversi\u00f3n a la rama art\u00edstica. \u201cAlgunos que dicen que estrat\u00e9gicamente hay que invertir en las ingenier\u00edas, en las t\u00e9cnicas. Creemos que un pa\u00eds sin ingenier\u00eda, sin nanotecnolog\u00eda, sin radares, sin ciencia, es un pa\u00eds sin destino. Ahora, nosotros le damos una vuelta a eso: <strong>necesitamos ingenieros, necesitamos cient\u00edficos, necesitamos pintores, necesitamos poetas, necesitamos todo\u201d<\/strong>.<\/p>\n<p>&nbsp;<\/p>\n<blockquote><p>Consider\u00f3 que \u201cnecesitamos muchachos y muchachas que est\u00e9n muy a gusto con lo que hacen. Por eso les reconocemos el egreso a la secundaria, porque no es solo un logro personal y familiar, es tambi\u00e9n un logro de la sociedad. Si todos los pibes terminan la secundaria estamos construyendo una sociedad mejor\u201d.<\/p><\/blockquote>\n<p>&nbsp;<\/p>\n<p><img data-recalc-dims=\"1\" loading=\"lazy\" decoding=\"async\" class=\"size-full wp-image-81395 aligncenter\" src=\"https:\/\/i0.wp.com\/cdnoticias.com\/wp-content\/uploads\/2023\/04\/ESCUELA-DE-ARTES-VISUALES-18.jpg?resize=800%2C448&#038;ssl=1\" alt=\"\" width=\"800\" height=\"448\" srcset=\"https:\/\/i0.wp.com\/cdnoticias.com\/wp-content\/uploads\/2023\/04\/ESCUELA-DE-ARTES-VISUALES-18.jpg?w=1000&amp;ssl=1 1000w, https:\/\/i0.wp.com\/cdnoticias.com\/wp-content\/uploads\/2023\/04\/ESCUELA-DE-ARTES-VISUALES-18.jpg?resize=300%2C168&amp;ssl=1 300w, https:\/\/i0.wp.com\/cdnoticias.com\/wp-content\/uploads\/2023\/04\/ESCUELA-DE-ARTES-VISUALES-18.jpg?resize=768%2C430&amp;ssl=1 768w\" sizes=\"auto, (max-width: 800px) 100vw, 800px\" \/><\/p>\n<p>&nbsp;<\/p>\n<p><strong>Cambios curriculares<\/strong><\/p>\n<p>&nbsp;<\/p>\n<p>El funcionario se refiri\u00f3 a los cambios en los dise\u00f1os curriculares que se han implementado para <strong>actualizar la educaci\u00f3n en sus distintas ramas y modalidades<\/strong>. Se refiri\u00f3 a los <strong>niveles de Inicial y Secundario<\/strong> para a\u00f1adir que \u201cestamos en estas horas alumbrando modificaciones en el r\u00e9gimen de convivencia\u201d.<\/p>\n<p>&nbsp;<\/p>\n<p>M\u00e1s adelante cont\u00f3 que \u201chemos modificado ocho <strong>profesorados de la educaci\u00f3n superior<\/strong>, hemos modificado nuestro dise\u00f1o curriculares de la <strong>educaci\u00f3n especial<\/strong>, de la <strong><a href=\"https:\/\/cdnoticias.com\/index.php\/2023\/04\/03\/un-millon-de-pesos-para-la-compra-de-materias-en-la-escuela-de-estetica\/\" target=\"_blank\" rel=\"noopener\">educaci\u00f3n art\u00edstica<\/a><\/strong>\u201d.<\/p>\n<p>&nbsp;<\/p>\n<blockquote><p>En ese marco subray\u00f3 que \u201cla escuela y la educaci\u00f3n debe actualizarse y fundamentalmente -lo venimos diciendo porque es una creencia nuestra- hay que poner en el centro a los chicos, hay que escucharlos. Nos parece que los adultos escuchamos poco a los chicos. Eso no quiere decir ser concesivos, decirle a todo que s\u00ed. Es discutir con ellos, trabajar con ellos, que formen parte. Hemos generado en secundaria un Consejo Consultivo con 50 alumnos de toda la provincia que representan, que fueron elegidos democr\u00e1ticamente\u201d.<\/p><\/blockquote>\n<p>&nbsp;<\/p>\n<p><img data-recalc-dims=\"1\" loading=\"lazy\" decoding=\"async\" class=\"size-full wp-image-81394 aligncenter\" src=\"https:\/\/i0.wp.com\/cdnoticias.com\/wp-content\/uploads\/2023\/04\/ESCUELA-DE-ARTES-VISUALES-17.jpg?resize=800%2C448&#038;ssl=1\" alt=\"\" width=\"800\" height=\"448\" srcset=\"https:\/\/i0.wp.com\/cdnoticias.com\/wp-content\/uploads\/2023\/04\/ESCUELA-DE-ARTES-VISUALES-17.jpg?w=1000&amp;ssl=1 1000w, https:\/\/i0.wp.com\/cdnoticias.com\/wp-content\/uploads\/2023\/04\/ESCUELA-DE-ARTES-VISUALES-17.jpg?resize=300%2C168&amp;ssl=1 300w, https:\/\/i0.wp.com\/cdnoticias.com\/wp-content\/uploads\/2023\/04\/ESCUELA-DE-ARTES-VISUALES-17.jpg?resize=768%2C430&amp;ssl=1 768w\" sizes=\"auto, (max-width: 800px) 100vw, 800px\" \/><\/p>\n<p>&nbsp;<\/p>\n<p><strong>El debate por la repitencia<\/strong><\/p>\n<p>&nbsp;<\/p>\n<p>Hace unos meses, se lanz\u00f3 la<strong> propuesta de eliminar la repitencia en la educaci\u00f3n bonaerense<\/strong>. Cosech\u00f3 muchas cr\u00edticas, pero el titular de Educaci\u00f3n provincial <strong>defendi\u00f3 la iniciativa<\/strong> al tiempo que aclar\u00f3 que no ser\u00e1 implementada en el corto plazo.<\/p>\n<p>&nbsp;<\/p>\n<p>\u201cAm\u00e9rica Latina es la \u00fanica regi\u00f3n del mundo, probablemente \u00c1frica tambi\u00e9n, donde persiste la repitencia. El mundo se fue de la repitencia. <strong>La repitencia en nuestro sistema educativo tiene 100 a\u00f1os\u201d<\/strong> dijo para plantear qu<strong>e \u201cpodr\u00eda haber m\u00e1s posibilidades con otros sistemas de promoci\u00f3n\u201d<\/strong>. M\u00e1s adelante afirm\u00f3 que nueve provincias eliminaron la repitencia y que tambi\u00e9n lo hicieron pa\u00edses como Chile, Uruguay y Paraguay.<\/p>\n<p>&nbsp;<\/p>\n<blockquote><p>Alberto Sileoni expuso como ejemplo que \u201cun chico que cursa 12 materias, aprueba 9 y reprueba 3. Lo hacemos perder un a\u00f1o, es mucho eso. Aprob\u00f3 el 75%. Nosotros decimos: reconozcamos esos saberes, reconozcamos que hay otros modos de andar por el sistema educativo. Nadie que vaya a la universidad dice \u00b4repet\u00ed segundo a\u00f1o de abogac\u00eda\u00b4. Hay otro tr\u00e1nsito por ah\u00ed\u201d.<\/p><\/blockquote>\n<p>&nbsp;<\/p>\n","protected":false},"excerpt":{"rendered":"<p>Lo dijo el director de Escuelas provincial, Alberto Sileoni en Olavarr\u00eda. La inversi\u00f3n en infraestructura, en art\u00edstica, los cambios curriculares<\/p>\n","protected":false},"author":4,"featured_media":81403,"comment_status":"closed","ping_status":"closed","sticky":false,"template":"","format":"standard","meta":{"_jetpack_memberships_contains_paid_content":false,"footnotes":""},"categories":[5,1],"tags":[],"class_list":["post-81437","post","type-post","status-publish","format-standard","has-post-thumbnail","hentry","category-informacion-general","category-portada"],"jetpack_featured_media_url":"https:\/\/i0.wp.com\/cdnoticias.com\/wp-content\/uploads\/2023\/04\/ESCUELA-DE-ARTES-VISUALES-26.jpg?fit=1000%2C560&ssl=1","jetpack_sharing_enabled":true,"_links":{"self":[{"href":"https:\/\/cdnoticias.com\/index.php\/wp-json\/wp\/v2\/posts\/81437","targetHints":{"allow":["GET"]}}],"collection":[{"href":"https:\/\/cdnoticias.com\/index.php\/wp-json\/wp\/v2\/posts"}],"about":[{"href":"https:\/\/cdnoticias.com\/index.php\/wp-json\/wp\/v2\/types\/post"}],"author":[{"embeddable":true,"href":"https:\/\/cdnoticias.com\/index.php\/wp-json\/wp\/v2\/users\/4"}],"replies":[{"embeddable":true,"href":"https:\/\/cdnoticias.com\/index.php\/wp-json\/wp\/v2\/comments?post=81437"}],"version-history":[{"count":0,"href":"https:\/\/cdnoticias.com\/index.php\/wp-json\/wp\/v2\/posts\/81437\/revisions"}],"wp:featuredmedia":[{"embeddable":true,"href":"https:\/\/cdnoticias.com\/index.php\/wp-json\/wp\/v2\/media\/81403"}],"wp:attachment":[{"href":"https:\/\/cdnoticias.com\/index.php\/wp-json\/wp\/v2\/media?parent=81437"}],"wp:term":[{"taxonomy":"category","embeddable":true,"href":"https:\/\/cdnoticias.com\/index.php\/wp-json\/wp\/v2\/categories?post=81437"},{"taxonomy":"post_tag","embeddable":true,"href":"https:\/\/cdnoticias.com\/index.php\/wp-json\/wp\/v2\/tags?post=81437"}],"curies":[{"name":"wp","href":"https:\/\/api.w.org\/{rel}","templated":true}]}}