{"id":81432,"date":"2023-04-03T21:05:23","date_gmt":"2023-04-04T00:05:23","guid":{"rendered":"https:\/\/www.centraldenoticias.com.ar\/?p=81432"},"modified":"2023-04-03T21:05:23","modified_gmt":"2023-04-04T00:05:23","slug":"maria-luisa-schroh-q-e-p-d","status":"publish","type":"post","link":"https:\/\/cdnoticias.com\/index.php\/2023\/04\/03\/maria-luisa-schroh-q-e-p-d\/","title":{"rendered":"Mar\u00eda Luisa Schroh (Q.E.P.D.)"},"content":{"rendered":"<p>&nbsp;<\/p>\n<p>Falleci\u00f3 en Buenos Aires el d\u00eda 3 de abril de 2023 a los 81 a\u00f1os de edad.<\/p>\n<p>&nbsp;<\/p>\n<p>Sus hijos N\u00e9stor Fabi\u00e1n y Jorge Luis Andes. Sus hijas pol\u00edticas Viviana Gonz\u00e1lez y Laura Salguero. Sus nietos Emiliano, Aldana, Luciano, Yanina y Javier Andes. Sus nietos en el afecto Martina, Bruno, Marianela y Franco Diez; y Familia. Su nieta pol\u00edtica Marianela Tarantola. Sus sobrinos y dem\u00e1s deudos participan su fallecimiento.<\/p>\n<p>&nbsp;<\/p>\n<p>Velatorio: Espa\u00f1a 2942 departamento &#8221;D&#8221; el martes 4 de 7 a 13 hs. Responso: Capilla ardiente. Cremaci\u00f3n: Crematorio Pinos de Paz, en d\u00eda a confirmar. Servicio adherido a Coopelectric.<\/p>\n<p>&nbsp;<\/p>\n<p>Barrio en el que viv\u00eda: PYM<\/p>\n<p>&nbsp;<\/p>\n<p>Lugar de nacimiento: Coronel Su\u00e1rez<\/p>\n<p>&nbsp;<\/p>\n<p>Actividad que desarrollaba: Jubilada empleada dom\u00e9stica. Colaboradora de Caritas Monte Viggiano y Parroquia San Francisco de As\u00eds.<\/p>\n<p>&nbsp;<\/p>\n","protected":false},"excerpt":{"rendered":"<p>&nbsp; Falleci\u00f3 en Buenos Aires el d\u00eda 3 de abril de 2023 a los 81 a\u00f1os de edad. &nbsp; Sus<\/p>\n","protected":false},"author":4,"featured_media":51544,"comment_status":"closed","ping_status":"closed","sticky":false,"template":"","format":"standard","meta":{"_jetpack_memberships_contains_paid_content":false,"footnotes":""},"categories":[10],"tags":[],"class_list":["post-81432","post","type-post","status-publish","format-standard","has-post-thumbnail","hentry","category-necrologicas"],"jetpack_featured_media_url":"https:\/\/i0.wp.com\/cdnoticias.com\/wp-content\/uploads\/2022\/04\/necrologicas-390-x-240.jpg?fit=390%2C240&ssl=1","jetpack_sharing_enabled":true,"_links":{"self":[{"href":"https:\/\/cdnoticias.com\/index.php\/wp-json\/wp\/v2\/posts\/81432","targetHints":{"allow":["GET"]}}],"collection":[{"href":"https:\/\/cdnoticias.com\/index.php\/wp-json\/wp\/v2\/posts"}],"about":[{"href":"https:\/\/cdnoticias.com\/index.php\/wp-json\/wp\/v2\/types\/post"}],"author":[{"embeddable":true,"href":"https:\/\/cdnoticias.com\/index.php\/wp-json\/wp\/v2\/users\/4"}],"replies":[{"embeddable":true,"href":"https:\/\/cdnoticias.com\/index.php\/wp-json\/wp\/v2\/comments?post=81432"}],"version-history":[{"count":0,"href":"https:\/\/cdnoticias.com\/index.php\/wp-json\/wp\/v2\/posts\/81432\/revisions"}],"wp:featuredmedia":[{"embeddable":true,"href":"https:\/\/cdnoticias.com\/index.php\/wp-json\/wp\/v2\/media\/51544"}],"wp:attachment":[{"href":"https:\/\/cdnoticias.com\/index.php\/wp-json\/wp\/v2\/media?parent=81432"}],"wp:term":[{"taxonomy":"category","embeddable":true,"href":"https:\/\/cdnoticias.com\/index.php\/wp-json\/wp\/v2\/categories?post=81432"},{"taxonomy":"post_tag","embeddable":true,"href":"https:\/\/cdnoticias.com\/index.php\/wp-json\/wp\/v2\/tags?post=81432"}],"curies":[{"name":"wp","href":"https:\/\/api.w.org\/{rel}","templated":true}]}}