{"id":814,"date":"2020-09-04T20:32:29","date_gmt":"2020-09-04T23:32:29","guid":{"rendered":"http:\/\/www.centraldenoticias.com.ar\/?p=814"},"modified":"2020-09-04T20:32:29","modified_gmt":"2020-09-04T23:32:29","slug":"brote-de-casos-sigue-creciendo-el-contagio-en-la-region","status":"publish","type":"post","link":"https:\/\/cdnoticias.com\/index.php\/2020\/09\/04\/brote-de-casos-sigue-creciendo-el-contagio-en-la-region\/","title":{"rendered":"Brote de casos: Sigue creciendo el contagio en la regi\u00f3n"},"content":{"rendered":"<p>El n\u00famero de casos positivos no se detiene en el centro bonaerense. Olavarr\u00eda volvi\u00f3 a registrar casos, una tendencia que se reiter\u00f3 tambi\u00e9n en distritos vecinos como Laprida, Azul y General Alvear.<\/p>\n<hr \/>\n<p>&nbsp;<\/p>\n<p><a href=\"https:\/\/cdnoticias.com\/index.php\/2020\/09\/04\/pico-de-positivos-y-alarma-36-nuevos-casos-de-covid-19-en-olavarria\/\">Olavarr\u00eda volvi\u00f3 a registrar un importante incremento de casos de coronavirus<\/a>, lo que plantea el interrogante acerca de en qu\u00e9 fase comenzar\u00e1 la ciudad la semana pr\u00f3xima.<strong> Las preguntas acerca de permisos y excepciones alcanzan tambi\u00e9n a otros distritos vecinos teniendo en cuenta que el incremento de contagios se da en toda la regi\u00f3n.<\/strong><\/p>\n<p>&nbsp;<\/p>\n<p>Por s\u00f3lo citar algunos ejemplos, lo m\u00e1s cercanos, <a href=\"https:\/\/cdnoticias.com\/index.php\/2020\/09\/04\/azul-con-106-casos-los-proximos-dias-van-a-ser-relevantes-para-el-sistema-de-salud\/\">Azul confirm\u00f3 una nueva muerte y que el n\u00famero de casos activos ya supera el centenar<\/a>. Laprida, por su parte, el n\u00famero ya asciende por encima de los 80 y su intendente este viernes encabez\u00f3 una conferencia en la que suplic\u00f3 por la responsabilidad y solidaridad de sus vecinos y plante\u00f3 sin mayores rodeos que <a href=\"https:\/\/cdnoticias.com\/index.php\/2020\/09\/04\/el-intendente-de-laprida-advirtio-que-el-sistema-de-salud-esta-a-punto-de-colapsar\/\">el sistema \u201cse encuentra al borde del colapso\u201d<\/a>.<\/p>\n<p>&nbsp;<\/p>\n<p>Como lo hacemos cada noche te ofrecemos dos mapas interactivos para que conozcas la situaci\u00f3n de la regi\u00f3n.<\/p>\n<p>&nbsp;<\/p>\n<p><em><strong>Regi\u00f3n sanitaria<\/strong><\/em><\/p>\n<p>&nbsp;<\/p>\n<p>Sin dudas es uno de los aspectos a seguir m\u00e1s de cerca. Olavarr\u00eda, junto a una decena de municipios del centro bonaerense, integra la Regi\u00f3n IX. El crecimiento de casos que se ha dado en la regi\u00f3n impone que se le preste atenci\u00f3n a esta sectorizaci\u00f3n ya que a partir de all\u00ed depende en gran punto la disponibilidad de camas en el Hospital Municipal, ya que suele recibir pacientes de distritos vecinos, tal cual sucede actualmente con Laprida.<\/p>\n<p>&nbsp;<\/p>\n<p><iframe style=\"width: 100%; height: 600px;\" src=\"https:\/\/flo.uri.sh\/visualisation\/3367372\/embed\" frameborder=\"0\" scrolling=\"no\" aria-label=\"\"><\/iframe><\/p>\n<div style=\"width: 100%!; margin-top: 4px!important; text-align: right!important;\"><a class=\"flourish-credit\" style=\"text-decoration: none!important;\" href=\"https:\/\/public.flourish.studio\/visualisation\/3367372\/?utm_source=embed&amp;utm_campaign=visualisation\/3367372\" target=\"_top\"><img decoding=\"async\" style=\"width: 105px!important; height: 16px!important; border: none!important; margin: 0!important;\" src=\"https:\/\/public.flourish.studio\/resources\/made_with_flourish.svg\" alt=\"Made with Flourish\" \/> <\/a><\/div>\n<p>&nbsp;<\/p>\n<p>Tanto el intendente Ezequiel Galli como el responsable de Regi\u00f3n Sanitaria, el doctor Ramiro Borzi, fueron contundentes en expresar que se recibir\u00e1n pacientes de ciudades vecinas en el marco de la pandemia contra el coronavirus.<\/p>\n<p>&nbsp;<\/p>\n<p><em><strong>Regi\u00f3n electoral<\/strong><\/em><\/p>\n<p>&nbsp;<\/p>\n<p>El mapa bonaerense tambi\u00e9n est\u00e1 distribuido en sectores en materia pol\u00edtica. En este caso Olavarr\u00eda integra la regi\u00f3n s\u00e9ptima, una zona con varias ciudades en com\u00fan a la Regi\u00f3n Sanitaria, pero a la que tambi\u00e9n se a\u00f1aden distritos algo m\u00e1s lejanos, como el caso de Roque P\u00e9rez o 25 de Mayo.<\/p>\n<p>&nbsp;<\/p>\n<p><iframe style=\"width: 100%; height: 600px;\" src=\"https:\/\/flo.uri.sh\/visualisation\/3331518\/embed\" frameborder=\"0\" scrolling=\"no\" aria-label=\"\"><\/iframe><\/p>\n<div style=\"width: 100%!; margin-top: 4px!important; text-align: right!important;\"><a class=\"flourish-credit\" style=\"text-decoration: none!important;\" href=\"https:\/\/public.flourish.studio\/visualisation\/3331518\/?utm_source=embed&amp;utm_campaign=visualisation\/3331518\" target=\"_top\"><img decoding=\"async\" style=\"width: 105px!important; height: 16px!important; border: none!important; margin: 0!important;\" src=\"https:\/\/public.flourish.studio\/resources\/made_with_flourish.svg\" alt=\"Made with Flourish\" \/> <\/a><\/div>\n<p>&nbsp;<\/p>\n<p>Para agrado o enfado de unos y otros, la pandemia ha sido tambi\u00e9n materia de la discusi\u00f3n pol\u00edtica y por eso no es menor seguir de cerca qu\u00e9 va sucediendo en cada distrito.<\/p>\n","protected":false},"excerpt":{"rendered":"<p>El n\u00famero de casos positivos no se detiene en el centro bonaerense. Olavarr\u00eda volvi\u00f3 a registrar casos, una tendencia que<\/p>\n","protected":false},"author":3,"featured_media":0,"comment_status":"closed","ping_status":"closed","sticky":false,"template":"","format":"standard","meta":{"_jetpack_memberships_contains_paid_content":false,"footnotes":""},"categories":[5,1],"tags":[],"class_list":["post-814","post","type-post","status-publish","format-standard","hentry","category-informacion-general","category-portada"],"jetpack_featured_media_url":"","jetpack_sharing_enabled":true,"_links":{"self":[{"href":"https:\/\/cdnoticias.com\/index.php\/wp-json\/wp\/v2\/posts\/814","targetHints":{"allow":["GET"]}}],"collection":[{"href":"https:\/\/cdnoticias.com\/index.php\/wp-json\/wp\/v2\/posts"}],"about":[{"href":"https:\/\/cdnoticias.com\/index.php\/wp-json\/wp\/v2\/types\/post"}],"author":[{"embeddable":true,"href":"https:\/\/cdnoticias.com\/index.php\/wp-json\/wp\/v2\/users\/3"}],"replies":[{"embeddable":true,"href":"https:\/\/cdnoticias.com\/index.php\/wp-json\/wp\/v2\/comments?post=814"}],"version-history":[{"count":0,"href":"https:\/\/cdnoticias.com\/index.php\/wp-json\/wp\/v2\/posts\/814\/revisions"}],"wp:attachment":[{"href":"https:\/\/cdnoticias.com\/index.php\/wp-json\/wp\/v2\/media?parent=814"}],"wp:term":[{"taxonomy":"category","embeddable":true,"href":"https:\/\/cdnoticias.com\/index.php\/wp-json\/wp\/v2\/categories?post=814"},{"taxonomy":"post_tag","embeddable":true,"href":"https:\/\/cdnoticias.com\/index.php\/wp-json\/wp\/v2\/tags?post=814"}],"curies":[{"name":"wp","href":"https:\/\/api.w.org\/{rel}","templated":true}]}}