{"id":81364,"date":"2023-04-05T16:41:39","date_gmt":"2023-04-05T19:41:39","guid":{"rendered":"https:\/\/www.centraldenoticias.com.ar\/?p=81364"},"modified":"2023-04-05T16:41:39","modified_gmt":"2023-04-05T19:41:39","slug":"sociales-ofrecera-el-taller-coberturas-periodisticas-y-punitivismo","status":"publish","type":"post","link":"https:\/\/cdnoticias.com\/index.php\/2023\/04\/05\/sociales-ofrecera-el-taller-coberturas-periodisticas-y-punitivismo\/","title":{"rendered":"Sociales ofrecer\u00e1 el taller &#8220;Coberturas period\u00edsticas y punitivismo&#8221;"},"content":{"rendered":"<p>La propuesta comienza el 21 de abril y est\u00e1 destinada a profesionales de la comunicaci\u00f3n y la abogac\u00eda, periodistas, docentes y estudiantes.<!--more--><\/p>\n<hr \/>\n<p>La <strong>Facultad de Ciencias Sociales<\/strong> ofrecer\u00e1 el<strong> taller\u00a0<\/strong>&#8220;<em><strong>Coberturas period\u00edsticas y punitivismo&#8221;<\/strong><\/em>, una propuesta especializada en Derecho Penal y de la Ejecuci\u00f3n Penal, desde una perspectiva de protecci\u00f3n y defensa de los Derechos Humanos y con orientaci\u00f3n antipunitivista.<\/p>\n<p>&nbsp;<\/p>\n<p>Estar\u00e1 a cargo de la <strong>Dra. Claudia Cesaroni,<\/strong> abogada, mag\u00edster en Criminolog\u00eda, docente y autora de los libros <em><strong>&#8220;La vida como castigo&#8221;, &#8220;Masacre en el Pabell\u00f3n S\u00e9ptimo&#8221;, &#8220;Un partido sin pap\u00e1&#8221;<\/strong> <\/em>y <em><strong>&#8220;Contra el Punitivismo&#8221;,<\/strong><\/em> entre otros.<\/p>\n<p>&nbsp;<\/p>\n<p>Se trabajar\u00e1 a lo largo de <strong>tres encuentros,<\/strong> sobre<strong> casos reales<\/strong> para analizar conceptos jur\u00eddicos b\u00e1sicos vinculados al sistema penal. La propuesta est\u00e1 destinada a <strong>estudiantes y docentes de Comunicaci\u00f3n Social y Periodismo, periodistas, profesionales de la comunicaci\u00f3n, abogados\/as, y p\u00fablico en general interesado en la tem\u00e1tica.<\/strong><\/p>\n<p>&nbsp;<\/p>\n<p>Los\/as interesados\/as en inscribirse deber\u00e1n <strong>completar el formulario<\/strong> que se encuentra <a href=\"https:\/\/docs.google.com\/forms\/d\/e\/1FAIpQLSfwteyCwhfQEwQMl7XcQuORgjcTmbu8v8M1FV058l6e-41oIw\/viewform\" target=\"_blank\" rel=\"noopener\">disponible aqu\u00ed.<\/a> Por consultas podr\u00e1n contactarse al correo cursos@virtual.soc.unicen.edu.ar<\/p>\n<p>&nbsp;<\/p>\n<p><img data-recalc-dims=\"1\" loading=\"lazy\" decoding=\"async\" class=\"aligncenter wp-image-81366 size-full\" src=\"https:\/\/i0.wp.com\/cdnoticias.com\/wp-content\/uploads\/2023\/04\/Taller-Coberturas-periodisticas-y-punitivismo-Olavarria.png?resize=800%2C800&#038;ssl=1\" alt=\"\" width=\"800\" height=\"800\" srcset=\"https:\/\/i0.wp.com\/cdnoticias.com\/wp-content\/uploads\/2023\/04\/Taller-Coberturas-periodisticas-y-punitivismo-Olavarria.png?w=2083&amp;ssl=1 2083w, https:\/\/i0.wp.com\/cdnoticias.com\/wp-content\/uploads\/2023\/04\/Taller-Coberturas-periodisticas-y-punitivismo-Olavarria.png?resize=300%2C300&amp;ssl=1 300w, https:\/\/i0.wp.com\/cdnoticias.com\/wp-content\/uploads\/2023\/04\/Taller-Coberturas-periodisticas-y-punitivismo-Olavarria.png?resize=1024%2C1024&amp;ssl=1 1024w, https:\/\/i0.wp.com\/cdnoticias.com\/wp-content\/uploads\/2023\/04\/Taller-Coberturas-periodisticas-y-punitivismo-Olavarria.png?resize=150%2C150&amp;ssl=1 150w, https:\/\/i0.wp.com\/cdnoticias.com\/wp-content\/uploads\/2023\/04\/Taller-Coberturas-periodisticas-y-punitivismo-Olavarria.png?resize=768%2C768&amp;ssl=1 768w, https:\/\/i0.wp.com\/cdnoticias.com\/wp-content\/uploads\/2023\/04\/Taller-Coberturas-periodisticas-y-punitivismo-Olavarria.png?resize=1536%2C1536&amp;ssl=1 1536w, https:\/\/i0.wp.com\/cdnoticias.com\/wp-content\/uploads\/2023\/04\/Taller-Coberturas-periodisticas-y-punitivismo-Olavarria.png?resize=2048%2C2048&amp;ssl=1 2048w, https:\/\/i0.wp.com\/cdnoticias.com\/wp-content\/uploads\/2023\/04\/Taller-Coberturas-periodisticas-y-punitivismo-Olavarria.png?w=1600&amp;ssl=1 1600w\" sizes=\"auto, (max-width: 800px) 100vw, 800px\" \/><\/p>\n<p>&nbsp;<\/p>\n<p>El <strong>taller es sin costo<\/strong> y se ofrecer\u00e1 bajo <strong>modalidad hibrida.<\/strong> La primera clase se dictar\u00e1 en Olavarr\u00eda y en Tandil, mientras que las restantes ser\u00e1n virtuales. El primer encuentro ser\u00e1 en Tandil, el jueves 20 de abril desde las 19 horas en la Facultad de Arte (UNICEN), con modalidad presencial.<\/p>\n<p>&nbsp;<\/p>\n<p>En el caso de Olavarr\u00eda dicha clase se replicar\u00e1 en formato presencial e h\u00edbrido el <strong>viernes 21 de abril desde las 18 horas en el Aula H\u00edbrida 5 de la Facultad de Ciencias Sociales.<\/strong> En ambas clases se abordar\u00e1 el mismo contenido por lo que quienes se inscriban podr\u00e1n optar por asistir a algunas de las sedes o de manera h\u00edbrida en el encuentro del viernes 21 en FACSO. Las clases siguientes ser\u00e1n virtuales, los d\u00edas <strong>28 de abril y 5 de mayo, desde las 18 horas.<\/strong><\/p>\n<p>&nbsp;<\/p>\n<p>La propuesta es coordinada por el Programa de Educaci\u00f3n en Contextos de Encierro (PECE) y el N\u00facleo Estudios sobre Sociedad, Derechos y C\u00e1rceles (ESADyC) de la Facultad de Ciencias Sociales (UNICEN), la Facultad de Derecho (UNICEN), el Programa Integral &#8220;Acceso a derechos en c\u00e1rceles&#8221;, el Programa Universidad en la C\u00e1rcel de la Secretar\u00eda de Extensi\u00f3n de Rectorado (UNICEN), el Sindicato de Prensa de Tandil y Azul y la Asociaci\u00f3n de Magistrados y Funcionarios Judiciales de Tandil.<\/p>\n<p>&nbsp;<\/p>\n<p>&nbsp;<\/p>\n","protected":false},"excerpt":{"rendered":"<p>La propuesta comienza el 21 de abril y est\u00e1 destinada a profesionales de la comunicaci\u00f3n y la abogac\u00eda, periodistas, docentes<\/p>\n","protected":false},"author":6,"featured_media":81365,"comment_status":"closed","ping_status":"closed","sticky":false,"template":"","format":"standard","meta":{"_jetpack_memberships_contains_paid_content":false,"footnotes":""},"categories":[5,1],"tags":[],"class_list":["post-81364","post","type-post","status-publish","format-standard","has-post-thumbnail","hentry","category-informacion-general","category-portada"],"jetpack_featured_media_url":"https:\/\/i0.wp.com\/cdnoticias.com\/wp-content\/uploads\/2023\/04\/Claudia-Cesaroni.jpg?fit=1917%2C1280&ssl=1","jetpack_sharing_enabled":true,"_links":{"self":[{"href":"https:\/\/cdnoticias.com\/index.php\/wp-json\/wp\/v2\/posts\/81364","targetHints":{"allow":["GET"]}}],"collection":[{"href":"https:\/\/cdnoticias.com\/index.php\/wp-json\/wp\/v2\/posts"}],"about":[{"href":"https:\/\/cdnoticias.com\/index.php\/wp-json\/wp\/v2\/types\/post"}],"author":[{"embeddable":true,"href":"https:\/\/cdnoticias.com\/index.php\/wp-json\/wp\/v2\/users\/6"}],"replies":[{"embeddable":true,"href":"https:\/\/cdnoticias.com\/index.php\/wp-json\/wp\/v2\/comments?post=81364"}],"version-history":[{"count":0,"href":"https:\/\/cdnoticias.com\/index.php\/wp-json\/wp\/v2\/posts\/81364\/revisions"}],"wp:featuredmedia":[{"embeddable":true,"href":"https:\/\/cdnoticias.com\/index.php\/wp-json\/wp\/v2\/media\/81365"}],"wp:attachment":[{"href":"https:\/\/cdnoticias.com\/index.php\/wp-json\/wp\/v2\/media?parent=81364"}],"wp:term":[{"taxonomy":"category","embeddable":true,"href":"https:\/\/cdnoticias.com\/index.php\/wp-json\/wp\/v2\/categories?post=81364"},{"taxonomy":"post_tag","embeddable":true,"href":"https:\/\/cdnoticias.com\/index.php\/wp-json\/wp\/v2\/tags?post=81364"}],"curies":[{"name":"wp","href":"https:\/\/api.w.org\/{rel}","templated":true}]}}