{"id":81354,"date":"2023-04-03T12:00:10","date_gmt":"2023-04-03T15:00:10","guid":{"rendered":"https:\/\/www.centraldenoticias.com.ar\/?p=81354"},"modified":"2023-04-03T15:22:31","modified_gmt":"2023-04-03T18:22:31","slug":"intento-de-femicidio-se-dicto-la-detencion-para-el-acusado","status":"publish","type":"post","link":"https:\/\/cdnoticias.com\/index.php\/2023\/04\/03\/intento-de-femicidio-se-dicto-la-detencion-para-el-acusado\/","title":{"rendered":"Intento de femicidio: se dict\u00f3 la detenci\u00f3n para el acusado"},"content":{"rendered":"<p>Se trata de Fabi\u00e1n S\u00e1nchez, pareja de Ail\u00e9n Acevedo, quien estaba aprehendido desde el viernes. La Justicia de Garant\u00edas aval\u00f3 el pedido de la fiscal Paula Serrano.<\/p>\n<p><!--more--><\/p>\n<hr \/>\n<p>Este lunes<strong> se conoci\u00f3 que la Justicia de Garant\u00edas dict\u00f3 la detenci\u00f3n para el acusado por el intento de femicidio que dej\u00f3 a la joven Ailen Acevedo (20) internada en Terapia Intensiva<\/strong> en el Hospital Municipal en la ma\u00f1ana del viernes.<\/p>\n<p>&nbsp;<\/p>\n<p><strong>Central de Noticias<\/strong> pudo confirmar que de esta manera <strong>Fabi\u00e1n S\u00e1nchez qued\u00f3 detenido.<\/strong><\/p>\n<p>&nbsp;<\/p>\n<p><a href=\"https:\/\/cdnoticias.com\/index.php\/2023\/03\/31\/aprehendieron-a-la-pareja-de-la-joven-que-ingreso-al-hospital-con-quemaduras\/\" target=\"_blank\" rel=\"noopener\">Pocas horas despu\u00e9s de iniciada la investigaci\u00f3n del caso<\/a>, el hombre qued\u00f3 aprehendido por <em>\u201chomicidio doblemente agravado por el v\u00ednculo y por haber sido perpetuado por un hombre en perjuicio de una mujer mediando violencia de g\u00e9nero en grado de tentativa y en contexto de violencia de familia y g\u00e9nero\u201d<\/em>.<\/p>\n<p>&nbsp;<\/p>\n<figure id=\"attachment_81312\" aria-describedby=\"caption-attachment-81312\" style=\"width: 900px\" class=\"wp-caption aligncenter\"><img data-recalc-dims=\"1\" loading=\"lazy\" decoding=\"async\" class=\"wp-image-81312 size-full\" src=\"https:\/\/i0.wp.com\/cdnoticias.com\/wp-content\/uploads\/2023\/04\/ailen-milagros-acevedo-00.jpg?resize=800%2C445&#038;ssl=1\" alt=\"\" width=\"800\" height=\"445\" srcset=\"https:\/\/i0.wp.com\/cdnoticias.com\/wp-content\/uploads\/2023\/04\/ailen-milagros-acevedo-00.jpg?w=900&amp;ssl=1 900w, https:\/\/i0.wp.com\/cdnoticias.com\/wp-content\/uploads\/2023\/04\/ailen-milagros-acevedo-00.jpg?resize=300%2C167&amp;ssl=1 300w, https:\/\/i0.wp.com\/cdnoticias.com\/wp-content\/uploads\/2023\/04\/ailen-milagros-acevedo-00.jpg?resize=768%2C428&amp;ssl=1 768w, https:\/\/i0.wp.com\/cdnoticias.com\/wp-content\/uploads\/2023\/04\/ailen-milagros-acevedo-00.jpg?resize=800%2C445&amp;ssl=1 800w\" sizes=\"auto, (max-width: 800px) 100vw, 800px\" \/><figcaption id=\"caption-attachment-81312\" class=\"wp-caption-text\">La joven Ail\u00e9n Acevedo sigue internada en el Hospital Municipal.<\/figcaption><\/figure>\n<p>&nbsp;<\/p>\n<p>En la ma\u00f1ana del s\u00e1bado fue citado a declarar por<strong> la fiscal Paula Serrano<\/strong>, de la UFI N\u00ba 5 especializada en delitos de violencia familiar y de g\u00e9nero, y tras la audiencia<strong> pidi\u00f3 la detenci\u00f3n<\/strong>. Esa medida fue <strong>avalada por la Justicia de Garant\u00edas con lo que S\u00e1nchez permanecer\u00e1 privado de la libertad<\/strong>.<\/p>\n<p>&nbsp;<\/p>\n<p><a href=\"https:\/\/cdnoticias.com\/index.php\/2023\/04\/01\/intento-de-femicidio-el-acusado-insistio-en-que-la-joven-se-quemo-sola\/\" target=\"_blank\" rel=\"noopener\">Tal como se inform\u00f3<\/a>, <strong>el acusado declar\u00f3 que fue Acevedo quien se roci\u00f3 sola con alcohol<\/strong>, y neg\u00f3 los cargos que le imputaron.<\/p>\n<p>&nbsp;<\/p>\n<figure id=\"attachment_81360\" aria-describedby=\"caption-attachment-81360\" style=\"width: 1000px\" class=\"wp-caption aligncenter\"><img data-recalc-dims=\"1\" loading=\"lazy\" decoding=\"async\" class=\"wp-image-81360 size-full\" src=\"https:\/\/i0.wp.com\/cdnoticias.com\/wp-content\/uploads\/2023\/04\/detenido-sanchez-caso-ailen-acevedo-1-1.jpg?resize=800%2C445&#038;ssl=1\" alt=\"\" width=\"800\" height=\"445\" srcset=\"https:\/\/i0.wp.com\/cdnoticias.com\/wp-content\/uploads\/2023\/04\/detenido-sanchez-caso-ailen-acevedo-1-1.jpg?w=1000&amp;ssl=1 1000w, https:\/\/i0.wp.com\/cdnoticias.com\/wp-content\/uploads\/2023\/04\/detenido-sanchez-caso-ailen-acevedo-1-1.jpg?resize=300%2C167&amp;ssl=1 300w, https:\/\/i0.wp.com\/cdnoticias.com\/wp-content\/uploads\/2023\/04\/detenido-sanchez-caso-ailen-acevedo-1-1.jpg?resize=768%2C427&amp;ssl=1 768w, https:\/\/i0.wp.com\/cdnoticias.com\/wp-content\/uploads\/2023\/04\/detenido-sanchez-caso-ailen-acevedo-1-1.jpg?resize=800%2C445&amp;ssl=1 800w\" sizes=\"auto, (max-width: 800px) 100vw, 800px\" \/><figcaption id=\"caption-attachment-81360\" class=\"wp-caption-text\">Fabi\u00e1n S\u00e1nchez, pareja de Ail\u00e9n Acevedo, fue aprehendido el viernes y hoy se dict\u00f3 la detenci\u00f3n por el intento de femicidio.<\/figcaption><\/figure>\n<p>&nbsp;<\/p>\n<p>El hecho ocurri\u00f3 el viernes por la ma\u00f1ana<strong> en la calle 8 al 1600<\/strong>. La joven ingres\u00f3 con graves quemaduras al Hospital Municipal.<\/p>\n<p>&nbsp;<\/p>\n<p><strong>Magdalena Acevedo, hermana de la v\u00edctima<\/strong>, <a href=\"https:\/\/cdnoticias.com\/index.php\/2023\/04\/02\/violencia-de-genero-la-justicia-no-hizo-nada-con-las-denuncias-que-ailen-tenia\/\" target=\"_blank\" rel=\"noopener\">habl\u00f3 este domingo con <strong>Central de Noticias<\/strong><\/a> e inform\u00f3 que<strong> Ail\u00e9n hab\u00eda presentado denuncias por violencia de g\u00e9nero<\/strong> antes de los hechos que se dieron el viernes. <em>\u201cElla ha hecho muchas denuncias. Muchos hechos de golpes, varias cosas horribles tambi\u00e9n le ha hecho, la ten\u00eda con miedo y sometida. Ten\u00eda restricci\u00f3n (de acercamiento). Y la Justicia no hizo nada con las denuncias que Ail\u00e9n ten\u00eda. Si hubiesen hecho algo, ella no estar\u00eda en el estado que est\u00e1 ahora\u201d<\/em> asegur\u00f3.<\/p>\n<p>&nbsp;<\/p>\n<blockquote class=\"wp-embedded-content\" data-secret=\"NqxbKHOZxK\"><p><a href=\"https:\/\/cdnoticias.com\/index.php\/2023\/04\/02\/violencia-de-genero-la-justicia-no-hizo-nada-con-las-denuncias-que-ailen-tenia\/\">Violencia de g\u00e9nero: \u201cLa justicia no hizo nada con las denuncias que Ail\u00e9n ten\u00eda\u201d<\/a><\/p><\/blockquote>\n<p><iframe loading=\"lazy\" class=\"wp-embedded-content\" sandbox=\"allow-scripts\" security=\"restricted\" style=\"position: absolute; clip: rect(1px, 1px, 1px, 1px);\" title=\"&#8220;Violencia de g\u00e9nero: \u201cLa justicia no hizo nada con las denuncias que Ail\u00e9n ten\u00eda\u201d&#8221; &#8212; Central de Noticias | Olavarr\u00eda\" src=\"https:\/\/cdnoticias.com\/index.php\/2023\/04\/02\/violencia-de-genero-la-justicia-no-hizo-nada-con-las-denuncias-que-ailen-tenia\/embed\/#?secret=ygiixHnHrm#?secret=NqxbKHOZxK\" data-secret=\"NqxbKHOZxK\" width=\"600\" height=\"338\" frameborder=\"0\" marginwidth=\"0\" marginheight=\"0\" scrolling=\"no\"><\/iframe><\/p>\n<p>&nbsp;<\/p>\n","protected":false},"excerpt":{"rendered":"<p>Se trata de Fabi\u00e1n S\u00e1nchez, pareja de Ail\u00e9n Acevedo, quien estaba aprehendido desde el viernes. La Justicia de Garant\u00edas aval\u00f3<\/p>\n","protected":false},"author":4,"featured_media":81359,"comment_status":"closed","ping_status":"closed","sticky":false,"template":"","format":"standard","meta":{"_jetpack_memberships_contains_paid_content":false,"footnotes":""},"categories":[14,1],"tags":[],"class_list":["post-81354","post","type-post","status-publish","format-standard","has-post-thumbnail","hentry","category-policiales","category-portada"],"jetpack_featured_media_url":"https:\/\/i0.wp.com\/cdnoticias.com\/wp-content\/uploads\/2023\/04\/detenido-sanchez-caso-ailen-acevedo-1.jpg?fit=872%2C485&ssl=1","jetpack_sharing_enabled":true,"_links":{"self":[{"href":"https:\/\/cdnoticias.com\/index.php\/wp-json\/wp\/v2\/posts\/81354","targetHints":{"allow":["GET"]}}],"collection":[{"href":"https:\/\/cdnoticias.com\/index.php\/wp-json\/wp\/v2\/posts"}],"about":[{"href":"https:\/\/cdnoticias.com\/index.php\/wp-json\/wp\/v2\/types\/post"}],"author":[{"embeddable":true,"href":"https:\/\/cdnoticias.com\/index.php\/wp-json\/wp\/v2\/users\/4"}],"replies":[{"embeddable":true,"href":"https:\/\/cdnoticias.com\/index.php\/wp-json\/wp\/v2\/comments?post=81354"}],"version-history":[{"count":0,"href":"https:\/\/cdnoticias.com\/index.php\/wp-json\/wp\/v2\/posts\/81354\/revisions"}],"wp:featuredmedia":[{"embeddable":true,"href":"https:\/\/cdnoticias.com\/index.php\/wp-json\/wp\/v2\/media\/81359"}],"wp:attachment":[{"href":"https:\/\/cdnoticias.com\/index.php\/wp-json\/wp\/v2\/media?parent=81354"}],"wp:term":[{"taxonomy":"category","embeddable":true,"href":"https:\/\/cdnoticias.com\/index.php\/wp-json\/wp\/v2\/categories?post=81354"},{"taxonomy":"post_tag","embeddable":true,"href":"https:\/\/cdnoticias.com\/index.php\/wp-json\/wp\/v2\/tags?post=81354"}],"curies":[{"name":"wp","href":"https:\/\/api.w.org\/{rel}","templated":true}]}}