{"id":81327,"date":"2023-04-03T08:55:35","date_gmt":"2023-04-03T11:55:35","guid":{"rendered":"https:\/\/www.centraldenoticias.com.ar\/?p=81327"},"modified":"2023-04-03T08:55:35","modified_gmt":"2023-04-03T11:55:35","slug":"el-ips-reconocera-a-los-ex-combatientes-de-malvinas-en-olavarria","status":"publish","type":"post","link":"https:\/\/cdnoticias.com\/index.php\/2023\/04\/03\/el-ips-reconocera-a-los-ex-combatientes-de-malvinas-en-olavarria\/","title":{"rendered":"El IPS reconocer\u00e1 a los ex combatientes de Malvinas en Olavarr\u00eda"},"content":{"rendered":"<p>El acto se har\u00e1 este martes en la Plaza Mart\u00edn Fierro. Se enmarca en el &#8220;D\u00eda del Veterano y los Ca\u00eddos en la guerra de Malvinas.<\/p>\n<p><!--more--><\/p>\n<hr \/>\n<p>En el marco de un <strong>nuevo &#8220;D\u00eda del Veterano y los Ca\u00eddos en la guerra de Malvinas&#8221;, el Instituto de Previsi\u00f3n Social de la provincia de Buenos Aires (IPS) realizar\u00e1 un homenaje a los ex combatientes<\/strong> de Malvinas en Olavarr\u00eda.<\/p>\n<p>&nbsp;<\/p>\n<p>El acto tendr\u00e1 lugar el <strong>martes 4 de abril a las 14 horas en la Plaza Mart\u00edn Fierro<\/strong>, ubicada en Berutti y Rend\u00f3n. Durante la jornada, el IPS realizar\u00e1 un <strong>reconocimiento con entrega de cuadros<\/strong> a ex combatiente de Malvinas.<\/p>\n<p>&nbsp;<\/p>\n<p>Adem\u00e1s, se pondr\u00e1 en valor la creaci\u00f3n de una <strong>Coordinaci\u00f3n de Veteranos\/as de Guerra de Malvinas dentro del IPS<\/strong> y la<strong> Ley de pensi\u00f3n distinguida 14.486<\/strong> para todos los soldados concriptos y civiles que participaron del conflicto b\u00e9lico y no son beneficiarios de la Ley 12.006.<\/p>\n<p>&nbsp;<\/p>\n<blockquote><p>Esta ley otorga a los ex combatientes el t\u00edtulo de ciudadanos ilustres de la provincia de Buenos Aires y reconoce el derecho de acceso a una pensi\u00f3n social distinguida con car\u00e1cter mensual y vitalicia, compatible con el desarrollo de cualquier actividad remunerada, jubilaci\u00f3n o pensi\u00f3n.<\/p><\/blockquote>\n<p>&nbsp;<\/p>\n<p>Durante la gesti\u00f3n actual, el IPS comenz\u00f3 a implementar este reconocimiento para los veteranos de Malvinas de toda la provincia, en el marco del programa de malvinizaci\u00f3n asumido por el gobierno provincial.<\/p>\n<p>&nbsp;<\/p>\n","protected":false},"excerpt":{"rendered":"<p>El acto se har\u00e1 este martes en la Plaza Mart\u00edn Fierro. Se enmarca en el &#8220;D\u00eda del Veterano y los<\/p>\n","protected":false},"author":4,"featured_media":81328,"comment_status":"closed","ping_status":"closed","sticky":false,"template":"","format":"standard","meta":{"_jetpack_memberships_contains_paid_content":false,"footnotes":""},"categories":[5,1],"tags":[],"class_list":["post-81327","post","type-post","status-publish","format-standard","has-post-thumbnail","hentry","category-informacion-general","category-portada"],"jetpack_featured_media_url":"https:\/\/i0.wp.com\/cdnoticias.com\/wp-content\/uploads\/2023\/04\/IPS-malvinas.jpg?fit=800%2C445&ssl=1","jetpack_sharing_enabled":true,"_links":{"self":[{"href":"https:\/\/cdnoticias.com\/index.php\/wp-json\/wp\/v2\/posts\/81327","targetHints":{"allow":["GET"]}}],"collection":[{"href":"https:\/\/cdnoticias.com\/index.php\/wp-json\/wp\/v2\/posts"}],"about":[{"href":"https:\/\/cdnoticias.com\/index.php\/wp-json\/wp\/v2\/types\/post"}],"author":[{"embeddable":true,"href":"https:\/\/cdnoticias.com\/index.php\/wp-json\/wp\/v2\/users\/4"}],"replies":[{"embeddable":true,"href":"https:\/\/cdnoticias.com\/index.php\/wp-json\/wp\/v2\/comments?post=81327"}],"version-history":[{"count":0,"href":"https:\/\/cdnoticias.com\/index.php\/wp-json\/wp\/v2\/posts\/81327\/revisions"}],"wp:featuredmedia":[{"embeddable":true,"href":"https:\/\/cdnoticias.com\/index.php\/wp-json\/wp\/v2\/media\/81328"}],"wp:attachment":[{"href":"https:\/\/cdnoticias.com\/index.php\/wp-json\/wp\/v2\/media?parent=81327"}],"wp:term":[{"taxonomy":"category","embeddable":true,"href":"https:\/\/cdnoticias.com\/index.php\/wp-json\/wp\/v2\/categories?post=81327"},{"taxonomy":"post_tag","embeddable":true,"href":"https:\/\/cdnoticias.com\/index.php\/wp-json\/wp\/v2\/tags?post=81327"}],"curies":[{"name":"wp","href":"https:\/\/api.w.org\/{rel}","templated":true}]}}