{"id":81308,"date":"2023-04-02T20:25:08","date_gmt":"2023-04-02T23:25:08","guid":{"rendered":"https:\/\/www.centraldenoticias.com.ar\/?p=81308"},"modified":"2023-04-03T08:05:20","modified_gmt":"2023-04-03T11:05:20","slug":"violencia-de-genero-la-justicia-no-hizo-nada-con-las-denuncias-que-ailen-tenia","status":"publish","type":"post","link":"https:\/\/cdnoticias.com\/index.php\/2023\/04\/02\/violencia-de-genero-la-justicia-no-hizo-nada-con-las-denuncias-que-ailen-tenia\/","title":{"rendered":"Violencia de g\u00e9nero: \u201cLa justicia no hizo nada con las denuncias que Ail\u00e9n ten\u00eda\u201d"},"content":{"rendered":"<p>La hermana de la joven quemada en un intento de femicidio, Magdalena, habl\u00f3 con Central de Noticias. Su mam\u00e1 pidi\u00f3 \u201coraci\u00f3n por mi hija\u201d. La familia necesita ayuda econ\u00f3mica.<\/p>\n<p><!--more--><\/p>\n<hr \/>\n<p><a href=\"https:\/\/cdnoticias.com\/index.php\/2023\/04\/02\/manifestacion-en-el-paseo-mendia-los-niveles-de-violencia-que-se-viven-a-diario-son-abrumadores\/\" target=\"_blank\" rel=\"noopener\">En la manifestaci\u00f3n que se llev\u00f3 adelante este domingo<\/a> estuvieron<strong> familiares de Ail\u00e9n Acevedo (20) quien fue v\u00edctima de un \u201cintento de femicidio agravado\u201d<\/strong> por el que <a href=\"https:\/\/cdnoticias.com\/index.php\/2023\/04\/01\/intento-de-femicidio-el-acusado-insistio-en-que-la-joven-se-quemo-sola\/\" target=\"_blank\" rel=\"noopener\">est\u00e1 aprehendida su pareja, para quien se pidi\u00f3 la detenci\u00f3n.<\/a><\/p>\n<p>&nbsp;<\/p>\n<p><strong>Central de Noticias<\/strong> habl\u00f3 con<strong> Magdalena Acevedo (24), hermana de la joven que permanece internada en el Hospital Municipal<\/strong>. <em>\u201cAhora est\u00e1 en el mismo estado, pero se est\u00e1 recuperando. Esperamos d\u00eda a d\u00eda\u201d<\/em> coment\u00f3 sobre el estado de salud de su hermana.<\/p>\n<p>&nbsp;<\/p>\n<p><img data-recalc-dims=\"1\" loading=\"lazy\" decoding=\"async\" class=\"size-full wp-image-81310 aligncenter\" src=\"https:\/\/i0.wp.com\/cdnoticias.com\/wp-content\/uploads\/2023\/04\/manifestacion-violencia-04-mama-de-ailen-a.jpg?resize=800%2C446&#038;ssl=1\" alt=\"\" width=\"800\" height=\"446\" srcset=\"https:\/\/i0.wp.com\/cdnoticias.com\/wp-content\/uploads\/2023\/04\/manifestacion-violencia-04-mama-de-ailen-a.jpg?w=1000&amp;ssl=1 1000w, https:\/\/i0.wp.com\/cdnoticias.com\/wp-content\/uploads\/2023\/04\/manifestacion-violencia-04-mama-de-ailen-a.jpg?resize=300%2C167&amp;ssl=1 300w, https:\/\/i0.wp.com\/cdnoticias.com\/wp-content\/uploads\/2023\/04\/manifestacion-violencia-04-mama-de-ailen-a.jpg?resize=768%2C428&amp;ssl=1 768w, https:\/\/i0.wp.com\/cdnoticias.com\/wp-content\/uploads\/2023\/04\/manifestacion-violencia-04-mama-de-ailen-a.jpg?resize=800%2C445&amp;ssl=1 800w\" sizes=\"auto, (max-width: 800px) 100vw, 800px\" \/><\/p>\n<p>&nbsp;<\/p>\n<blockquote><p>Durante el acto tambi\u00e9n se expres\u00f3 la mam\u00e1 de Ailen. Visiblemente afectada la mujer se limit\u00f3 que pedir \u201coraci\u00f3n por mi hija, que vuelva a la vida. Nada m\u00e1s\u201d dijo entre los aplausos de las presentes en la manifestaci\u00f3n.<\/p><\/blockquote>\n<p>&nbsp;<\/p>\n<p>All\u00ed tambi\u00e9n habl\u00f3 <strong>Magdalena, quien hizo hincapi\u00e9 en que su hermana era v\u00edctima de violencia de g\u00e9nero desde hac\u00eda tiempo<\/strong>. \u201cTodas las situaciones que padeci\u00f3 mi hermana, golpeada, siempre fue \u00e9l. Y \u00e9l siempre queriendo decir que fue un accidente o que fue ella misma. \u00c9l la prendi\u00f3 fuego, \u00e9l lastim\u00f3 a mi hermana\u201d grit\u00f3.<\/p>\n<p>&nbsp;<\/p>\n<p><img data-recalc-dims=\"1\" loading=\"lazy\" decoding=\"async\" class=\"size-full wp-image-81297 aligncenter\" src=\"https:\/\/i0.wp.com\/cdnoticias.com\/wp-content\/uploads\/2023\/04\/manifestacion-violencia-04-mama-de-ailen.jpg?resize=800%2C445&#038;ssl=1\" alt=\"\" width=\"800\" height=\"445\" srcset=\"https:\/\/i0.wp.com\/cdnoticias.com\/wp-content\/uploads\/2023\/04\/manifestacion-violencia-04-mama-de-ailen.jpg?w=1000&amp;ssl=1 1000w, https:\/\/i0.wp.com\/cdnoticias.com\/wp-content\/uploads\/2023\/04\/manifestacion-violencia-04-mama-de-ailen.jpg?resize=300%2C167&amp;ssl=1 300w, https:\/\/i0.wp.com\/cdnoticias.com\/wp-content\/uploads\/2023\/04\/manifestacion-violencia-04-mama-de-ailen.jpg?resize=768%2C427&amp;ssl=1 768w, https:\/\/i0.wp.com\/cdnoticias.com\/wp-content\/uploads\/2023\/04\/manifestacion-violencia-04-mama-de-ailen.jpg?resize=800%2C445&amp;ssl=1 800w\" sizes=\"auto, (max-width: 800px) 100vw, 800px\" \/><\/p>\n<p>&nbsp;<\/p>\n<p>En la charla con este medio, indic\u00f3 qu<strong>e \u201cno sabemos nada de la causa.<\/strong> Solo sabemos que \u00e9l est\u00e1 preso y que declar\u00f3 el s\u00e1bado por la ma\u00f1ana\u201d.<\/p>\n<p>&nbsp;<\/p>\n<blockquote><p>Consultada por el trato que recib\u00eda del acusado, Magdalena remarc\u00f3 que \u201cella ha hecho muchas denuncias. Muchos hechos de golpes, varias cosas horribles tambi\u00e9n le ha hecho, la ten\u00eda con miedo y sometida. Ten\u00eda restricci\u00f3n (de acercamiento). Y la Justicia no hizo nada con las denuncias que Ail\u00e9n ten\u00eda. Si hubiesen hecho algo, ella no estar\u00eda en el estado que est\u00e1 ahora\u201d.<\/p><\/blockquote>\n<p>&nbsp;<\/p>\n<p><img data-recalc-dims=\"1\" loading=\"lazy\" decoding=\"async\" class=\"size-full wp-image-81302 aligncenter\" src=\"https:\/\/i0.wp.com\/cdnoticias.com\/wp-content\/uploads\/2023\/04\/manifestacion-violencia-09.jpg?resize=800%2C445&#038;ssl=1\" alt=\"\" width=\"800\" height=\"445\" srcset=\"https:\/\/i0.wp.com\/cdnoticias.com\/wp-content\/uploads\/2023\/04\/manifestacion-violencia-09.jpg?w=1000&amp;ssl=1 1000w, https:\/\/i0.wp.com\/cdnoticias.com\/wp-content\/uploads\/2023\/04\/manifestacion-violencia-09.jpg?resize=300%2C167&amp;ssl=1 300w, https:\/\/i0.wp.com\/cdnoticias.com\/wp-content\/uploads\/2023\/04\/manifestacion-violencia-09.jpg?resize=768%2C427&amp;ssl=1 768w, https:\/\/i0.wp.com\/cdnoticias.com\/wp-content\/uploads\/2023\/04\/manifestacion-violencia-09.jpg?resize=800%2C445&amp;ssl=1 800w\" sizes=\"auto, (max-width: 800px) 100vw, 800px\" \/><\/p>\n<p>&nbsp;<\/p>\n<p>La hermana de la v\u00edctima destac\u00f3 que con la manifestaci\u00f3n en el Paseo Mend\u00eda buscaron<strong> \u201cpedir justicia y que la Justicia haga algo cuando haya una sola denuncia o dos. Que no dejen pasar.<\/strong> Porque si la Justicia hubiese hecho algo ella no estar\u00eda as\u00ed. Hubiese estado bien si la Justicia hiciera correctamente su trabajo\u201d.<\/p>\n<p>&nbsp;<\/p>\n<p>Cabe recordar que<strong> los hechos se dieron en la ma\u00f1ana del viernes<\/strong> en<a href=\"https:\/\/cdnoticias.com\/index.php\/2023\/03\/31\/se-inicio-la-investigacion-en-la-busqueda-de-elementos-por-el-caso-de-la-joven-quemada\/\" target=\"_blank\" rel=\"noopener\"> una vivienda de calle 8 al 1600 donde la Ail\u00e9n conviv\u00eda con el acusado<\/a>.\u00a0\u201cNosotros nos enteramos porque alguien lleg\u00f3 a la casa de ella y nos dijo\u201d, explic\u00f3 sobre c\u00f3mo se informaron sobre que Ailen hab\u00eda resultado quemada. <strong>No hubo testigos presenciales del momento, aunque una conocida \u201cescuch\u00f3 las \u00faltimas palabras de ella antes de desvanecerse y le dijo que \u00e9l la hab\u00eda prendido fuego\u201d.<\/strong><\/p>\n<p>&nbsp;<\/p>\n<p><img data-recalc-dims=\"1\" loading=\"lazy\" decoding=\"async\" class=\"size-full wp-image-81295 aligncenter\" src=\"https:\/\/i0.wp.com\/cdnoticias.com\/wp-content\/uploads\/2023\/04\/manifestacion-violencia-02-magdalena-acevedo-hermana-de-ailen.jpg?resize=800%2C445&#038;ssl=1\" alt=\"\" width=\"800\" height=\"445\" srcset=\"https:\/\/i0.wp.com\/cdnoticias.com\/wp-content\/uploads\/2023\/04\/manifestacion-violencia-02-magdalena-acevedo-hermana-de-ailen.jpg?w=1000&amp;ssl=1 1000w, https:\/\/i0.wp.com\/cdnoticias.com\/wp-content\/uploads\/2023\/04\/manifestacion-violencia-02-magdalena-acevedo-hermana-de-ailen.jpg?resize=300%2C167&amp;ssl=1 300w, https:\/\/i0.wp.com\/cdnoticias.com\/wp-content\/uploads\/2023\/04\/manifestacion-violencia-02-magdalena-acevedo-hermana-de-ailen.jpg?resize=768%2C427&amp;ssl=1 768w, https:\/\/i0.wp.com\/cdnoticias.com\/wp-content\/uploads\/2023\/04\/manifestacion-violencia-02-magdalena-acevedo-hermana-de-ailen.jpg?resize=800%2C445&amp;ssl=1 800w\" sizes=\"auto, (max-width: 800px) 100vw, 800px\" \/><\/p>\n<p>&nbsp;<\/p>\n<p><strong>Ayuda para la familia<\/strong><\/p>\n<p>&nbsp;<\/p>\n<p>Ante la consulta, <strong>Magdalena respondi\u00f3 que la familia cuenta con el acompa\u00f1amiento \u201cde todas las vecinas, de Pol\u00edticas de G\u00e9nero<\/strong>, mucha gente nos acompa\u00f1a ahora en estos momentos\u201d.<\/p>\n<p>&nbsp;<\/p>\n<p>En tanto, desde Casa Popular de la Mujer y allegadas a la familia informaron qu<strong>e la mam\u00e1 de Ail\u00e9n y m\u00e1s hermanos viajaron desde Bah\u00eda Blanca a Olavarr\u00eda<\/strong> para acompa\u00f1arla durante su internaci\u00f3n y que <strong>necesitan recursos econ\u00f3micos para solventar su estad\u00eda.<\/strong><\/p>\n<p>&nbsp;<\/p>\n<blockquote><p>En ese sentido, difundieron los datos de una cuenta a donde hacer dep\u00f3sitos a nombre de Mar\u00eda Soledad Morales cuyo alias es SOLE.GABI.LEY123<\/p><\/blockquote>\n<p>&nbsp;<\/p>\n<p><img data-recalc-dims=\"1\" loading=\"lazy\" decoding=\"async\" class=\"size-full wp-image-81309 aligncenter\" src=\"https:\/\/i0.wp.com\/cdnoticias.com\/wp-content\/uploads\/2023\/04\/familia-de-ailen-acevedo.jpg?resize=800%2C445&#038;ssl=1\" alt=\"\" width=\"800\" height=\"445\" srcset=\"https:\/\/i0.wp.com\/cdnoticias.com\/wp-content\/uploads\/2023\/04\/familia-de-ailen-acevedo.jpg?w=800&amp;ssl=1 800w, https:\/\/i0.wp.com\/cdnoticias.com\/wp-content\/uploads\/2023\/04\/familia-de-ailen-acevedo.jpg?resize=300%2C167&amp;ssl=1 300w, https:\/\/i0.wp.com\/cdnoticias.com\/wp-content\/uploads\/2023\/04\/familia-de-ailen-acevedo.jpg?resize=768%2C427&amp;ssl=1 768w\" sizes=\"auto, (max-width: 800px) 100vw, 800px\" \/><\/p>\n<p>&nbsp;<\/p>\n","protected":false},"excerpt":{"rendered":"<p>La hermana de la joven quemada en un intento de femicidio, Magdalena, habl\u00f3 con Central de Noticias. Su mam\u00e1 pidi\u00f3<\/p>\n","protected":false},"author":4,"featured_media":81296,"comment_status":"closed","ping_status":"closed","sticky":false,"template":"","format":"standard","meta":{"_jetpack_memberships_contains_paid_content":false,"footnotes":""},"categories":[3,1],"tags":[],"class_list":["post-81308","post","type-post","status-publish","format-standard","has-post-thumbnail","hentry","category-genero","category-portada"],"jetpack_featured_media_url":"https:\/\/i0.wp.com\/cdnoticias.com\/wp-content\/uploads\/2023\/04\/manifestacion-violencia-03-magdalena-acevedo.jpg?fit=800%2C445&ssl=1","jetpack_sharing_enabled":true,"_links":{"self":[{"href":"https:\/\/cdnoticias.com\/index.php\/wp-json\/wp\/v2\/posts\/81308","targetHints":{"allow":["GET"]}}],"collection":[{"href":"https:\/\/cdnoticias.com\/index.php\/wp-json\/wp\/v2\/posts"}],"about":[{"href":"https:\/\/cdnoticias.com\/index.php\/wp-json\/wp\/v2\/types\/post"}],"author":[{"embeddable":true,"href":"https:\/\/cdnoticias.com\/index.php\/wp-json\/wp\/v2\/users\/4"}],"replies":[{"embeddable":true,"href":"https:\/\/cdnoticias.com\/index.php\/wp-json\/wp\/v2\/comments?post=81308"}],"version-history":[{"count":0,"href":"https:\/\/cdnoticias.com\/index.php\/wp-json\/wp\/v2\/posts\/81308\/revisions"}],"wp:featuredmedia":[{"embeddable":true,"href":"https:\/\/cdnoticias.com\/index.php\/wp-json\/wp\/v2\/media\/81296"}],"wp:attachment":[{"href":"https:\/\/cdnoticias.com\/index.php\/wp-json\/wp\/v2\/media?parent=81308"}],"wp:term":[{"taxonomy":"category","embeddable":true,"href":"https:\/\/cdnoticias.com\/index.php\/wp-json\/wp\/v2\/categories?post=81308"},{"taxonomy":"post_tag","embeddable":true,"href":"https:\/\/cdnoticias.com\/index.php\/wp-json\/wp\/v2\/tags?post=81308"}],"curies":[{"name":"wp","href":"https:\/\/api.w.org\/{rel}","templated":true}]}}